{"id":107,"date":"2024-04-30T19:54:24","date_gmt":"2024-04-30T23:54:24","guid":{"rendered":"https:\/\/le.nomade.sylvainperrierfotografi.com\/?post_type=jetpack-portfolio&#038;p=107"},"modified":"2024-06-06T22:24:13","modified_gmt":"2024-06-07T02:24:13","slug":"lac-mountains-hollow-glen","status":"publish","type":"post","link":"https:\/\/le.nomade.sylvainperrierfotografi.com\/fr\/lac-mountains-hollow-glen\/","title":{"rendered":"Lac Mountains &#8211; Hollow Glen"},"content":{"rendered":"<p class=\"\">Le lac des Montagnes, surnomm\u00e9 \u00e9galement lac Mountains ou lac Beamish, se trouve au c\u0153ur du secteur Hollow Glen, au sein de la Municipalit\u00e9 de Chelsea. Ce lac, qui constitue l&#8217;\u00e9picentre d&#8217;une zone r\u00e9sidentielle pittoresque, est nourri par les eaux provenant de l&#8217;est via l&#8217;exutoire du barrage Kelly, une propri\u00e9t\u00e9 g\u00e9r\u00e9e par la Ville de Gatineau. Il est encadr\u00e9 \u00e0 l&#8217;ouest par le barrage Hollow Glen, sous la tutelle de la municipalit\u00e9 de Chelsea, et au nord-ouest par le chemin Hollow Glen, \u00e9galement propri\u00e9t\u00e9 de la municipalit\u00e9. De plus, le niveau de l&#8217;eau du lac est r\u00e9gul\u00e9 par le barrage Beamish, appartenant \u00e0 la succession de Lyle Beamish.<\/p>\n\n\n\n<p class=\"\">\u00c9rig\u00e9 en 1960, le barrage initial, une imposante digue en terre mesurant 181 m\u00e8tres de long et 9,64 m\u00e8tres de haut, \u00e9tait capable de contenir 1 468 335 m\u00e8tres cubes d&#8217;eau, couvrant ainsi une superficie de 18,15 hectares gr\u00e2ce \u00e0 une hauteur de retenue de 8,09 m\u00e8tres. \u00c0 l&#8217;\u00e9poque, il \u00e9tait class\u00e9 comme structure de grande envergure et de classe A, et en cas de rupture, les cons\u00e9quences auraient \u00e9t\u00e9 jug\u00e9es \u00ab tr\u00e8s importantes \u00bb.<\/p>\n\n\n\n<figure class=\"wp-embed-aspect-16-9 wp-has-aspect-ratio wp-block-embed is-type-video is-provider-youtube wp-block-embed-youtube\"><div class=\"wp-block-embed__wrapper\">\n<div class=\"jetpack-video-wrapper\"><iframe loading=\"lazy\" title=\"Hollow Glen   Lac Mountains\" width=\"940\" height=\"529\" src=\"https:\/\/www.youtube.com\/embed\/WBUZHZdZWfc?start=5&#038;feature=oembed\" frameborder=\"0\" allow=\"accelerometer; autoplay; clipboard-write; encrypted-media; gyroscope; picture-in-picture; web-share\" referrerpolicy=\"strict-origin-when-cross-origin\" allowfullscreen><\/iframe><\/div>\n<\/div><\/figure>\n\n\n\n<p class=\"\">Cependant, en 2012, des \u00e9valuations de s\u00e9curit\u00e9 r\u00e9alis\u00e9es par deux cabinets ind\u00e9pendants ont r\u00e9v\u00e9l\u00e9 que le barrage Hollow Glen ne satisfaisait plus aux normes minimales de s\u00e9curit\u00e9, notamment en ce qui concerne la gestion des crues et la stabilit\u00e9 structurelle. En cons\u00e9quence, la Municipalit\u00e9 s&#8217;est vue dans l&#8217;obligation d&#8217;intervenir pour se conformer aux exigences de la Loi sur la s\u00e9curit\u00e9 des barrages.<\/p>\n\n\n\n<p class=\"\">En parall\u00e8le, une vid\u00e9o captivante prise avec un drone a \u00e9t\u00e9 ajout\u00e9e au blog pour donner vie \u00e0 cette description. Sur ces images a\u00e9riennes saisissantes, on peut observer deux \u00e0 trois familles profitant pleinement d&#8217;un moment de loisir sur la glace. Entre glissades et rires, parents et enfants s&#8217;y amusent sous la neige tombante, offrant une perspective unique sur la beaut\u00e9 hivernale du lac des Montagnes. Cette vid\u00e9o, qui capture l&#8217;essence des joies simples de la vie au bord du lac, constitue un t\u00e9moignage pr\u00e9cieux de la communaut\u00e9 et du lien ind\u00e9fectible entre les habitants et leur environnement naturel.<\/p>\n\n\n\n<p class=\"has-text-align-center\"><a href=\"https:\/\/mapcarta.com\/24413832\" target=\"_blank\" rel=\"noopener\"><strong>Lac Mountains &#8211; Hollow Glen<\/strong><\/a><\/p>\n\n\n\n<hr class=\"wp-block-separator has-alpha-channel-opacity\"\/>","protected":false},"excerpt":{"rendered":"<p>Le lac des Montagnes, surnomm\u00e9 \u00e9galement lac Mountains ou lac Beamish, se trouve au c\u0153ur du secteur Hollow [&hellip;]<\/p>\n","protected":false},"author":1,"featured_media":110,"comment_status":"closed","ping_status":"closed","sticky":false,"template":"","format":"standard","meta":{"nf_dc_page":"","_jetpack_memberships_contains_paid_content":false,"footnotes":"","jetpack_publicize_message":"","jetpack_publicize_feature_enabled":true,"jetpack_social_post_already_shared":false,"jetpack_social_options":{"image_generator_settings":{"template":"highway","default_image_id":0,"font":"","enabled":false},"version":2}},"categories":[57,58],"tags":[],"class_list":["post-107","post","type-post","status-publish","format-standard","has-post-thumbnail","hentry","category-paysages-epoustouflants","category-portraits-et-scenes-de-vie"],"yoast_head":"<!-- This site is optimized with the Yoast SEO plugin v27.4 - https:\/\/yoast.com\/product\/yoast-seo-wordpress\/ -->\n<title>Lac Mountains - Hollow Glen - Le Nomade<\/title>\n<meta name=\"description\" content=\"Lac Mountains - Hollow Glen - Le lac des Montagnes, surnomm\u00e9 \u00e9galement lac Mountains ou lac Beamish, se trouve au c\u0153ur du secteur Hollow Glen\" \/>\n<meta name=\"robots\" content=\"index, follow, max-snippet:-1, max-image-preview:large, max-video-preview:-1\" \/>\n<link rel=\"canonical\" href=\"https:\/\/le.nomade.sylvainperrierfotografi.com\/fr\/lac-mountains-hollow-glen\/\" \/>\n<meta property=\"og:locale\" content=\"fr_FR\" \/>\n<meta property=\"og:type\" content=\"article\" \/>\n<meta property=\"og:title\" content=\"Lac Mountains - Hollow Glen\" \/>\n<meta property=\"og:description\" content=\"Lac Mountains - Hollow Glen - Le lac des Montagnes, surnomm\u00e9 \u00e9galement lac Mountains ou lac Beamish, se trouve au c\u0153ur du secteur Hollow Glen\" \/>\n<meta property=\"og:url\" content=\"https:\/\/le.nomade.sylvainperrierfotografi.com\/fr\/lac-mountains-hollow-glen\/\" \/>\n<meta property=\"og:site_name\" content=\"Le Nomade\" \/>\n<meta property=\"article:publisher\" content=\"https:\/\/www.facebook.com\/SylvainPerrierFotografie\" \/>\n<meta property=\"article:author\" content=\"https:\/\/www.facebook.com\/SylvainPerrierFotografie\" \/>\n<meta property=\"article:published_time\" content=\"2024-04-30T23:54:24+00:00\" \/>\n<meta property=\"article:modified_time\" content=\"2024-06-07T02:24:13+00:00\" \/>\n<meta property=\"og:image\" content=\"https:\/\/le.nomade.sylvainperrierfotografi.com\/wp-content\/uploads\/2024\/04\/Lac-Mountains-Hollow-Glen.jpg\" \/>\n\t<meta property=\"og:image:width\" content=\"2000\" \/>\n\t<meta property=\"og:image:height\" content=\"2000\" \/>\n\t<meta property=\"og:image:type\" content=\"image\/jpeg\" \/>\n<meta name=\"author\" content=\"nomade\" \/>\n<meta name=\"twitter:card\" content=\"summary_large_image\" \/>\n<meta name=\"twitter:title\" content=\"Lac Mountains - Hollow Glen\" \/>\n<meta name=\"twitter:description\" content=\"Lac Mountains - Hollow Glen - Le lac des Montagnes, surnomm\u00e9 \u00e9galement lac Mountains ou lac Beamish, se trouve au c\u0153ur du secteur Hollow Glen\" \/>\n<meta name=\"twitter:image\" content=\"https:\/\/i0.wp.com\/le.nomade.sylvainperrierfotografi.com\/wp-content\/uploads\/2024\/04\/Lac-Mountains-Hollow-Glen.jpg?fit=2000%2C2000&ssl=1\" \/>\n<meta name=\"twitter:creator\" content=\"@sylvainxperrier\" \/>\n<meta name=\"twitter:site\" content=\"@sylvainxperrier\" \/>\n<meta name=\"twitter:label1\" content=\"\u00c9crit par\" \/>\n\t<meta name=\"twitter:data1\" content=\"nomade\" \/>\n\t<meta name=\"twitter:label2\" content=\"Dur\u00e9e de lecture estim\u00e9e\" \/>\n\t<meta name=\"twitter:data2\" content=\"2 minutes\" \/>\n<script type=\"application\/ld+json\" class=\"yoast-schema-graph\">{\"@context\":\"https:\\\/\\\/schema.org\",\"@graph\":[{\"@type\":\"Article\",\"@id\":\"https:\\\/\\\/le.nomade.sylvainperrierfotografi.com\\\/lac-mountains-hollow-glen\\\/#article\",\"isPartOf\":{\"@id\":\"https:\\\/\\\/le.nomade.sylvainperrierfotografi.com\\\/lac-mountains-hollow-glen\\\/\"},\"author\":{\"name\":\"nomade\",\"@id\":\"https:\\\/\\\/le.nomade.sylvainperrierfotografi.com\\\/#\\\/schema\\\/person\\\/422f9f9af75b66cb9416a7ef7bc22a92\"},\"headline\":\"Lac Mountains &#8211; Hollow Glen\",\"datePublished\":\"2024-04-30T23:54:24+00:00\",\"dateModified\":\"2024-06-07T02:24:13+00:00\",\"mainEntityOfPage\":{\"@id\":\"https:\\\/\\\/le.nomade.sylvainperrierfotografi.com\\\/lac-mountains-hollow-glen\\\/\"},\"wordCount\":393,\"publisher\":{\"@id\":\"https:\\\/\\\/le.nomade.sylvainperrierfotografi.com\\\/#\\\/schema\\\/person\\\/422f9f9af75b66cb9416a7ef7bc22a92\"},\"image\":{\"@id\":\"https:\\\/\\\/le.nomade.sylvainperrierfotografi.com\\\/lac-mountains-hollow-glen\\\/#primaryimage\"},\"thumbnailUrl\":\"https:\\\/\\\/i0.wp.com\\\/le.nomade.sylvainperrierfotografi.com\\\/wp-content\\\/uploads\\\/2024\\\/04\\\/Lac-Mountains-Hollow-Glen.jpg?fit=2000%2C2000&ssl=1\",\"articleSection\":[\"Paysages \u00c9poustouflants\",\"Portraits et Sc\u00e8nes de Vie\"],\"inLanguage\":\"fr-FR\"},{\"@type\":\"WebPage\",\"@id\":\"https:\\\/\\\/le.nomade.sylvainperrierfotografi.com\\\/lac-mountains-hollow-glen\\\/\",\"url\":\"https:\\\/\\\/le.nomade.sylvainperrierfotografi.com\\\/lac-mountains-hollow-glen\\\/\",\"name\":\"Lac Mountains - Hollow Glen - Le Nomade\",\"isPartOf\":{\"@id\":\"https:\\\/\\\/le.nomade.sylvainperrierfotografi.com\\\/#website\"},\"primaryImageOfPage\":{\"@id\":\"https:\\\/\\\/le.nomade.sylvainperrierfotografi.com\\\/lac-mountains-hollow-glen\\\/#primaryimage\"},\"image\":{\"@id\":\"https:\\\/\\\/le.nomade.sylvainperrierfotografi.com\\\/lac-mountains-hollow-glen\\\/#primaryimage\"},\"thumbnailUrl\":\"https:\\\/\\\/i0.wp.com\\\/le.nomade.sylvainperrierfotografi.com\\\/wp-content\\\/uploads\\\/2024\\\/04\\\/Lac-Mountains-Hollow-Glen.jpg?fit=2000%2C2000&ssl=1\",\"datePublished\":\"2024-04-30T23:54:24+00:00\",\"dateModified\":\"2024-06-07T02:24:13+00:00\",\"description\":\"Lac Mountains - Hollow Glen - Le lac des Montagnes, surnomm\u00e9 \u00e9galement lac Mountains ou lac Beamish, se trouve au c\u0153ur du secteur Hollow Glen\",\"breadcrumb\":{\"@id\":\"https:\\\/\\\/le.nomade.sylvainperrierfotografi.com\\\/lac-mountains-hollow-glen\\\/#breadcrumb\"},\"inLanguage\":\"fr-FR\",\"potentialAction\":[{\"@type\":\"ReadAction\",\"target\":[\"https:\\\/\\\/le.nomade.sylvainperrierfotografi.com\\\/lac-mountains-hollow-glen\\\/\"]}]},{\"@type\":\"ImageObject\",\"inLanguage\":\"fr-FR\",\"@id\":\"https:\\\/\\\/le.nomade.sylvainperrierfotografi.com\\\/lac-mountains-hollow-glen\\\/#primaryimage\",\"url\":\"https:\\\/\\\/i0.wp.com\\\/le.nomade.sylvainperrierfotografi.com\\\/wp-content\\\/uploads\\\/2024\\\/04\\\/Lac-Mountains-Hollow-Glen.jpg?fit=2000%2C2000&ssl=1\",\"contentUrl\":\"https:\\\/\\\/i0.wp.com\\\/le.nomade.sylvainperrierfotografi.com\\\/wp-content\\\/uploads\\\/2024\\\/04\\\/Lac-Mountains-Hollow-Glen.jpg?fit=2000%2C2000&ssl=1\",\"width\":2000,\"height\":2000,\"caption\":\"Lac Mountains - Hollow Glen\"},{\"@type\":\"BreadcrumbList\",\"@id\":\"https:\\\/\\\/le.nomade.sylvainperrierfotografi.com\\\/lac-mountains-hollow-glen\\\/#breadcrumb\",\"itemListElement\":[{\"@type\":\"ListItem\",\"position\":1,\"name\":\"Accueil\",\"item\":\"https:\\\/\\\/le.nomade.sylvainperrierfotografi.com\\\/\"},{\"@type\":\"ListItem\",\"position\":2,\"name\":\"Lac Mountains &#8211; Hollow Glen\"}]},{\"@type\":\"WebSite\",\"@id\":\"https:\\\/\\\/le.nomade.sylvainperrierfotografi.com\\\/#website\",\"url\":\"https:\\\/\\\/le.nomade.sylvainperrierfotografi.com\\\/\",\"name\":\"Le Nomade Sylvain Perrier\",\"description\":\"L\u00e0 o\u00f9 les images rencontrent les mots\",\"publisher\":{\"@id\":\"https:\\\/\\\/le.nomade.sylvainperrierfotografi.com\\\/#\\\/schema\\\/person\\\/422f9f9af75b66cb9416a7ef7bc22a92\"},\"alternateName\":\"Sylvain Perrier\",\"potentialAction\":[{\"@type\":\"SearchAction\",\"target\":{\"@type\":\"EntryPoint\",\"urlTemplate\":\"https:\\\/\\\/le.nomade.sylvainperrierfotografi.com\\\/?s={search_term_string}\"},\"query-input\":{\"@type\":\"PropertyValueSpecification\",\"valueRequired\":true,\"valueName\":\"search_term_string\"}}],\"inLanguage\":\"fr-FR\"},{\"@type\":[\"Person\",\"Organization\"],\"@id\":\"https:\\\/\\\/le.nomade.sylvainperrierfotografi.com\\\/#\\\/schema\\\/person\\\/422f9f9af75b66cb9416a7ef7bc22a92\",\"name\":\"nomade\",\"image\":{\"@type\":\"ImageObject\",\"inLanguage\":\"fr-FR\",\"@id\":\"https:\\\/\\\/i0.wp.com\\\/le.nomade.sylvainperrierfotografi.com\\\/wp-content\\\/uploads\\\/2024\\\/04\\\/cropped-Sylvain-Perrier-Photographie-roadtrip.jpg?fit=1056%2C348&ssl=1\",\"url\":\"https:\\\/\\\/i0.wp.com\\\/le.nomade.sylvainperrierfotografi.com\\\/wp-content\\\/uploads\\\/2024\\\/04\\\/cropped-Sylvain-Perrier-Photographie-roadtrip.jpg?fit=1056%2C348&ssl=1\",\"contentUrl\":\"https:\\\/\\\/i0.wp.com\\\/le.nomade.sylvainperrierfotografi.com\\\/wp-content\\\/uploads\\\/2024\\\/04\\\/cropped-Sylvain-Perrier-Photographie-roadtrip.jpg?fit=1056%2C348&ssl=1\",\"width\":1056,\"height\":348,\"caption\":\"nomade\"},\"logo\":{\"@id\":\"https:\\\/\\\/i0.wp.com\\\/le.nomade.sylvainperrierfotografi.com\\\/wp-content\\\/uploads\\\/2024\\\/04\\\/cropped-Sylvain-Perrier-Photographie-roadtrip.jpg?fit=1056%2C348&ssl=1\"},\"sameAs\":[\"https:\\\/\\\/le.nomade.sylvainperrierfotografi.com\",\"https:\\\/\\\/www.facebook.com\\\/SylvainPerrierFotografie\",\"https:\\\/\\\/www.instagram.com\\\/sylvainperrierfotografi\",\"https:\\\/\\\/www.pinterest.ca\\\/sylvain_perrier\",\"https:\\\/\\\/x.com\\\/sylvainxperrier\",\"https:\\\/\\\/www.youtube.com\\\/user\\\/lencadreursylvain\",\"https:\\\/\\\/www.tumblr.com\\\/blog\\\/sylvainperrierfotografi\"]}]}<\/script>\n<!-- \/ Yoast SEO plugin. -->","yoast_head_json":{"title":"Lac Mountains - Hollow Glen - Le Nomade","description":"Lac Mountains - Hollow Glen - Le lac des Montagnes, surnomm\u00e9 \u00e9galement lac Mountains ou lac Beamish, se trouve au c\u0153ur du secteur Hollow Glen","robots":{"index":"index","follow":"follow","max-snippet":"max-snippet:-1","max-image-preview":"max-image-preview:large","max-video-preview":"max-video-preview:-1"},"canonical":"https:\/\/le.nomade.sylvainperrierfotografi.com\/fr\/lac-mountains-hollow-glen\/","og_locale":"fr_FR","og_type":"article","og_title":"Lac Mountains - Hollow Glen","og_description":"Lac Mountains - Hollow Glen - Le lac des Montagnes, surnomm\u00e9 \u00e9galement lac Mountains ou lac Beamish, se trouve au c\u0153ur du secteur Hollow Glen","og_url":"https:\/\/le.nomade.sylvainperrierfotografi.com\/fr\/lac-mountains-hollow-glen\/","og_site_name":"Le Nomade","article_publisher":"https:\/\/www.facebook.com\/SylvainPerrierFotografie","article_author":"https:\/\/www.facebook.com\/SylvainPerrierFotografie","article_published_time":"2024-04-30T23:54:24+00:00","article_modified_time":"2024-06-07T02:24:13+00:00","og_image":[{"width":2000,"height":2000,"url":"https:\/\/le.nomade.sylvainperrierfotografi.com\/wp-content\/uploads\/2024\/04\/Lac-Mountains-Hollow-Glen.jpg","type":"image\/jpeg"}],"author":"nomade","twitter_card":"summary_large_image","twitter_title":"Lac Mountains - Hollow Glen","twitter_description":"Lac Mountains - Hollow Glen - Le lac des Montagnes, surnomm\u00e9 \u00e9galement lac Mountains ou lac Beamish, se trouve au c\u0153ur du secteur Hollow Glen","twitter_image":"https:\/\/i0.wp.com\/le.nomade.sylvainperrierfotografi.com\/wp-content\/uploads\/2024\/04\/Lac-Mountains-Hollow-Glen.jpg?fit=2000%2C2000&ssl=1","twitter_creator":"@sylvainxperrier","twitter_site":"@sylvainxperrier","twitter_misc":{"\u00c9crit par":"nomade","Dur\u00e9e de lecture estim\u00e9e":"2 minutes"},"schema":{"@context":"https:\/\/schema.org","@graph":[{"@type":"Article","@id":"https:\/\/le.nomade.sylvainperrierfotografi.com\/lac-mountains-hollow-glen\/#article","isPartOf":{"@id":"https:\/\/le.nomade.sylvainperrierfotografi.com\/lac-mountains-hollow-glen\/"},"author":{"name":"nomade","@id":"https:\/\/le.nomade.sylvainperrierfotografi.com\/#\/schema\/person\/422f9f9af75b66cb9416a7ef7bc22a92"},"headline":"Lac Mountains &#8211; Hollow Glen","datePublished":"2024-04-30T23:54:24+00:00","dateModified":"2024-06-07T02:24:13+00:00","mainEntityOfPage":{"@id":"https:\/\/le.nomade.sylvainperrierfotografi.com\/lac-mountains-hollow-glen\/"},"wordCount":393,"publisher":{"@id":"https:\/\/le.nomade.sylvainperrierfotografi.com\/#\/schema\/person\/422f9f9af75b66cb9416a7ef7bc22a92"},"image":{"@id":"https:\/\/le.nomade.sylvainperrierfotografi.com\/lac-mountains-hollow-glen\/#primaryimage"},"thumbnailUrl":"https:\/\/i0.wp.com\/le.nomade.sylvainperrierfotografi.com\/wp-content\/uploads\/2024\/04\/Lac-Mountains-Hollow-Glen.jpg?fit=2000%2C2000&ssl=1","articleSection":["Paysages \u00c9poustouflants","Portraits et Sc\u00e8nes de Vie"],"inLanguage":"fr-FR"},{"@type":"WebPage","@id":"https:\/\/le.nomade.sylvainperrierfotografi.com\/lac-mountains-hollow-glen\/","url":"https:\/\/le.nomade.sylvainperrierfotografi.com\/lac-mountains-hollow-glen\/","name":"Lac Mountains - Hollow Glen - Le Nomade","isPartOf":{"@id":"https:\/\/le.nomade.sylvainperrierfotografi.com\/#website"},"primaryImageOfPage":{"@id":"https:\/\/le.nomade.sylvainperrierfotografi.com\/lac-mountains-hollow-glen\/#primaryimage"},"image":{"@id":"https:\/\/le.nomade.sylvainperrierfotografi.com\/lac-mountains-hollow-glen\/#primaryimage"},"thumbnailUrl":"https:\/\/i0.wp.com\/le.nomade.sylvainperrierfotografi.com\/wp-content\/uploads\/2024\/04\/Lac-Mountains-Hollow-Glen.jpg?fit=2000%2C2000&ssl=1","datePublished":"2024-04-30T23:54:24+00:00","dateModified":"2024-06-07T02:24:13+00:00","description":"Lac Mountains - Hollow Glen - Le lac des Montagnes, surnomm\u00e9 \u00e9galement lac Mountains ou lac Beamish, se trouve au c\u0153ur du secteur Hollow Glen","breadcrumb":{"@id":"https:\/\/le.nomade.sylvainperrierfotografi.com\/lac-mountains-hollow-glen\/#breadcrumb"},"inLanguage":"fr-FR","potentialAction":[{"@type":"ReadAction","target":["https:\/\/le.nomade.sylvainperrierfotografi.com\/lac-mountains-hollow-glen\/"]}]},{"@type":"ImageObject","inLanguage":"fr-FR","@id":"https:\/\/le.nomade.sylvainperrierfotografi.com\/lac-mountains-hollow-glen\/#primaryimage","url":"https:\/\/i0.wp.com\/le.nomade.sylvainperrierfotografi.com\/wp-content\/uploads\/2024\/04\/Lac-Mountains-Hollow-Glen.jpg?fit=2000%2C2000&ssl=1","contentUrl":"https:\/\/i0.wp.com\/le.nomade.sylvainperrierfotografi.com\/wp-content\/uploads\/2024\/04\/Lac-Mountains-Hollow-Glen.jpg?fit=2000%2C2000&ssl=1","width":2000,"height":2000,"caption":"Lac Mountains - Hollow Glen"},{"@type":"BreadcrumbList","@id":"https:\/\/le.nomade.sylvainperrierfotografi.com\/lac-mountains-hollow-glen\/#breadcrumb","itemListElement":[{"@type":"ListItem","position":1,"name":"Accueil","item":"https:\/\/le.nomade.sylvainperrierfotografi.com\/"},{"@type":"ListItem","position":2,"name":"Lac Mountains &#8211; Hollow Glen"}]},{"@type":"WebSite","@id":"https:\/\/le.nomade.sylvainperrierfotografi.com\/#website","url":"https:\/\/le.nomade.sylvainperrierfotografi.com\/","name":"Le Nomade Sylvain Perrier","description":"L\u00e0 o\u00f9 les images rencontrent les mots","publisher":{"@id":"https:\/\/le.nomade.sylvainperrierfotografi.com\/#\/schema\/person\/422f9f9af75b66cb9416a7ef7bc22a92"},"alternateName":"Sylvain Perrier","potentialAction":[{"@type":"SearchAction","target":{"@type":"EntryPoint","urlTemplate":"https:\/\/le.nomade.sylvainperrierfotografi.com\/?s={search_term_string}"},"query-input":{"@type":"PropertyValueSpecification","valueRequired":true,"valueName":"search_term_string"}}],"inLanguage":"fr-FR"},{"@type":["Person","Organization"],"@id":"https:\/\/le.nomade.sylvainperrierfotografi.com\/#\/schema\/person\/422f9f9af75b66cb9416a7ef7bc22a92","name":"nomade","image":{"@type":"ImageObject","inLanguage":"fr-FR","@id":"https:\/\/i0.wp.com\/le.nomade.sylvainperrierfotografi.com\/wp-content\/uploads\/2024\/04\/cropped-Sylvain-Perrier-Photographie-roadtrip.jpg?fit=1056%2C348&ssl=1","url":"https:\/\/i0.wp.com\/le.nomade.sylvainperrierfotografi.com\/wp-content\/uploads\/2024\/04\/cropped-Sylvain-Perrier-Photographie-roadtrip.jpg?fit=1056%2C348&ssl=1","contentUrl":"https:\/\/i0.wp.com\/le.nomade.sylvainperrierfotografi.com\/wp-content\/uploads\/2024\/04\/cropped-Sylvain-Perrier-Photographie-roadtrip.jpg?fit=1056%2C348&ssl=1","width":1056,"height":348,"caption":"nomade"},"logo":{"@id":"https:\/\/i0.wp.com\/le.nomade.sylvainperrierfotografi.com\/wp-content\/uploads\/2024\/04\/cropped-Sylvain-Perrier-Photographie-roadtrip.jpg?fit=1056%2C348&ssl=1"},"sameAs":["https:\/\/le.nomade.sylvainperrierfotografi.com","https:\/\/www.facebook.com\/SylvainPerrierFotografie","https:\/\/www.instagram.com\/sylvainperrierfotografi","https:\/\/www.pinterest.ca\/sylvain_perrier","https:\/\/x.com\/sylvainxperrier","https:\/\/www.youtube.com\/user\/lencadreursylvain","https:\/\/www.tumblr.com\/blog\/sylvainperrierfotografi"]}]}},"jetpack_publicize_connections":[],"jetpack_featured_media_url":"https:\/\/i0.wp.com\/le.nomade.sylvainperrierfotografi.com\/wp-content\/uploads\/2024\/04\/Lac-Mountains-Hollow-Glen.jpg?fit=2000%2C2000&ssl=1","jetpack-related-posts":[{"id":90,"url":"https:\/\/le.nomade.sylvainperrierfotografi.com\/fr\/les-ruines-des-rapides-deschenes\/","url_meta":{"origin":107,"position":0},"title":"Les ruines des rapides Desch\u00eanes","author":"nomade","date":"30 avril 2024","format":false,"excerpt":"Les ruines des rapides Desch\u00eanes, \u00e9mergeant des eaux tumultueuses de l\u2019Outaouais, t\u00e9moignent des origines de l'\u00e8re industrielle \u00e0 Desch\u00eanes. Ces vestiges, situ\u00e9s entre le secteur d\u2019Aylmer \u00e0 Gatineau et l\u2019ouest d\u2019Ottawa, marquent un site historique d'importance le long de la rivi\u00e8re des Outaouais. R\u00e9put\u00e9 pour \u00eatre le troisi\u00e8me portage, ou\u2026","rel":"","context":"Dans &quot;Paysages \u00c9poustouflants&quot;","block_context":{"text":"Paysages \u00c9poustouflants","link":"https:\/\/le.nomade.sylvainperrierfotografi.com\/fr\/category\/paysages-epoustouflants\/"},"img":{"alt_text":"Les ruines des rapides Desch\u00eanes","src":"https:\/\/i0.wp.com\/le.nomade.sylvainperrierfotografi.com\/wp-content\/uploads\/2024\/04\/Rapides-Deschenes.jpg?fit=1200%2C675&ssl=1&resize=350%2C200","width":350,"height":200,"srcset":"https:\/\/i0.wp.com\/le.nomade.sylvainperrierfotografi.com\/wp-content\/uploads\/2024\/04\/Rapides-Deschenes.jpg?fit=1200%2C675&ssl=1&resize=350%2C200 1x, https:\/\/i0.wp.com\/le.nomade.sylvainperrierfotografi.com\/wp-content\/uploads\/2024\/04\/Rapides-Deschenes.jpg?fit=1200%2C675&ssl=1&resize=525%2C300 1.5x, https:\/\/i0.wp.com\/le.nomade.sylvainperrierfotografi.com\/wp-content\/uploads\/2024\/04\/Rapides-Deschenes.jpg?fit=1200%2C675&ssl=1&resize=700%2C400 2x, https:\/\/i0.wp.com\/le.nomade.sylvainperrierfotografi.com\/wp-content\/uploads\/2024\/04\/Rapides-Deschenes.jpg?fit=1200%2C675&ssl=1&resize=1050%2C600 3x"},"classes":[]},{"id":99,"url":"https:\/\/le.nomade.sylvainperrierfotografi.com\/fr\/pont-couvert-du-ruisseau-meech\/","url_meta":{"origin":107,"position":1},"title":"Pont Couvert du Ruisseau Meech","author":"nomade","date":"30 avril 2024","format":false,"excerpt":"Outaouais\u00a0Chelsea (Farm-Point) : Pont Couvert du Ruisseau Meech Chelsea, situ\u00e9e dans le secteur de Farm-Point, est une communaut\u00e9 qui s'est d\u00e9velopp\u00e9e autour de la Vall\u00e9e du ruisseau Meech d\u00e8s la fin des ann\u00e9es 1820. Elle faisait partie int\u00e9grante de l'ancien canton de Hull. Son pont couvert embl\u00e9matique, d\u00e9sormais le symbole\u2026","rel":"","context":"Dans &quot;Monuments et \u00c9difices&quot;","block_context":{"text":"Monuments et \u00c9difices","link":"https:\/\/le.nomade.sylvainperrierfotografi.com\/fr\/category\/monuments-et-edifices\/"},"img":{"alt_text":"Pont Couvert du Ruisseau Meech","src":"https:\/\/i0.wp.com\/le.nomade.sylvainperrierfotografi.com\/wp-content\/uploads\/2024\/04\/Pont-Couvert-du-Ruisseau-Meech.jpg?fit=1200%2C800&ssl=1&resize=350%2C200","width":350,"height":200,"srcset":"https:\/\/i0.wp.com\/le.nomade.sylvainperrierfotografi.com\/wp-content\/uploads\/2024\/04\/Pont-Couvert-du-Ruisseau-Meech.jpg?fit=1200%2C800&ssl=1&resize=350%2C200 1x, https:\/\/i0.wp.com\/le.nomade.sylvainperrierfotografi.com\/wp-content\/uploads\/2024\/04\/Pont-Couvert-du-Ruisseau-Meech.jpg?fit=1200%2C800&ssl=1&resize=525%2C300 1.5x, https:\/\/i0.wp.com\/le.nomade.sylvainperrierfotografi.com\/wp-content\/uploads\/2024\/04\/Pont-Couvert-du-Ruisseau-Meech.jpg?fit=1200%2C800&ssl=1&resize=700%2C400 2x, https:\/\/i0.wp.com\/le.nomade.sylvainperrierfotografi.com\/wp-content\/uploads\/2024\/04\/Pont-Couvert-du-Ruisseau-Meech.jpg?fit=1200%2C800&ssl=1&resize=1050%2C600 3x"},"classes":[]},{"id":183,"url":"https:\/\/le.nomade.sylvainperrierfotografi.com\/fr\/la-mine-de-bristol\/","url_meta":{"origin":107,"position":2},"title":"La Mine de Bristol","author":"nomade","date":"1 mai 2024","format":false,"excerpt":"Les Murmures du Pass\u00e9 C'\u00e9tait une belle journ\u00e9e chaude et de la promesse d'une aventure. Je m'\u00e9tais mis en route avec mon ami Andr\u00e9, \u00e9quip\u00e9 de notre curiosit\u00e9 sans limites et de nos appareils photos pour documenter notre p\u00e9riple. Notre destination : la Mine de Bristol, ou comme elle \u00e9tait\u2026","rel":"","context":"Dans &quot;Voyages et D\u00e9couvertes&quot;","block_context":{"text":"Voyages et D\u00e9couvertes","link":"https:\/\/le.nomade.sylvainperrierfotografi.com\/fr\/category\/voyages-et-decouvertes\/"},"img":{"alt_text":"","src":"https:\/\/i0.wp.com\/le.nomade.sylvainperrierfotografi.com\/wp-content\/uploads\/2024\/05\/Mine-de-Bristol-7.jpg?fit=1200%2C800&ssl=1&resize=350%2C200","width":350,"height":200,"srcset":"https:\/\/i0.wp.com\/le.nomade.sylvainperrierfotografi.com\/wp-content\/uploads\/2024\/05\/Mine-de-Bristol-7.jpg?fit=1200%2C800&ssl=1&resize=350%2C200 1x, https:\/\/i0.wp.com\/le.nomade.sylvainperrierfotografi.com\/wp-content\/uploads\/2024\/05\/Mine-de-Bristol-7.jpg?fit=1200%2C800&ssl=1&resize=525%2C300 1.5x, https:\/\/i0.wp.com\/le.nomade.sylvainperrierfotografi.com\/wp-content\/uploads\/2024\/05\/Mine-de-Bristol-7.jpg?fit=1200%2C800&ssl=1&resize=700%2C400 2x, https:\/\/i0.wp.com\/le.nomade.sylvainperrierfotografi.com\/wp-content\/uploads\/2024\/05\/Mine-de-Bristol-7.jpg?fit=1200%2C800&ssl=1&resize=1050%2C600 3x"},"classes":[]},{"id":216,"url":"https:\/\/le.nomade.sylvainperrierfotografi.com\/fr\/journee-sereine-a-la-marina-daylmer\/","url_meta":{"origin":107,"position":3},"title":"Journ\u00e9e Sereine \u00e0 la Marina d\u2019Aylmer","author":"nomade","date":"1 mai 2024","format":false,"excerpt":"La photographie, c'est capturer l'\u00e2me d'un instant \u00e9ph\u00e9m\u00e8re. Chaque image est une histoire silencieuse, racont\u00e9e par la lumi\u00e8re. Une Journ\u00e9e Sereine \u00e0 la Marina d\u2019Aylmer : Une \u00e9chapp\u00e9e pittoresque dans la qui\u00e9tude du matin Par une matin\u00e9e ensoleill\u00e9e, sous un ciel azur\u00e9 orn\u00e9 de quelques nuages \u00e9pars, je me suis\u2026","rel":"","context":"Dans &quot;Paysages \u00c9poustouflants&quot;","block_context":{"text":"Paysages \u00c9poustouflants","link":"https:\/\/le.nomade.sylvainperrierfotografi.com\/fr\/category\/paysages-epoustouflants\/"},"img":{"alt_text":"","src":"https:\/\/i0.wp.com\/le.nomade.sylvainperrierfotografi.com\/wp-content\/uploads\/2024\/05\/P__4634.jpg?fit=1200%2C675&ssl=1&resize=350%2C200","width":350,"height":200,"srcset":"https:\/\/i0.wp.com\/le.nomade.sylvainperrierfotografi.com\/wp-content\/uploads\/2024\/05\/P__4634.jpg?fit=1200%2C675&ssl=1&resize=350%2C200 1x, https:\/\/i0.wp.com\/le.nomade.sylvainperrierfotografi.com\/wp-content\/uploads\/2024\/05\/P__4634.jpg?fit=1200%2C675&ssl=1&resize=525%2C300 1.5x, https:\/\/i0.wp.com\/le.nomade.sylvainperrierfotografi.com\/wp-content\/uploads\/2024\/05\/P__4634.jpg?fit=1200%2C675&ssl=1&resize=700%2C400 2x, https:\/\/i0.wp.com\/le.nomade.sylvainperrierfotografi.com\/wp-content\/uploads\/2024\/05\/P__4634.jpg?fit=1200%2C675&ssl=1&resize=1050%2C600 3x"},"classes":[]},{"id":685,"url":"https:\/\/le.nomade.sylvainperrierfotografi.com\/fr\/evasion-visuelle-a-la-marina-daylmer\/","url_meta":{"origin":107,"position":4},"title":"\u00c9vasion Visuelle \u00e0 la Marina d&#8217;Aylmer","author":"nomade","date":"11 juin 2024","format":false,"excerpt":"\u00c9vasion Visuelle \u00e0 la Marina d'Aylmer : Instantan\u00e9s de S\u00e9r\u00e9nit\u00e9 Lors d\u2019un cours de photographie \u00e0 la Marina d\u2019Aylmer, j\u2019ai eu l\u2019opportunit\u00e9 de capturer la beaut\u00e9 tranquille de ce lieu et de ses alentours. \u00c0 travers ces dix clich\u00e9s, je vous invite \u00e0 d\u00e9couvrir une s\u00e9rie de moments suspendus, o\u00f9\u2026","rel":"","context":"Dans &quot;Paysages \u00c9poustouflants&quot;","block_context":{"text":"Paysages \u00c9poustouflants","link":"https:\/\/le.nomade.sylvainperrierfotografi.com\/fr\/category\/paysages-epoustouflants\/"},"img":{"alt_text":"\u00c9vasion Visuelle \u00e0 la Marina d'Aylmer","src":"https:\/\/i0.wp.com\/le.nomade.sylvainperrierfotografi.com\/wp-content\/uploads\/2024\/06\/Evasion-Visuelle-a-la-Marina-dAylmer-12.jpg?fit=720%2C1080&ssl=1&resize=350%2C200","width":350,"height":200,"srcset":"https:\/\/i0.wp.com\/le.nomade.sylvainperrierfotografi.com\/wp-content\/uploads\/2024\/06\/Evasion-Visuelle-a-la-Marina-dAylmer-12.jpg?fit=720%2C1080&ssl=1&resize=350%2C200 1x, https:\/\/i0.wp.com\/le.nomade.sylvainperrierfotografi.com\/wp-content\/uploads\/2024\/06\/Evasion-Visuelle-a-la-Marina-dAylmer-12.jpg?fit=720%2C1080&ssl=1&resize=525%2C300 1.5x, https:\/\/i0.wp.com\/le.nomade.sylvainperrierfotografi.com\/wp-content\/uploads\/2024\/06\/Evasion-Visuelle-a-la-Marina-dAylmer-12.jpg?fit=720%2C1080&ssl=1&resize=700%2C400 2x"},"classes":[]},{"id":157,"url":"https:\/\/le.nomade.sylvainperrierfotografi.com\/fr\/laccalmie\/","url_meta":{"origin":107,"position":5},"title":"L&#8217;Accalmie","author":"nomade","date":"1 mai 2024","format":false,"excerpt":"L\u2019Accalmie et son premier capitaine, \u00c9loi Perron, sont partis presque en m\u00eame temps pour une derni\u00e8re odyss\u00e9e. Une go\u00e9lette mythique Pendant plusieurs ann\u00e9es, le navire de 300 tonnes dormait sur les berges. Bien en vue et dans un secteur pris\u00e9 des touristes, la go\u00e9lette a immortalis\u00e9 par de nombreux photographes\u2026","rel":"","context":"Dans &quot;Paysages \u00c9poustouflants&quot;","block_context":{"text":"Paysages \u00c9poustouflants","link":"https:\/\/le.nomade.sylvainperrierfotografi.com\/fr\/category\/paysages-epoustouflants\/"},"img":{"alt_text":"L'Accalmie","src":"https:\/\/i0.wp.com\/le.nomade.sylvainperrierfotografi.com\/wp-content\/uploads\/2024\/05\/Baie-Saint-Paul-la-Goelette-7.jpg?fit=1200%2C800&ssl=1&resize=350%2C200","width":350,"height":200,"srcset":"https:\/\/i0.wp.com\/le.nomade.sylvainperrierfotografi.com\/wp-content\/uploads\/2024\/05\/Baie-Saint-Paul-la-Goelette-7.jpg?fit=1200%2C800&ssl=1&resize=350%2C200 1x, https:\/\/i0.wp.com\/le.nomade.sylvainperrierfotografi.com\/wp-content\/uploads\/2024\/05\/Baie-Saint-Paul-la-Goelette-7.jpg?fit=1200%2C800&ssl=1&resize=525%2C300 1.5x, https:\/\/i0.wp.com\/le.nomade.sylvainperrierfotografi.com\/wp-content\/uploads\/2024\/05\/Baie-Saint-Paul-la-Goelette-7.jpg?fit=1200%2C800&ssl=1&resize=700%2C400 2x, https:\/\/i0.wp.com\/le.nomade.sylvainperrierfotografi.com\/wp-content\/uploads\/2024\/05\/Baie-Saint-Paul-la-Goelette-7.jpg?fit=1200%2C800&ssl=1&resize=1050%2C600 3x"},"classes":[]}],"jetpack_sharing_enabled":true,"_links":{"self":[{"href":"https:\/\/le.nomade.sylvainperrierfotografi.com\/fr\/wp-json\/wp\/v2\/posts\/107","targetHints":{"allow":["GET"]}}],"collection":[{"href":"https:\/\/le.nomade.sylvainperrierfotografi.com\/fr\/wp-json\/wp\/v2\/posts"}],"about":[{"href":"https:\/\/le.nomade.sylvainperrierfotografi.com\/fr\/wp-json\/wp\/v2\/types\/post"}],"author":[{"embeddable":true,"href":"https:\/\/le.nomade.sylvainperrierfotografi.com\/fr\/wp-json\/wp\/v2\/users\/1"}],"replies":[{"embeddable":true,"href":"https:\/\/le.nomade.sylvainperrierfotografi.com\/fr\/wp-json\/wp\/v2\/comments?post=107"}],"version-history":[{"count":4,"href":"https:\/\/le.nomade.sylvainperrierfotografi.com\/fr\/wp-json\/wp\/v2\/posts\/107\/revisions"}],"predecessor-version":[{"id":666,"href":"https:\/\/le.nomade.sylvainperrierfotografi.com\/fr\/wp-json\/wp\/v2\/posts\/107\/revisions\/666"}],"wp:featuredmedia":[{"embeddable":true,"href":"https:\/\/le.nomade.sylvainperrierfotografi.com\/fr\/wp-json\/wp\/v2\/media\/110"}],"wp:attachment":[{"href":"https:\/\/le.nomade.sylvainperrierfotografi.com\/fr\/wp-json\/wp\/v2\/media?parent=107"}],"wp:term":[{"taxonomy":"category","embeddable":true,"href":"https:\/\/le.nomade.sylvainperrierfotografi.com\/fr\/wp-json\/wp\/v2\/categories?post=107"},{"taxonomy":"post_tag","embeddable":true,"href":"https:\/\/le.nomade.sylvainperrierfotografi.com\/fr\/wp-json\/wp\/v2\/tags?post=107"}],"curies":[{"name":"wp","href":"https:\/\/api.w.org\/{rel}","templated":true}]}}