{"id":142,"date":"2024-05-01T09:02:44","date_gmt":"2024-05-01T13:02:44","guid":{"rendered":"https:\/\/le.nomade.sylvainperrierfotografi.com\/?post_type=jetpack-portfolio&#038;p=142"},"modified":"2024-06-06T22:20:11","modified_gmt":"2024-06-07T02:20:11","slug":"la-brume-hivernale","status":"publish","type":"post","link":"https:\/\/le.nomade.sylvainperrierfotografi.com\/fr\/la-brume-hivernale\/","title":{"rendered":"La brume hivernale"},"content":{"rendered":"<p class=\"\">La brume hivernale : C&#8217;\u00e9tait un matin d&#8217;hiver, et j&#8217;avais d\u00e9cid\u00e9 de me rendre au Parc de la Gatineau pour immortaliser sa beaut\u00e9 avec mon drone et ma cam\u00e9ra. Je savais que le parc offrait des paysages \u00e0 couper le souffle avec ses 250 kilom\u00e8tres de sentiers \u00e0 explorer, et j&#8217;avais h\u00e2te de saisir cette opportunit\u00e9.<\/p>\n\n\n\n<figure class=\"wp-block-image size-full\"><img data-recalc-dims=\"1\" loading=\"lazy\" decoding=\"async\" width=\"940\" height=\"627\" data-attachment-id=\"154\" data-permalink=\"https:\/\/le.nomade.sylvainperrierfotografi.com\/fr\/la-brume-hivernale\/brume-hivernale-6\/\" data-orig-file=\"https:\/\/i0.wp.com\/le.nomade.sylvainperrierfotografi.com\/wp-content\/uploads\/2024\/05\/Brume-Hivernale-6.jpg?fit=1950%2C1300&amp;ssl=1\" data-orig-size=\"1950,1300\" data-comments-opened=\"1\" data-image-meta=\"{&quot;aperture&quot;:&quot;10&quot;,&quot;credit&quot;:&quot;Sylvain Perrier&quot;,&quot;camera&quot;:&quot;Canon EOS R6&quot;,&quot;caption&quot;:&quot;&quot;,&quot;created_timestamp&quot;:&quot;1639247549&quot;,&quot;copyright&quot;:&quot;sylvain perrier&quot;,&quot;focal_length&quot;:&quot;70&quot;,&quot;iso&quot;:&quot;320&quot;,&quot;shutter_speed&quot;:&quot;0.016666666666667&quot;,&quot;title&quot;:&quot;&quot;,&quot;orientation&quot;:&quot;0&quot;}\" data-image-title=\"Brume-Hivernale-6\" data-image-description=\"\" data-image-caption=\"\" data-large-file=\"https:\/\/i0.wp.com\/le.nomade.sylvainperrierfotografi.com\/wp-content\/uploads\/2024\/05\/Brume-Hivernale-6.jpg?fit=940%2C627&amp;ssl=1\" src=\"https:\/\/i0.wp.com\/le.nomade.sylvainperrierfotografi.com\/wp-content\/uploads\/2024\/05\/Brume-Hivernale-6.jpg?resize=940%2C627&#038;ssl=1\" alt=\"La brume hivernale\" class=\"wp-image-154\" srcset=\"https:\/\/i0.wp.com\/le.nomade.sylvainperrierfotografi.com\/wp-content\/uploads\/2024\/05\/Brume-Hivernale-6.jpg?w=1950&amp;ssl=1 1950w, https:\/\/i0.wp.com\/le.nomade.sylvainperrierfotografi.com\/wp-content\/uploads\/2024\/05\/Brume-Hivernale-6.jpg?resize=300%2C200&amp;ssl=1 300w, https:\/\/i0.wp.com\/le.nomade.sylvainperrierfotografi.com\/wp-content\/uploads\/2024\/05\/Brume-Hivernale-6.jpg?resize=1024%2C683&amp;ssl=1 1024w, https:\/\/i0.wp.com\/le.nomade.sylvainperrierfotografi.com\/wp-content\/uploads\/2024\/05\/Brume-Hivernale-6.jpg?resize=768%2C512&amp;ssl=1 768w, https:\/\/i0.wp.com\/le.nomade.sylvainperrierfotografi.com\/wp-content\/uploads\/2024\/05\/Brume-Hivernale-6.jpg?resize=1536%2C1024&amp;ssl=1 1536w, https:\/\/i0.wp.com\/le.nomade.sylvainperrierfotografi.com\/wp-content\/uploads\/2024\/05\/Brume-Hivernale-6.jpg?resize=450%2C300&amp;ssl=1 450w, https:\/\/i0.wp.com\/le.nomade.sylvainperrierfotografi.com\/wp-content\/uploads\/2024\/05\/Brume-Hivernale-6.jpg?resize=1200%2C800&amp;ssl=1 1200w, https:\/\/i0.wp.com\/le.nomade.sylvainperrierfotografi.com\/wp-content\/uploads\/2024\/05\/Brume-Hivernale-6.jpg?w=1880&amp;ssl=1 1880w\" sizes=\"auto, (max-width: 940px) 100vw, 940px\" \/><\/figure>\n\n\n\n<p class=\"\"><\/p>\n\n\n\n<p class=\"\">J&#8217;\u00e9tais particuli\u00e8rement excit\u00e9 par la perspective d&#8217;apercevoir l&#8217;incroyable biodiversit\u00e9 du parc, dont l&#8217;envergure de 361 km\u00b2 de collines et de for\u00eats a valu au parc le surnom de &#8220;poumon vert de l&#8217;Outaouais&#8221;. Je savais que cette \u00e9tendue immense de nature offrirait une toile de fond magnifique pour mes photos.<\/p>\n\n\n\n<p class=\"\">Lorsque j&#8217;ai atteint le parc, une brume hivernale s&#8217;\u00e9tait install\u00e9e, enveloppant le paysage d&#8217;une aura mystique. La brume, dansant autour des arbres nus et rampant sur le sol gel\u00e9, semblait presque irr\u00e9elle. C&#8217;\u00e9tait \u00e0 ce moment-l\u00e0 que j&#8217;ai d\u00e9ploy\u00e9 mon drone, anticipant la majest\u00e9 qui allait \u00eatre r\u00e9v\u00e9l\u00e9e \u00e0 travers son objectif.<\/p>\n\n\n\n<p class=\"\">Alors que le drone s&#8217;\u00e9levait au-dessus de la brume, le paysage du Parc de la Gatineau se d\u00e9voila dans toute sa splendeur. Les hauts sommets, les for\u00eats denses et les sentiers sinueux s&#8217;\u00e9tendaient \u00e0 perte de vue, comme une toile de ma\u00eetre en nuances de blanc et de gris.<\/p>\n\n\n\n<figure class=\"wp-embed-aspect-16-9 wp-has-aspect-ratio wp-block-embed is-type-video is-provider-youtube wp-block-embed-youtube\"><div class=\"wp-block-embed__wrapper\">\n<div class=\"jetpack-video-wrapper\"><iframe loading=\"lazy\" title=\"Brume Hivernale\" width=\"940\" height=\"529\" src=\"https:\/\/www.youtube.com\/embed\/3wPQvluhy9A?feature=oembed\" frameborder=\"0\" allow=\"accelerometer; autoplay; clipboard-write; encrypted-media; gyroscope; picture-in-picture; web-share\" referrerpolicy=\"strict-origin-when-cross-origin\" allowfullscreen><\/iframe><\/div>\n<\/div><\/figure>\n\n\n\n<p class=\"\">J&#8217;ai pilot\u00e9 le drone \u00e0 travers la brume, capturant des images de la beaut\u00e9 hivernale de la nature. L&#8217;image de la brume flottant au-dessus des for\u00eats gel\u00e9es et des collines enneig\u00e9es \u00e9tait \u00e0 la fois sereine et mystique. J&#8217;ai ensuite sorti ma cam\u00e9ra et commenc\u00e9 \u00e0 immortaliser cette vue d&#8217;un autre point de vue, capturant la texture et le contraste de la sc\u00e8ne hivernale.<\/p>\n\n\n\n<div class=\"wp-block-jetpack-slideshow\" data-autoplay=\"true\" data-delay=\"3\" data-effect=\"slide\"><div class=\"wp-block-jetpack-slideshow_container swiper-container\"><ul class=\"wp-block-jetpack-slideshow_swiper-wrapper swiper-wrapper\"><li class=\"wp-block-jetpack-slideshow_slide swiper-slide\"><figure><img data-recalc-dims=\"1\" loading=\"lazy\" decoding=\"async\" width=\"683\" height=\"1024\" alt=\"\" class=\"wp-block-jetpack-slideshow_image wp-image-147\" data-id=\"147\" src=\"https:\/\/i0.wp.com\/le.nomade.sylvainperrierfotografi.com\/wp-content\/uploads\/2024\/05\/Brume-Hivernale-3.jpg?resize=683%2C1024&#038;ssl=1\" srcset=\"https:\/\/i0.wp.com\/le.nomade.sylvainperrierfotografi.com\/wp-content\/uploads\/2024\/05\/Brume-Hivernale-3.jpg?resize=683%2C1024&amp;ssl=1 683w, https:\/\/i0.wp.com\/le.nomade.sylvainperrierfotografi.com\/wp-content\/uploads\/2024\/05\/Brume-Hivernale-3.jpg?resize=200%2C300&amp;ssl=1 200w, https:\/\/i0.wp.com\/le.nomade.sylvainperrierfotografi.com\/wp-content\/uploads\/2024\/05\/Brume-Hivernale-3.jpg?resize=768%2C1152&amp;ssl=1 768w, https:\/\/i0.wp.com\/le.nomade.sylvainperrierfotografi.com\/wp-content\/uploads\/2024\/05\/Brume-Hivernale-3.jpg?resize=450%2C675&amp;ssl=1 450w, https:\/\/i0.wp.com\/le.nomade.sylvainperrierfotografi.com\/wp-content\/uploads\/2024\/05\/Brume-Hivernale-3.jpg?resize=534%2C800&amp;ssl=1 534w, https:\/\/i0.wp.com\/le.nomade.sylvainperrierfotografi.com\/wp-content\/uploads\/2024\/05\/Brume-Hivernale-3.jpg?w=867&amp;ssl=1 867w\" sizes=\"(max-width: 683px) 100vw, 683px\" \/><\/figure><\/li><li class=\"wp-block-jetpack-slideshow_slide swiper-slide\"><figure><img data-recalc-dims=\"1\" loading=\"lazy\" decoding=\"async\" width=\"683\" height=\"1024\" alt=\"\" class=\"wp-block-jetpack-slideshow_image wp-image-148\" data-id=\"148\" src=\"https:\/\/i0.wp.com\/le.nomade.sylvainperrierfotografi.com\/wp-content\/uploads\/2024\/05\/Brume-Hivernale-4.jpg?resize=683%2C1024&#038;ssl=1\" srcset=\"https:\/\/i0.wp.com\/le.nomade.sylvainperrierfotografi.com\/wp-content\/uploads\/2024\/05\/Brume-Hivernale-4.jpg?resize=683%2C1024&amp;ssl=1 683w, https:\/\/i0.wp.com\/le.nomade.sylvainperrierfotografi.com\/wp-content\/uploads\/2024\/05\/Brume-Hivernale-4.jpg?resize=200%2C300&amp;ssl=1 200w, https:\/\/i0.wp.com\/le.nomade.sylvainperrierfotografi.com\/wp-content\/uploads\/2024\/05\/Brume-Hivernale-4.jpg?resize=768%2C1152&amp;ssl=1 768w, https:\/\/i0.wp.com\/le.nomade.sylvainperrierfotografi.com\/wp-content\/uploads\/2024\/05\/Brume-Hivernale-4.jpg?resize=450%2C675&amp;ssl=1 450w, https:\/\/i0.wp.com\/le.nomade.sylvainperrierfotografi.com\/wp-content\/uploads\/2024\/05\/Brume-Hivernale-4.jpg?resize=534%2C800&amp;ssl=1 534w, https:\/\/i0.wp.com\/le.nomade.sylvainperrierfotografi.com\/wp-content\/uploads\/2024\/05\/Brume-Hivernale-4.jpg?w=867&amp;ssl=1 867w\" sizes=\"(max-width: 683px) 100vw, 683px\" \/><\/figure><\/li><li class=\"wp-block-jetpack-slideshow_slide swiper-slide\"><figure><img data-recalc-dims=\"1\" loading=\"lazy\" decoding=\"async\" width=\"683\" height=\"1024\" alt=\"\" class=\"wp-block-jetpack-slideshow_image wp-image-149\" data-id=\"149\" src=\"https:\/\/i0.wp.com\/le.nomade.sylvainperrierfotografi.com\/wp-content\/uploads\/2024\/05\/Brume-Hivernale-5.jpg?resize=683%2C1024&#038;ssl=1\" srcset=\"https:\/\/i0.wp.com\/le.nomade.sylvainperrierfotografi.com\/wp-content\/uploads\/2024\/05\/Brume-Hivernale-5.jpg?resize=683%2C1024&amp;ssl=1 683w, https:\/\/i0.wp.com\/le.nomade.sylvainperrierfotografi.com\/wp-content\/uploads\/2024\/05\/Brume-Hivernale-5.jpg?resize=200%2C300&amp;ssl=1 200w, https:\/\/i0.wp.com\/le.nomade.sylvainperrierfotografi.com\/wp-content\/uploads\/2024\/05\/Brume-Hivernale-5.jpg?resize=768%2C1152&amp;ssl=1 768w, https:\/\/i0.wp.com\/le.nomade.sylvainperrierfotografi.com\/wp-content\/uploads\/2024\/05\/Brume-Hivernale-5.jpg?resize=450%2C675&amp;ssl=1 450w, https:\/\/i0.wp.com\/le.nomade.sylvainperrierfotografi.com\/wp-content\/uploads\/2024\/05\/Brume-Hivernale-5.jpg?resize=534%2C800&amp;ssl=1 534w, https:\/\/i0.wp.com\/le.nomade.sylvainperrierfotografi.com\/wp-content\/uploads\/2024\/05\/Brume-Hivernale-5.jpg?w=867&amp;ssl=1 867w\" sizes=\"(max-width: 683px) 100vw, 683px\" \/><\/figure><\/li><li class=\"wp-block-jetpack-slideshow_slide swiper-slide\"><figure><img data-recalc-dims=\"1\" loading=\"lazy\" decoding=\"async\" width=\"683\" height=\"1024\" alt=\"\" class=\"wp-block-jetpack-slideshow_image wp-image-150\" data-id=\"150\" src=\"https:\/\/i0.wp.com\/le.nomade.sylvainperrierfotografi.com\/wp-content\/uploads\/2024\/05\/Brume-Hivernale-7.jpg?resize=683%2C1024&#038;ssl=1\" srcset=\"https:\/\/i0.wp.com\/le.nomade.sylvainperrierfotografi.com\/wp-content\/uploads\/2024\/05\/Brume-Hivernale-7.jpg?resize=683%2C1024&amp;ssl=1 683w, https:\/\/i0.wp.com\/le.nomade.sylvainperrierfotografi.com\/wp-content\/uploads\/2024\/05\/Brume-Hivernale-7.jpg?resize=200%2C300&amp;ssl=1 200w, https:\/\/i0.wp.com\/le.nomade.sylvainperrierfotografi.com\/wp-content\/uploads\/2024\/05\/Brume-Hivernale-7.jpg?resize=768%2C1152&amp;ssl=1 768w, https:\/\/i0.wp.com\/le.nomade.sylvainperrierfotografi.com\/wp-content\/uploads\/2024\/05\/Brume-Hivernale-7.jpg?resize=450%2C675&amp;ssl=1 450w, https:\/\/i0.wp.com\/le.nomade.sylvainperrierfotografi.com\/wp-content\/uploads\/2024\/05\/Brume-Hivernale-7.jpg?resize=534%2C800&amp;ssl=1 534w, https:\/\/i0.wp.com\/le.nomade.sylvainperrierfotografi.com\/wp-content\/uploads\/2024\/05\/Brume-Hivernale-7.jpg?w=867&amp;ssl=1 867w\" sizes=\"(max-width: 683px) 100vw, 683px\" \/><\/figure><\/li><li class=\"wp-block-jetpack-slideshow_slide swiper-slide\"><figure><img data-recalc-dims=\"1\" loading=\"lazy\" decoding=\"async\" width=\"683\" height=\"1024\" alt=\"\" class=\"wp-block-jetpack-slideshow_image wp-image-151\" data-id=\"151\" src=\"https:\/\/i0.wp.com\/le.nomade.sylvainperrierfotografi.com\/wp-content\/uploads\/2024\/05\/Brume-Hivernale-8.jpg?resize=683%2C1024&#038;ssl=1\" srcset=\"https:\/\/i0.wp.com\/le.nomade.sylvainperrierfotografi.com\/wp-content\/uploads\/2024\/05\/Brume-Hivernale-8.jpg?resize=683%2C1024&amp;ssl=1 683w, https:\/\/i0.wp.com\/le.nomade.sylvainperrierfotografi.com\/wp-content\/uploads\/2024\/05\/Brume-Hivernale-8.jpg?resize=200%2C300&amp;ssl=1 200w, https:\/\/i0.wp.com\/le.nomade.sylvainperrierfotografi.com\/wp-content\/uploads\/2024\/05\/Brume-Hivernale-8.jpg?resize=768%2C1152&amp;ssl=1 768w, https:\/\/i0.wp.com\/le.nomade.sylvainperrierfotografi.com\/wp-content\/uploads\/2024\/05\/Brume-Hivernale-8.jpg?resize=450%2C675&amp;ssl=1 450w, https:\/\/i0.wp.com\/le.nomade.sylvainperrierfotografi.com\/wp-content\/uploads\/2024\/05\/Brume-Hivernale-8.jpg?resize=534%2C800&amp;ssl=1 534w, https:\/\/i0.wp.com\/le.nomade.sylvainperrierfotografi.com\/wp-content\/uploads\/2024\/05\/Brume-Hivernale-8.jpg?w=867&amp;ssl=1 867w\" sizes=\"(max-width: 683px) 100vw, 683px\" \/><\/figure><\/li><li class=\"wp-block-jetpack-slideshow_slide swiper-slide\"><figure><img data-recalc-dims=\"1\" loading=\"lazy\" decoding=\"async\" width=\"683\" height=\"1024\" alt=\"\" class=\"wp-block-jetpack-slideshow_image wp-image-152\" data-id=\"152\" src=\"https:\/\/i0.wp.com\/le.nomade.sylvainperrierfotografi.com\/wp-content\/uploads\/2024\/05\/Brume-Hivernale-9.jpg?resize=683%2C1024&#038;ssl=1\" srcset=\"https:\/\/i0.wp.com\/le.nomade.sylvainperrierfotografi.com\/wp-content\/uploads\/2024\/05\/Brume-Hivernale-9.jpg?resize=683%2C1024&amp;ssl=1 683w, https:\/\/i0.wp.com\/le.nomade.sylvainperrierfotografi.com\/wp-content\/uploads\/2024\/05\/Brume-Hivernale-9.jpg?resize=200%2C300&amp;ssl=1 200w, https:\/\/i0.wp.com\/le.nomade.sylvainperrierfotografi.com\/wp-content\/uploads\/2024\/05\/Brume-Hivernale-9.jpg?resize=768%2C1152&amp;ssl=1 768w, https:\/\/i0.wp.com\/le.nomade.sylvainperrierfotografi.com\/wp-content\/uploads\/2024\/05\/Brume-Hivernale-9.jpg?resize=450%2C675&amp;ssl=1 450w, https:\/\/i0.wp.com\/le.nomade.sylvainperrierfotografi.com\/wp-content\/uploads\/2024\/05\/Brume-Hivernale-9.jpg?resize=534%2C800&amp;ssl=1 534w, https:\/\/i0.wp.com\/le.nomade.sylvainperrierfotografi.com\/wp-content\/uploads\/2024\/05\/Brume-Hivernale-9.jpg?w=867&amp;ssl=1 867w\" sizes=\"(max-width: 683px) 100vw, 683px\" \/><\/figure><\/li><li class=\"wp-block-jetpack-slideshow_slide swiper-slide\"><figure><img data-recalc-dims=\"1\" loading=\"lazy\" decoding=\"async\" width=\"683\" height=\"1024\" alt=\"\" class=\"wp-block-jetpack-slideshow_image wp-image-153\" data-id=\"153\" src=\"https:\/\/i0.wp.com\/le.nomade.sylvainperrierfotografi.com\/wp-content\/uploads\/2024\/05\/Brume-Hivernale-10.jpg?resize=683%2C1024&#038;ssl=1\" srcset=\"https:\/\/i0.wp.com\/le.nomade.sylvainperrierfotografi.com\/wp-content\/uploads\/2024\/05\/Brume-Hivernale-10.jpg?resize=683%2C1024&amp;ssl=1 683w, https:\/\/i0.wp.com\/le.nomade.sylvainperrierfotografi.com\/wp-content\/uploads\/2024\/05\/Brume-Hivernale-10.jpg?resize=200%2C300&amp;ssl=1 200w, https:\/\/i0.wp.com\/le.nomade.sylvainperrierfotografi.com\/wp-content\/uploads\/2024\/05\/Brume-Hivernale-10.jpg?resize=768%2C1152&amp;ssl=1 768w, https:\/\/i0.wp.com\/le.nomade.sylvainperrierfotografi.com\/wp-content\/uploads\/2024\/05\/Brume-Hivernale-10.jpg?resize=450%2C675&amp;ssl=1 450w, https:\/\/i0.wp.com\/le.nomade.sylvainperrierfotografi.com\/wp-content\/uploads\/2024\/05\/Brume-Hivernale-10.jpg?resize=534%2C800&amp;ssl=1 534w, https:\/\/i0.wp.com\/le.nomade.sylvainperrierfotografi.com\/wp-content\/uploads\/2024\/05\/Brume-Hivernale-10.jpg?w=867&amp;ssl=1 867w\" sizes=\"(max-width: 683px) 100vw, 683px\" \/><\/figure><\/li><\/ul><a class=\"wp-block-jetpack-slideshow_button-prev swiper-button-prev swiper-button-white\" role=\"button\"><\/a><a class=\"wp-block-jetpack-slideshow_button-next swiper-button-next swiper-button-white\" role=\"button\"><\/a><a aria-label=\"Pause Slideshow\" class=\"wp-block-jetpack-slideshow_button-pause\" role=\"button\"><\/a><div class=\"wp-block-jetpack-slideshow_pagination swiper-pagination swiper-pagination-white\"><\/div><\/div><\/div>\n\n\n\n<p class=\"\">Cette journ\u00e9e pass\u00e9e \u00e0 photographier la brume hivernale au Parc de la Gatineau a \u00e9t\u00e9 une exp\u00e9rience inoubliable. Malgr\u00e9 le froid mordant et le paysage inhospitalier, la beaut\u00e9 du parc envelopp\u00e9 dans la brume a eu un effet apaisant. C&#8217;est cette tranquillit\u00e9 que j&#8217;ai cherch\u00e9 \u00e0 capturer dans mes photos, dans l&#8217;espoir que ceux qui les regardent ressentent la m\u00eame s\u00e9r\u00e9nit\u00e9 que j&#8217;ai ressentie ce jour-l\u00e0.<\/p>\n\n\n\n<blockquote class=\"wp-block-quote is-layout-flow wp-block-quote-is-layout-flow\">\n<p class=\"has-text-align-center\">Les climats, les saisons, les sons, les couleurs, l&#8217;obscurit\u00e9, la lumi\u00e8re, les \u00e9l\u00e9ments, les aliments, le bruit, le silence, le mouvement, le repos, tout agit sur notre machine, et sur notre \u00e2me.<\/p>\n<\/blockquote>\n\n\n\n<hr class=\"wp-block-separator has-alpha-channel-opacity\"\/>","protected":false},"excerpt":{"rendered":"<p>La brume hivernale : C&#8217;\u00e9tait un matin d&#8217;hiver, et j&#8217;avais d\u00e9cid\u00e9 de me rendre au Parc de la [&hellip;]<\/p>\n","protected":false},"author":1,"featured_media":146,"comment_status":"closed","ping_status":"closed","sticky":false,"template":"","format":"standard","meta":{"nf_dc_page":"","_jetpack_memberships_contains_paid_content":false,"footnotes":"","jetpack_publicize_message":"","jetpack_publicize_feature_enabled":true,"jetpack_social_post_already_shared":false,"jetpack_social_options":{"image_generator_settings":{"template":"highway","default_image_id":0,"font":"","enabled":false},"version":2}},"categories":[57],"tags":[],"class_list":["post-142","post","type-post","status-publish","format-standard","has-post-thumbnail","hentry","category-paysages-epoustouflants"],"yoast_head":"<!-- This site is optimized with the Yoast SEO plugin v27.4 - https:\/\/yoast.com\/product\/yoast-seo-wordpress\/ -->\n<title>La brume hivernale - Le Nomade<\/title>\n<meta name=\"description\" content=\"La brume hivernale : C&#039;\u00e9tait un matin d&#039;hiver, et j&#039;avais d\u00e9cid\u00e9 de me rendre au Parc de la Gatineau pour immortaliser sa beaut\u00e9 avec mon drone et ma cam\u00e9ra.\" \/>\n<meta name=\"robots\" content=\"index, follow, max-snippet:-1, max-image-preview:large, max-video-preview:-1\" \/>\n<link rel=\"canonical\" href=\"https:\/\/le.nomade.sylvainperrierfotografi.com\/fr\/la-brume-hivernale\/\" \/>\n<meta property=\"og:locale\" content=\"fr_FR\" \/>\n<meta property=\"og:type\" content=\"article\" \/>\n<meta property=\"og:title\" content=\"La brume hivernale\" \/>\n<meta property=\"og:description\" content=\"La brume hivernale : C&#039;\u00e9tait un matin d&#039;hiver, et j&#039;avais d\u00e9cid\u00e9 de me rendre au Parc de la Gatineau pour immortaliser sa beaut\u00e9 avec mon drone et ma cam\u00e9ra.\" \/>\n<meta property=\"og:url\" content=\"https:\/\/le.nomade.sylvainperrierfotografi.com\/fr\/la-brume-hivernale\/\" \/>\n<meta property=\"og:site_name\" content=\"Le Nomade\" \/>\n<meta property=\"article:publisher\" content=\"https:\/\/www.facebook.com\/SylvainPerrierFotografie\" \/>\n<meta property=\"article:author\" content=\"https:\/\/www.facebook.com\/SylvainPerrierFotografie\" \/>\n<meta property=\"article:published_time\" content=\"2024-05-01T13:02:44+00:00\" \/>\n<meta property=\"article:modified_time\" content=\"2024-06-07T02:20:11+00:00\" \/>\n<meta property=\"og:image\" content=\"https:\/\/le.nomade.sylvainperrierfotografi.com\/wp-content\/uploads\/2024\/05\/Brume-Hivernale-6.jpg\" \/>\n\t<meta property=\"og:image:width\" content=\"1950\" \/>\n\t<meta property=\"og:image:height\" content=\"1300\" \/>\n\t<meta property=\"og:image:type\" content=\"image\/jpeg\" \/>\n<meta name=\"author\" content=\"nomade\" \/>\n<meta name=\"twitter:card\" content=\"summary_large_image\" \/>\n<meta name=\"twitter:title\" content=\"La brume hivernale\" \/>\n<meta name=\"twitter:description\" content=\"La brume hivernale : C&#039;\u00e9tait un matin d&#039;hiver, et j&#039;avais d\u00e9cid\u00e9 de me rendre au Parc de la Gatineau pour immortaliser sa beaut\u00e9 avec mon drone et ma cam\u00e9ra.\" \/>\n<meta name=\"twitter:image\" content=\"https:\/\/i0.wp.com\/le.nomade.sylvainperrierfotografi.com\/wp-content\/uploads\/2024\/05\/Brume-Hivernale-6.jpg?fit=1950%2C1300&ssl=1\" \/>\n<meta name=\"twitter:creator\" content=\"@sylvainxperrier\" \/>\n<meta name=\"twitter:site\" content=\"@sylvainxperrier\" \/>\n<meta name=\"twitter:label1\" content=\"\u00c9crit par\" \/>\n\t<meta name=\"twitter:data1\" content=\"nomade\" \/>\n\t<meta name=\"twitter:label2\" content=\"Dur\u00e9e de lecture estim\u00e9e\" \/>\n\t<meta name=\"twitter:data2\" content=\"4 minutes\" \/>\n<script type=\"application\/ld+json\" class=\"yoast-schema-graph\">{\"@context\":\"https:\\\/\\\/schema.org\",\"@graph\":[{\"@type\":\"Article\",\"@id\":\"https:\\\/\\\/le.nomade.sylvainperrierfotografi.com\\\/la-brume-hivernale\\\/#article\",\"isPartOf\":{\"@id\":\"https:\\\/\\\/le.nomade.sylvainperrierfotografi.com\\\/la-brume-hivernale\\\/\"},\"author\":{\"name\":\"nomade\",\"@id\":\"https:\\\/\\\/le.nomade.sylvainperrierfotografi.com\\\/#\\\/schema\\\/person\\\/422f9f9af75b66cb9416a7ef7bc22a92\"},\"headline\":\"La brume hivernale\",\"datePublished\":\"2024-05-01T13:02:44+00:00\",\"dateModified\":\"2024-06-07T02:20:11+00:00\",\"mainEntityOfPage\":{\"@id\":\"https:\\\/\\\/le.nomade.sylvainperrierfotografi.com\\\/la-brume-hivernale\\\/\"},\"wordCount\":419,\"publisher\":{\"@id\":\"https:\\\/\\\/le.nomade.sylvainperrierfotografi.com\\\/#\\\/schema\\\/person\\\/422f9f9af75b66cb9416a7ef7bc22a92\"},\"image\":{\"@id\":\"https:\\\/\\\/le.nomade.sylvainperrierfotografi.com\\\/la-brume-hivernale\\\/#primaryimage\"},\"thumbnailUrl\":\"https:\\\/\\\/i0.wp.com\\\/le.nomade.sylvainperrierfotografi.com\\\/wp-content\\\/uploads\\\/2024\\\/05\\\/Brume-Hivernale-2.jpg?fit=1950%2C1300&ssl=1\",\"articleSection\":[\"Paysages \u00c9poustouflants\"],\"inLanguage\":\"fr-FR\"},{\"@type\":\"WebPage\",\"@id\":\"https:\\\/\\\/le.nomade.sylvainperrierfotografi.com\\\/la-brume-hivernale\\\/\",\"url\":\"https:\\\/\\\/le.nomade.sylvainperrierfotografi.com\\\/la-brume-hivernale\\\/\",\"name\":\"La brume hivernale - Le Nomade\",\"isPartOf\":{\"@id\":\"https:\\\/\\\/le.nomade.sylvainperrierfotografi.com\\\/#website\"},\"primaryImageOfPage\":{\"@id\":\"https:\\\/\\\/le.nomade.sylvainperrierfotografi.com\\\/la-brume-hivernale\\\/#primaryimage\"},\"image\":{\"@id\":\"https:\\\/\\\/le.nomade.sylvainperrierfotografi.com\\\/la-brume-hivernale\\\/#primaryimage\"},\"thumbnailUrl\":\"https:\\\/\\\/i0.wp.com\\\/le.nomade.sylvainperrierfotografi.com\\\/wp-content\\\/uploads\\\/2024\\\/05\\\/Brume-Hivernale-2.jpg?fit=1950%2C1300&ssl=1\",\"datePublished\":\"2024-05-01T13:02:44+00:00\",\"dateModified\":\"2024-06-07T02:20:11+00:00\",\"description\":\"La brume hivernale : C'\u00e9tait un matin d'hiver, et j'avais d\u00e9cid\u00e9 de me rendre au Parc de la Gatineau pour immortaliser sa beaut\u00e9 avec mon drone et ma cam\u00e9ra.\",\"breadcrumb\":{\"@id\":\"https:\\\/\\\/le.nomade.sylvainperrierfotografi.com\\\/la-brume-hivernale\\\/#breadcrumb\"},\"inLanguage\":\"fr-FR\",\"potentialAction\":[{\"@type\":\"ReadAction\",\"target\":[\"https:\\\/\\\/le.nomade.sylvainperrierfotografi.com\\\/la-brume-hivernale\\\/\"]}]},{\"@type\":\"ImageObject\",\"inLanguage\":\"fr-FR\",\"@id\":\"https:\\\/\\\/le.nomade.sylvainperrierfotografi.com\\\/la-brume-hivernale\\\/#primaryimage\",\"url\":\"https:\\\/\\\/i0.wp.com\\\/le.nomade.sylvainperrierfotografi.com\\\/wp-content\\\/uploads\\\/2024\\\/05\\\/Brume-Hivernale-2.jpg?fit=1950%2C1300&ssl=1\",\"contentUrl\":\"https:\\\/\\\/i0.wp.com\\\/le.nomade.sylvainperrierfotografi.com\\\/wp-content\\\/uploads\\\/2024\\\/05\\\/Brume-Hivernale-2.jpg?fit=1950%2C1300&ssl=1\",\"width\":1950,\"height\":1300,\"caption\":\"La brume hivernale\"},{\"@type\":\"BreadcrumbList\",\"@id\":\"https:\\\/\\\/le.nomade.sylvainperrierfotografi.com\\\/la-brume-hivernale\\\/#breadcrumb\",\"itemListElement\":[{\"@type\":\"ListItem\",\"position\":1,\"name\":\"Accueil\",\"item\":\"https:\\\/\\\/le.nomade.sylvainperrierfotografi.com\\\/\"},{\"@type\":\"ListItem\",\"position\":2,\"name\":\"La brume hivernale\"}]},{\"@type\":\"WebSite\",\"@id\":\"https:\\\/\\\/le.nomade.sylvainperrierfotografi.com\\\/#website\",\"url\":\"https:\\\/\\\/le.nomade.sylvainperrierfotografi.com\\\/\",\"name\":\"Le Nomade Sylvain Perrier\",\"description\":\"L\u00e0 o\u00f9 les images rencontrent les mots\",\"publisher\":{\"@id\":\"https:\\\/\\\/le.nomade.sylvainperrierfotografi.com\\\/#\\\/schema\\\/person\\\/422f9f9af75b66cb9416a7ef7bc22a92\"},\"alternateName\":\"Sylvain Perrier\",\"potentialAction\":[{\"@type\":\"SearchAction\",\"target\":{\"@type\":\"EntryPoint\",\"urlTemplate\":\"https:\\\/\\\/le.nomade.sylvainperrierfotografi.com\\\/?s={search_term_string}\"},\"query-input\":{\"@type\":\"PropertyValueSpecification\",\"valueRequired\":true,\"valueName\":\"search_term_string\"}}],\"inLanguage\":\"fr-FR\"},{\"@type\":[\"Person\",\"Organization\"],\"@id\":\"https:\\\/\\\/le.nomade.sylvainperrierfotografi.com\\\/#\\\/schema\\\/person\\\/422f9f9af75b66cb9416a7ef7bc22a92\",\"name\":\"nomade\",\"image\":{\"@type\":\"ImageObject\",\"inLanguage\":\"fr-FR\",\"@id\":\"https:\\\/\\\/i0.wp.com\\\/le.nomade.sylvainperrierfotografi.com\\\/wp-content\\\/uploads\\\/2024\\\/04\\\/cropped-Sylvain-Perrier-Photographie-roadtrip.jpg?fit=1056%2C348&ssl=1\",\"url\":\"https:\\\/\\\/i0.wp.com\\\/le.nomade.sylvainperrierfotografi.com\\\/wp-content\\\/uploads\\\/2024\\\/04\\\/cropped-Sylvain-Perrier-Photographie-roadtrip.jpg?fit=1056%2C348&ssl=1\",\"contentUrl\":\"https:\\\/\\\/i0.wp.com\\\/le.nomade.sylvainperrierfotografi.com\\\/wp-content\\\/uploads\\\/2024\\\/04\\\/cropped-Sylvain-Perrier-Photographie-roadtrip.jpg?fit=1056%2C348&ssl=1\",\"width\":1056,\"height\":348,\"caption\":\"nomade\"},\"logo\":{\"@id\":\"https:\\\/\\\/i0.wp.com\\\/le.nomade.sylvainperrierfotografi.com\\\/wp-content\\\/uploads\\\/2024\\\/04\\\/cropped-Sylvain-Perrier-Photographie-roadtrip.jpg?fit=1056%2C348&ssl=1\"},\"sameAs\":[\"https:\\\/\\\/le.nomade.sylvainperrierfotografi.com\",\"https:\\\/\\\/www.facebook.com\\\/SylvainPerrierFotografie\",\"https:\\\/\\\/www.instagram.com\\\/sylvainperrierfotografi\",\"https:\\\/\\\/www.pinterest.ca\\\/sylvain_perrier\",\"https:\\\/\\\/x.com\\\/sylvainxperrier\",\"https:\\\/\\\/www.youtube.com\\\/user\\\/lencadreursylvain\",\"https:\\\/\\\/www.tumblr.com\\\/blog\\\/sylvainperrierfotografi\"]}]}<\/script>\n<!-- \/ Yoast SEO plugin. -->","yoast_head_json":{"title":"La brume hivernale - Le Nomade","description":"La brume hivernale : C'\u00e9tait un matin d'hiver, et j'avais d\u00e9cid\u00e9 de me rendre au Parc de la Gatineau pour immortaliser sa beaut\u00e9 avec mon drone et ma cam\u00e9ra.","robots":{"index":"index","follow":"follow","max-snippet":"max-snippet:-1","max-image-preview":"max-image-preview:large","max-video-preview":"max-video-preview:-1"},"canonical":"https:\/\/le.nomade.sylvainperrierfotografi.com\/fr\/la-brume-hivernale\/","og_locale":"fr_FR","og_type":"article","og_title":"La brume hivernale","og_description":"La brume hivernale : C'\u00e9tait un matin d'hiver, et j'avais d\u00e9cid\u00e9 de me rendre au Parc de la Gatineau pour immortaliser sa beaut\u00e9 avec mon drone et ma cam\u00e9ra.","og_url":"https:\/\/le.nomade.sylvainperrierfotografi.com\/fr\/la-brume-hivernale\/","og_site_name":"Le Nomade","article_publisher":"https:\/\/www.facebook.com\/SylvainPerrierFotografie","article_author":"https:\/\/www.facebook.com\/SylvainPerrierFotografie","article_published_time":"2024-05-01T13:02:44+00:00","article_modified_time":"2024-06-07T02:20:11+00:00","og_image":[{"width":1950,"height":1300,"url":"https:\/\/le.nomade.sylvainperrierfotografi.com\/wp-content\/uploads\/2024\/05\/Brume-Hivernale-6.jpg","type":"image\/jpeg"}],"author":"nomade","twitter_card":"summary_large_image","twitter_title":"La brume hivernale","twitter_description":"La brume hivernale : C'\u00e9tait un matin d'hiver, et j'avais d\u00e9cid\u00e9 de me rendre au Parc de la Gatineau pour immortaliser sa beaut\u00e9 avec mon drone et ma cam\u00e9ra.","twitter_image":"https:\/\/i0.wp.com\/le.nomade.sylvainperrierfotografi.com\/wp-content\/uploads\/2024\/05\/Brume-Hivernale-6.jpg?fit=1950%2C1300&ssl=1","twitter_creator":"@sylvainxperrier","twitter_site":"@sylvainxperrier","twitter_misc":{"\u00c9crit par":"nomade","Dur\u00e9e de lecture estim\u00e9e":"4 minutes"},"schema":{"@context":"https:\/\/schema.org","@graph":[{"@type":"Article","@id":"https:\/\/le.nomade.sylvainperrierfotografi.com\/la-brume-hivernale\/#article","isPartOf":{"@id":"https:\/\/le.nomade.sylvainperrierfotografi.com\/la-brume-hivernale\/"},"author":{"name":"nomade","@id":"https:\/\/le.nomade.sylvainperrierfotografi.com\/#\/schema\/person\/422f9f9af75b66cb9416a7ef7bc22a92"},"headline":"La brume hivernale","datePublished":"2024-05-01T13:02:44+00:00","dateModified":"2024-06-07T02:20:11+00:00","mainEntityOfPage":{"@id":"https:\/\/le.nomade.sylvainperrierfotografi.com\/la-brume-hivernale\/"},"wordCount":419,"publisher":{"@id":"https:\/\/le.nomade.sylvainperrierfotografi.com\/#\/schema\/person\/422f9f9af75b66cb9416a7ef7bc22a92"},"image":{"@id":"https:\/\/le.nomade.sylvainperrierfotografi.com\/la-brume-hivernale\/#primaryimage"},"thumbnailUrl":"https:\/\/i0.wp.com\/le.nomade.sylvainperrierfotografi.com\/wp-content\/uploads\/2024\/05\/Brume-Hivernale-2.jpg?fit=1950%2C1300&ssl=1","articleSection":["Paysages \u00c9poustouflants"],"inLanguage":"fr-FR"},{"@type":"WebPage","@id":"https:\/\/le.nomade.sylvainperrierfotografi.com\/la-brume-hivernale\/","url":"https:\/\/le.nomade.sylvainperrierfotografi.com\/la-brume-hivernale\/","name":"La brume hivernale - Le Nomade","isPartOf":{"@id":"https:\/\/le.nomade.sylvainperrierfotografi.com\/#website"},"primaryImageOfPage":{"@id":"https:\/\/le.nomade.sylvainperrierfotografi.com\/la-brume-hivernale\/#primaryimage"},"image":{"@id":"https:\/\/le.nomade.sylvainperrierfotografi.com\/la-brume-hivernale\/#primaryimage"},"thumbnailUrl":"https:\/\/i0.wp.com\/le.nomade.sylvainperrierfotografi.com\/wp-content\/uploads\/2024\/05\/Brume-Hivernale-2.jpg?fit=1950%2C1300&ssl=1","datePublished":"2024-05-01T13:02:44+00:00","dateModified":"2024-06-07T02:20:11+00:00","description":"La brume hivernale : C'\u00e9tait un matin d'hiver, et j'avais d\u00e9cid\u00e9 de me rendre au Parc de la Gatineau pour immortaliser sa beaut\u00e9 avec mon drone et ma cam\u00e9ra.","breadcrumb":{"@id":"https:\/\/le.nomade.sylvainperrierfotografi.com\/la-brume-hivernale\/#breadcrumb"},"inLanguage":"fr-FR","potentialAction":[{"@type":"ReadAction","target":["https:\/\/le.nomade.sylvainperrierfotografi.com\/la-brume-hivernale\/"]}]},{"@type":"ImageObject","inLanguage":"fr-FR","@id":"https:\/\/le.nomade.sylvainperrierfotografi.com\/la-brume-hivernale\/#primaryimage","url":"https:\/\/i0.wp.com\/le.nomade.sylvainperrierfotografi.com\/wp-content\/uploads\/2024\/05\/Brume-Hivernale-2.jpg?fit=1950%2C1300&ssl=1","contentUrl":"https:\/\/i0.wp.com\/le.nomade.sylvainperrierfotografi.com\/wp-content\/uploads\/2024\/05\/Brume-Hivernale-2.jpg?fit=1950%2C1300&ssl=1","width":1950,"height":1300,"caption":"La brume hivernale"},{"@type":"BreadcrumbList","@id":"https:\/\/le.nomade.sylvainperrierfotografi.com\/la-brume-hivernale\/#breadcrumb","itemListElement":[{"@type":"ListItem","position":1,"name":"Accueil","item":"https:\/\/le.nomade.sylvainperrierfotografi.com\/"},{"@type":"ListItem","position":2,"name":"La brume hivernale"}]},{"@type":"WebSite","@id":"https:\/\/le.nomade.sylvainperrierfotografi.com\/#website","url":"https:\/\/le.nomade.sylvainperrierfotografi.com\/","name":"Le Nomade Sylvain Perrier","description":"L\u00e0 o\u00f9 les images rencontrent les mots","publisher":{"@id":"https:\/\/le.nomade.sylvainperrierfotografi.com\/#\/schema\/person\/422f9f9af75b66cb9416a7ef7bc22a92"},"alternateName":"Sylvain Perrier","potentialAction":[{"@type":"SearchAction","target":{"@type":"EntryPoint","urlTemplate":"https:\/\/le.nomade.sylvainperrierfotografi.com\/?s={search_term_string}"},"query-input":{"@type":"PropertyValueSpecification","valueRequired":true,"valueName":"search_term_string"}}],"inLanguage":"fr-FR"},{"@type":["Person","Organization"],"@id":"https:\/\/le.nomade.sylvainperrierfotografi.com\/#\/schema\/person\/422f9f9af75b66cb9416a7ef7bc22a92","name":"nomade","image":{"@type":"ImageObject","inLanguage":"fr-FR","@id":"https:\/\/i0.wp.com\/le.nomade.sylvainperrierfotografi.com\/wp-content\/uploads\/2024\/04\/cropped-Sylvain-Perrier-Photographie-roadtrip.jpg?fit=1056%2C348&ssl=1","url":"https:\/\/i0.wp.com\/le.nomade.sylvainperrierfotografi.com\/wp-content\/uploads\/2024\/04\/cropped-Sylvain-Perrier-Photographie-roadtrip.jpg?fit=1056%2C348&ssl=1","contentUrl":"https:\/\/i0.wp.com\/le.nomade.sylvainperrierfotografi.com\/wp-content\/uploads\/2024\/04\/cropped-Sylvain-Perrier-Photographie-roadtrip.jpg?fit=1056%2C348&ssl=1","width":1056,"height":348,"caption":"nomade"},"logo":{"@id":"https:\/\/i0.wp.com\/le.nomade.sylvainperrierfotografi.com\/wp-content\/uploads\/2024\/04\/cropped-Sylvain-Perrier-Photographie-roadtrip.jpg?fit=1056%2C348&ssl=1"},"sameAs":["https:\/\/le.nomade.sylvainperrierfotografi.com","https:\/\/www.facebook.com\/SylvainPerrierFotografie","https:\/\/www.instagram.com\/sylvainperrierfotografi","https:\/\/www.pinterest.ca\/sylvain_perrier","https:\/\/x.com\/sylvainxperrier","https:\/\/www.youtube.com\/user\/lencadreursylvain","https:\/\/www.tumblr.com\/blog\/sylvainperrierfotografi"]}]}},"jetpack_publicize_connections":[],"jetpack_featured_media_url":"https:\/\/i0.wp.com\/le.nomade.sylvainperrierfotografi.com\/wp-content\/uploads\/2024\/05\/Brume-Hivernale-2.jpg?fit=1950%2C1300&ssl=1","jetpack-related-posts":[{"id":169,"url":"https:\/\/le.nomade.sylvainperrierfotografi.com\/fr\/coucher-de-soleil-au-rapides-deschenes\/","url_meta":{"origin":142,"position":0},"title":"Coucher de soleil au Rapides-Desch\u00eanes","author":"nomade","date":"1 mai 2024","format":false,"excerpt":"Le coucher du soleil existe pour nous rappeler la beaut\u00e9 de la vie et la remercier pour un autre jour de v\u00e9cu. Coucher de soleil au Rapides-Desch\u00eanes \u00a0; il incarne un moment de contemplation profonde, o\u00f9 la nature d\u00e9voile toute sa splendeur dans une symphonie de couleurs \u00e9blouissantes. Nich\u00e9 dans\u2026","rel":"","context":"Dans &quot;Paysages \u00c9poustouflants&quot;","block_context":{"text":"Paysages \u00c9poustouflants","link":"https:\/\/le.nomade.sylvainperrierfotografi.com\/fr\/category\/paysages-epoustouflants\/"},"img":{"alt_text":"Coucher de soleil au Rapides-Desch\u00eanes","src":"https:\/\/i0.wp.com\/le.nomade.sylvainperrierfotografi.com\/wp-content\/uploads\/2024\/05\/Coucher-de-soleil-au-Rapides-Deschenes-5259-scaled-1.jpg?fit=1200%2C675&ssl=1&resize=350%2C200","width":350,"height":200,"srcset":"https:\/\/i0.wp.com\/le.nomade.sylvainperrierfotografi.com\/wp-content\/uploads\/2024\/05\/Coucher-de-soleil-au-Rapides-Deschenes-5259-scaled-1.jpg?fit=1200%2C675&ssl=1&resize=350%2C200 1x, https:\/\/i0.wp.com\/le.nomade.sylvainperrierfotografi.com\/wp-content\/uploads\/2024\/05\/Coucher-de-soleil-au-Rapides-Deschenes-5259-scaled-1.jpg?fit=1200%2C675&ssl=1&resize=525%2C300 1.5x, https:\/\/i0.wp.com\/le.nomade.sylvainperrierfotografi.com\/wp-content\/uploads\/2024\/05\/Coucher-de-soleil-au-Rapides-Deschenes-5259-scaled-1.jpg?fit=1200%2C675&ssl=1&resize=700%2C400 2x, https:\/\/i0.wp.com\/le.nomade.sylvainperrierfotografi.com\/wp-content\/uploads\/2024\/05\/Coucher-de-soleil-au-Rapides-Deschenes-5259-scaled-1.jpg?fit=1200%2C675&ssl=1&resize=1050%2C600 3x"},"classes":[]},{"id":99,"url":"https:\/\/le.nomade.sylvainperrierfotografi.com\/fr\/pont-couvert-du-ruisseau-meech\/","url_meta":{"origin":142,"position":1},"title":"Pont Couvert du Ruisseau Meech","author":"nomade","date":"30 avril 2024","format":false,"excerpt":"Outaouais\u00a0Chelsea (Farm-Point) : Pont Couvert du Ruisseau Meech Chelsea, situ\u00e9e dans le secteur de Farm-Point, est une communaut\u00e9 qui s'est d\u00e9velopp\u00e9e autour de la Vall\u00e9e du ruisseau Meech d\u00e8s la fin des ann\u00e9es 1820. Elle faisait partie int\u00e9grante de l'ancien canton de Hull. Son pont couvert embl\u00e9matique, d\u00e9sormais le symbole\u2026","rel":"","context":"Dans &quot;Monuments et \u00c9difices&quot;","block_context":{"text":"Monuments et \u00c9difices","link":"https:\/\/le.nomade.sylvainperrierfotografi.com\/fr\/category\/monuments-et-edifices\/"},"img":{"alt_text":"Pont Couvert du Ruisseau Meech","src":"https:\/\/i0.wp.com\/le.nomade.sylvainperrierfotografi.com\/wp-content\/uploads\/2024\/04\/Pont-Couvert-du-Ruisseau-Meech.jpg?fit=1200%2C800&ssl=1&resize=350%2C200","width":350,"height":200,"srcset":"https:\/\/i0.wp.com\/le.nomade.sylvainperrierfotografi.com\/wp-content\/uploads\/2024\/04\/Pont-Couvert-du-Ruisseau-Meech.jpg?fit=1200%2C800&ssl=1&resize=350%2C200 1x, https:\/\/i0.wp.com\/le.nomade.sylvainperrierfotografi.com\/wp-content\/uploads\/2024\/04\/Pont-Couvert-du-Ruisseau-Meech.jpg?fit=1200%2C800&ssl=1&resize=525%2C300 1.5x, https:\/\/i0.wp.com\/le.nomade.sylvainperrierfotografi.com\/wp-content\/uploads\/2024\/04\/Pont-Couvert-du-Ruisseau-Meech.jpg?fit=1200%2C800&ssl=1&resize=700%2C400 2x, https:\/\/i0.wp.com\/le.nomade.sylvainperrierfotografi.com\/wp-content\/uploads\/2024\/04\/Pont-Couvert-du-Ruisseau-Meech.jpg?fit=1200%2C800&ssl=1&resize=1050%2C600 3x"},"classes":[]},{"id":107,"url":"https:\/\/le.nomade.sylvainperrierfotografi.com\/fr\/lac-mountains-hollow-glen\/","url_meta":{"origin":142,"position":2},"title":"Lac Mountains &#8211; Hollow Glen","author":"nomade","date":"30 avril 2024","format":false,"excerpt":"Le lac des Montagnes, surnomm\u00e9 \u00e9galement lac Mountains ou lac Beamish, se trouve au c\u0153ur du secteur Hollow Glen, au sein de la Municipalit\u00e9 de Chelsea. Ce lac, qui constitue l'\u00e9picentre d'une zone r\u00e9sidentielle pittoresque, est nourri par les eaux provenant de l'est via l'exutoire du barrage Kelly, une propri\u00e9t\u00e9\u2026","rel":"","context":"Dans &quot;Paysages \u00c9poustouflants&quot;","block_context":{"text":"Paysages \u00c9poustouflants","link":"https:\/\/le.nomade.sylvainperrierfotografi.com\/fr\/category\/paysages-epoustouflants\/"},"img":{"alt_text":"Lac Mountains - Hollow Glen","src":"https:\/\/i0.wp.com\/le.nomade.sylvainperrierfotografi.com\/wp-content\/uploads\/2024\/04\/Lac-Mountains-Hollow-Glen.jpg?fit=1200%2C1200&ssl=1&resize=350%2C200","width":350,"height":200,"srcset":"https:\/\/i0.wp.com\/le.nomade.sylvainperrierfotografi.com\/wp-content\/uploads\/2024\/04\/Lac-Mountains-Hollow-Glen.jpg?fit=1200%2C1200&ssl=1&resize=350%2C200 1x, https:\/\/i0.wp.com\/le.nomade.sylvainperrierfotografi.com\/wp-content\/uploads\/2024\/04\/Lac-Mountains-Hollow-Glen.jpg?fit=1200%2C1200&ssl=1&resize=525%2C300 1.5x, https:\/\/i0.wp.com\/le.nomade.sylvainperrierfotografi.com\/wp-content\/uploads\/2024\/04\/Lac-Mountains-Hollow-Glen.jpg?fit=1200%2C1200&ssl=1&resize=700%2C400 2x, https:\/\/i0.wp.com\/le.nomade.sylvainperrierfotografi.com\/wp-content\/uploads\/2024\/04\/Lac-Mountains-Hollow-Glen.jpg?fit=1200%2C1200&ssl=1&resize=1050%2C600 3x"},"classes":[]},{"id":685,"url":"https:\/\/le.nomade.sylvainperrierfotografi.com\/fr\/evasion-visuelle-a-la-marina-daylmer\/","url_meta":{"origin":142,"position":3},"title":"\u00c9vasion Visuelle \u00e0 la Marina d&#8217;Aylmer","author":"nomade","date":"11 juin 2024","format":false,"excerpt":"\u00c9vasion Visuelle \u00e0 la Marina d'Aylmer : Instantan\u00e9s de S\u00e9r\u00e9nit\u00e9 Lors d\u2019un cours de photographie \u00e0 la Marina d\u2019Aylmer, j\u2019ai eu l\u2019opportunit\u00e9 de capturer la beaut\u00e9 tranquille de ce lieu et de ses alentours. \u00c0 travers ces dix clich\u00e9s, je vous invite \u00e0 d\u00e9couvrir une s\u00e9rie de moments suspendus, o\u00f9\u2026","rel":"","context":"Dans &quot;Paysages \u00c9poustouflants&quot;","block_context":{"text":"Paysages \u00c9poustouflants","link":"https:\/\/le.nomade.sylvainperrierfotografi.com\/fr\/category\/paysages-epoustouflants\/"},"img":{"alt_text":"\u00c9vasion Visuelle \u00e0 la Marina d'Aylmer","src":"https:\/\/i0.wp.com\/le.nomade.sylvainperrierfotografi.com\/wp-content\/uploads\/2024\/06\/Evasion-Visuelle-a-la-Marina-dAylmer-12.jpg?fit=720%2C1080&ssl=1&resize=350%2C200","width":350,"height":200,"srcset":"https:\/\/i0.wp.com\/le.nomade.sylvainperrierfotografi.com\/wp-content\/uploads\/2024\/06\/Evasion-Visuelle-a-la-Marina-dAylmer-12.jpg?fit=720%2C1080&ssl=1&resize=350%2C200 1x, https:\/\/i0.wp.com\/le.nomade.sylvainperrierfotografi.com\/wp-content\/uploads\/2024\/06\/Evasion-Visuelle-a-la-Marina-dAylmer-12.jpg?fit=720%2C1080&ssl=1&resize=525%2C300 1.5x, https:\/\/i0.wp.com\/le.nomade.sylvainperrierfotografi.com\/wp-content\/uploads\/2024\/06\/Evasion-Visuelle-a-la-Marina-dAylmer-12.jpg?fit=720%2C1080&ssl=1&resize=700%2C400 2x"},"classes":[]},{"id":234,"url":"https:\/\/le.nomade.sylvainperrierfotografi.com\/fr\/couchers-de-soleil-en-outaouais\/","url_meta":{"origin":142,"position":4},"title":"Couchers de Soleil en Outaouais","author":"nomade","date":"1 mai 2024","format":false,"excerpt":"Chaque soir, la nature s'appr\u00eate \u00e0 jouer son acte le plus captivant. Que ce soit \u00e0 la Marina d'Aylmer ou dans les r\u00e9gions recul\u00e9es du Pontiac, le ciel se pare de teintes \u00e9carlates, dor\u00e9es et pourpres, transformant l'horizon en un tableau vivant. Les derniers rayons du soleil se refl\u00e8tent sur\u2026","rel":"","context":"Dans &quot;Paysages \u00c9poustouflants&quot;","block_context":{"text":"Paysages \u00c9poustouflants","link":"https:\/\/le.nomade.sylvainperrierfotografi.com\/fr\/category\/paysages-epoustouflants\/"},"img":{"alt_text":"Couchers de Soleil en Outaouais","src":"https:\/\/i0.wp.com\/le.nomade.sylvainperrierfotografi.com\/wp-content\/uploads\/2024\/05\/Les-Couchers-de-Soleil-de-lOutaouais-2-3.jpg?fit=1200%2C800&ssl=1&resize=350%2C200","width":350,"height":200,"srcset":"https:\/\/i0.wp.com\/le.nomade.sylvainperrierfotografi.com\/wp-content\/uploads\/2024\/05\/Les-Couchers-de-Soleil-de-lOutaouais-2-3.jpg?fit=1200%2C800&ssl=1&resize=350%2C200 1x, https:\/\/i0.wp.com\/le.nomade.sylvainperrierfotografi.com\/wp-content\/uploads\/2024\/05\/Les-Couchers-de-Soleil-de-lOutaouais-2-3.jpg?fit=1200%2C800&ssl=1&resize=525%2C300 1.5x, https:\/\/i0.wp.com\/le.nomade.sylvainperrierfotografi.com\/wp-content\/uploads\/2024\/05\/Les-Couchers-de-Soleil-de-lOutaouais-2-3.jpg?fit=1200%2C800&ssl=1&resize=700%2C400 2x, https:\/\/i0.wp.com\/le.nomade.sylvainperrierfotografi.com\/wp-content\/uploads\/2024\/05\/Les-Couchers-de-Soleil-de-lOutaouais-2-3.jpg?fit=1200%2C800&ssl=1&resize=1050%2C600 3x"},"classes":[]},{"id":133,"url":"https:\/\/le.nomade.sylvainperrierfotografi.com\/fr\/le-pont-couvert-de-wakefield\/","url_meta":{"origin":142,"position":5},"title":"Le pont couvert de Wakefield","author":"nomade","date":"1 mai 2024","format":false,"excerpt":"Le Pont couvert de Wakefield, \u00e9galement connu sous le nom de Pont Gendron, a une riche histoire qui remonte \u00e0 son \u00e9tablissement initial en 1915. Il \u00e9tait l'un des premiers ponts couverts \u00e0 relier les deux rives de la rivi\u00e8re Gatineau, facilitant une connexion cruciale avec la communaut\u00e9 agricole en\u2026","rel":"","context":"Dans &quot;Paysages \u00c9poustouflants&quot;","block_context":{"text":"Paysages \u00c9poustouflants","link":"https:\/\/le.nomade.sylvainperrierfotografi.com\/fr\/category\/paysages-epoustouflants\/"},"img":{"alt_text":"Le pont couvert de Wakefield","src":"https:\/\/i0.wp.com\/le.nomade.sylvainperrierfotografi.com\/wp-content\/uploads\/2024\/05\/Le-pont-couvert-de-Wakefield.jpg?fit=1200%2C900&ssl=1&resize=350%2C200","width":350,"height":200,"srcset":"https:\/\/i0.wp.com\/le.nomade.sylvainperrierfotografi.com\/wp-content\/uploads\/2024\/05\/Le-pont-couvert-de-Wakefield.jpg?fit=1200%2C900&ssl=1&resize=350%2C200 1x, https:\/\/i0.wp.com\/le.nomade.sylvainperrierfotografi.com\/wp-content\/uploads\/2024\/05\/Le-pont-couvert-de-Wakefield.jpg?fit=1200%2C900&ssl=1&resize=525%2C300 1.5x, https:\/\/i0.wp.com\/le.nomade.sylvainperrierfotografi.com\/wp-content\/uploads\/2024\/05\/Le-pont-couvert-de-Wakefield.jpg?fit=1200%2C900&ssl=1&resize=700%2C400 2x, https:\/\/i0.wp.com\/le.nomade.sylvainperrierfotografi.com\/wp-content\/uploads\/2024\/05\/Le-pont-couvert-de-Wakefield.jpg?fit=1200%2C900&ssl=1&resize=1050%2C600 3x"},"classes":[]}],"jetpack_sharing_enabled":true,"_links":{"self":[{"href":"https:\/\/le.nomade.sylvainperrierfotografi.com\/fr\/wp-json\/wp\/v2\/posts\/142","targetHints":{"allow":["GET"]}}],"collection":[{"href":"https:\/\/le.nomade.sylvainperrierfotografi.com\/fr\/wp-json\/wp\/v2\/posts"}],"about":[{"href":"https:\/\/le.nomade.sylvainperrierfotografi.com\/fr\/wp-json\/wp\/v2\/types\/post"}],"author":[{"embeddable":true,"href":"https:\/\/le.nomade.sylvainperrierfotografi.com\/fr\/wp-json\/wp\/v2\/users\/1"}],"replies":[{"embeddable":true,"href":"https:\/\/le.nomade.sylvainperrierfotografi.com\/fr\/wp-json\/wp\/v2\/comments?post=142"}],"version-history":[{"count":5,"href":"https:\/\/le.nomade.sylvainperrierfotografi.com\/fr\/wp-json\/wp\/v2\/posts\/142\/revisions"}],"predecessor-version":[{"id":662,"href":"https:\/\/le.nomade.sylvainperrierfotografi.com\/fr\/wp-json\/wp\/v2\/posts\/142\/revisions\/662"}],"wp:featuredmedia":[{"embeddable":true,"href":"https:\/\/le.nomade.sylvainperrierfotografi.com\/fr\/wp-json\/wp\/v2\/media\/146"}],"wp:attachment":[{"href":"https:\/\/le.nomade.sylvainperrierfotografi.com\/fr\/wp-json\/wp\/v2\/media?parent=142"}],"wp:term":[{"taxonomy":"category","embeddable":true,"href":"https:\/\/le.nomade.sylvainperrierfotografi.com\/fr\/wp-json\/wp\/v2\/categories?post=142"},{"taxonomy":"post_tag","embeddable":true,"href":"https:\/\/le.nomade.sylvainperrierfotografi.com\/fr\/wp-json\/wp\/v2\/tags?post=142"}],"curies":[{"name":"wp","href":"https:\/\/api.w.org\/{rel}","templated":true}]}}