{"id":157,"date":"2024-05-01T09:13:15","date_gmt":"2024-05-01T13:13:15","guid":{"rendered":"https:\/\/le.nomade.sylvainperrierfotografi.com\/?post_type=jetpack-portfolio&#038;p=157"},"modified":"2024-06-06T22:19:28","modified_gmt":"2024-06-07T02:19:28","slug":"laccalmie","status":"publish","type":"post","link":"https:\/\/le.nomade.sylvainperrierfotografi.com\/fr\/laccalmie\/","title":{"rendered":"L&#8217;Accalmie"},"content":{"rendered":"<blockquote class=\"wp-block-quote has-text-align-center is-layout-flow wp-block-quote-is-layout-flow\">\n<p class=\"\">L\u2019Accalmie et son premier capitaine, \u00c9loi Perron, sont partis presque en m\u00eame temps pour une derni\u00e8re odyss\u00e9e.<\/p>\n<\/blockquote>\n\n\n\n<h3 class=\"wp-block-heading\"><strong>Une go\u00e9lette mythique<\/strong><\/h3>\n\n\n\n<p class=\"\">Pendant plusieurs ann\u00e9es, le navire de 300 tonnes dormait sur les berges. Bien en vue et dans un secteur pris\u00e9 des touristes, la go\u00e9lette a immortalis\u00e9 par de nombreux photographes professionnels et amateurs.<\/p>\n\n\n\n<p class=\"\">En plus des photographies qui l&#8217;auront fait conna\u00eetre \u00e0 l&#8217;ext\u00e9rieur des fronti\u00e8res du Qu\u00e9bec, l&#8217;Accalmie a aussi \u00e9t\u00e9 la vedette de plusieurs toiles et ouvrages litt\u00e9raires.<\/p>\n\n\n\n<div class=\"is-style-rectangular wp-block-jetpack-tiled-gallery is-style-rectangular\"><div class=\"\"><div class=\"tiled-gallery__gallery\"><div class=\"tiled-gallery__row\"><div class=\"tiled-gallery__col\" style=\"flex-basis:69.16904%\"><figure class=\"tiled-gallery__item\"><img decoding=\"async\" data-attachment-id=\"160\" data-permalink=\"https:\/\/le.nomade.sylvainperrierfotografi.com\/fr\/laccalmie\/baie-saint-paul-la-goelette-2\/\" data-orig-file=\"https:\/\/i0.wp.com\/le.nomade.sylvainperrierfotografi.com\/wp-content\/uploads\/2024\/05\/Baie-Saint-Paul-la-Goelette-2.jpg?fit=1950%2C1300&amp;ssl=1\" data-orig-size=\"1950,1300\" data-comments-opened=\"1\" data-image-meta=\"{&quot;aperture&quot;:&quot;8&quot;,&quot;credit&quot;:&quot;&quot;,&quot;camera&quot;:&quot;Canon EOS DIGITAL REBEL XSi&quot;,&quot;caption&quot;:&quot;&quot;,&quot;created_timestamp&quot;:&quot;1249470489&quot;,&quot;copyright&quot;:&quot;&quot;,&quot;focal_length&quot;:&quot;70&quot;,&quot;iso&quot;:&quot;100&quot;,&quot;shutter_speed&quot;:&quot;0.004&quot;,&quot;title&quot;:&quot;&quot;,&quot;orientation&quot;:&quot;0&quot;}\" data-image-title=\"Baie-Saint-Paul-la-Goelette-2\" data-image-description=\"&lt;p&gt;L&amp;#8217;Accalmie&lt;\/p&gt;\" data-image-caption=\"&lt;p&gt;L&amp;#8217;Accalmie&lt;\/p&gt;\" data-large-file=\"https:\/\/i0.wp.com\/le.nomade.sylvainperrierfotografi.com\/wp-content\/uploads\/2024\/05\/Baie-Saint-Paul-la-Goelette-2.jpg?fit=940%2C627&amp;ssl=1\" role=\"button\" tabindex=\"0\" aria-label=\"Ouvrir l\u2019image 1 sur 5 en plein \u00e9cran\" srcset=\"https:\/\/i2.wp.com\/le.nomade.sylvainperrierfotografi.com\/wp-content\/uploads\/2024\/05\/Baie-Saint-Paul-la-Goelette-2-1024x683.jpg?strip=info&#038;w=600&#038;ssl=1 600w,https:\/\/i2.wp.com\/le.nomade.sylvainperrierfotografi.com\/wp-content\/uploads\/2024\/05\/Baie-Saint-Paul-la-Goelette-2-1024x683.jpg?strip=info&#038;w=900&#038;ssl=1 900w,https:\/\/i2.wp.com\/le.nomade.sylvainperrierfotografi.com\/wp-content\/uploads\/2024\/05\/Baie-Saint-Paul-la-Goelette-2-1024x683.jpg?strip=info&#038;w=1200&#038;ssl=1 1200w,https:\/\/i2.wp.com\/le.nomade.sylvainperrierfotografi.com\/wp-content\/uploads\/2024\/05\/Baie-Saint-Paul-la-Goelette-2-1024x683.jpg?strip=info&#038;w=1500&#038;ssl=1 1500w,https:\/\/i2.wp.com\/le.nomade.sylvainperrierfotografi.com\/wp-content\/uploads\/2024\/05\/Baie-Saint-Paul-la-Goelette-2-1024x683.jpg?strip=info&#038;w=1800&#038;ssl=1 1800w,https:\/\/i2.wp.com\/le.nomade.sylvainperrierfotografi.com\/wp-content\/uploads\/2024\/05\/Baie-Saint-Paul-la-Goelette-2-1024x683.jpg?strip=info&#038;w=1950&#038;ssl=1 1950w\" alt=\"L'Accalmie\" data-height=\"1300\" data-id=\"160\" data-link=\"https:\/\/le.nomade.sylvainperrierfotografi.com\/laccalmie\/baie-saint-paul-la-goelette-2\/\" data-url=\"https:\/\/le.nomade.sylvainperrierfotografi.com\/wp-content\/uploads\/2024\/05\/Baie-Saint-Paul-la-Goelette-2-1024x683.jpg\" data-width=\"1950\" src=\"https:\/\/i2.wp.com\/le.nomade.sylvainperrierfotografi.com\/wp-content\/uploads\/2024\/05\/Baie-Saint-Paul-la-Goelette-2-1024x683.jpg?ssl=1\" data-amp-layout=\"responsive\"\/><\/figure><\/div><div class=\"tiled-gallery__col\" style=\"flex-basis:30.83096%\"><figure class=\"tiled-gallery__item\"><img decoding=\"async\" data-attachment-id=\"161\" data-permalink=\"https:\/\/le.nomade.sylvainperrierfotografi.com\/fr\/laccalmie\/baie-saint-paul-la-goelette-3\/\" data-orig-file=\"https:\/\/i0.wp.com\/le.nomade.sylvainperrierfotografi.com\/wp-content\/uploads\/2024\/05\/Baie-Saint-Paul-la-Goelette-3.jpg?fit=867%2C1300&amp;ssl=1\" data-orig-size=\"867,1300\" data-comments-opened=\"1\" data-image-meta=\"{&quot;aperture&quot;:&quot;10&quot;,&quot;credit&quot;:&quot;&quot;,&quot;camera&quot;:&quot;Canon EOS DIGITAL REBEL XSi&quot;,&quot;caption&quot;:&quot;&quot;,&quot;created_timestamp&quot;:&quot;1249471069&quot;,&quot;copyright&quot;:&quot;&quot;,&quot;focal_length&quot;:&quot;70&quot;,&quot;iso&quot;:&quot;200&quot;,&quot;shutter_speed&quot;:&quot;0.002&quot;,&quot;title&quot;:&quot;&quot;,&quot;orientation&quot;:&quot;0&quot;}\" data-image-title=\"Baie-Saint-Paul-la-Goelette-3\" data-image-description=\"&lt;p&gt;L&amp;#8217;Accalmie&lt;\/p&gt;\" data-image-caption=\"&lt;p&gt;L&amp;#8217;Accalmie&lt;\/p&gt;\" data-large-file=\"https:\/\/i0.wp.com\/le.nomade.sylvainperrierfotografi.com\/wp-content\/uploads\/2024\/05\/Baie-Saint-Paul-la-Goelette-3.jpg?fit=683%2C1024&amp;ssl=1\" role=\"button\" tabindex=\"0\" aria-label=\"Ouvrir l\u2019image 2 sur 5 en plein \u00e9cran\" srcset=\"https:\/\/i2.wp.com\/le.nomade.sylvainperrierfotografi.com\/wp-content\/uploads\/2024\/05\/Baie-Saint-Paul-la-Goelette-3-683x1024.jpg?strip=info&#038;w=600&#038;ssl=1 600w,https:\/\/i2.wp.com\/le.nomade.sylvainperrierfotografi.com\/wp-content\/uploads\/2024\/05\/Baie-Saint-Paul-la-Goelette-3-683x1024.jpg?strip=info&#038;w=867&#038;ssl=1 867w\" alt=\"L'Accalmie\" data-height=\"1300\" data-id=\"161\" data-link=\"https:\/\/le.nomade.sylvainperrierfotografi.com\/laccalmie\/baie-saint-paul-la-goelette-3\/\" data-url=\"https:\/\/le.nomade.sylvainperrierfotografi.com\/wp-content\/uploads\/2024\/05\/Baie-Saint-Paul-la-Goelette-3-683x1024.jpg\" data-width=\"867\" src=\"https:\/\/i2.wp.com\/le.nomade.sylvainperrierfotografi.com\/wp-content\/uploads\/2024\/05\/Baie-Saint-Paul-la-Goelette-3-683x1024.jpg?ssl=1\" data-amp-layout=\"responsive\"\/><\/figure><\/div><\/div><div class=\"tiled-gallery__row\"><div class=\"tiled-gallery__col\" style=\"flex-basis:47.26937%\"><figure class=\"tiled-gallery__item\"><img decoding=\"async\" data-attachment-id=\"162\" data-permalink=\"https:\/\/le.nomade.sylvainperrierfotografi.com\/fr\/laccalmie\/baie-saint-paul-la-goelette-4\/\" data-orig-file=\"https:\/\/i0.wp.com\/le.nomade.sylvainperrierfotografi.com\/wp-content\/uploads\/2024\/05\/Baie-Saint-Paul-la-Goelette-4.jpg?fit=867%2C1300&amp;ssl=1\" data-orig-size=\"867,1300\" data-comments-opened=\"1\" data-image-meta=\"{&quot;aperture&quot;:&quot;7.1&quot;,&quot;credit&quot;:&quot;&quot;,&quot;camera&quot;:&quot;Canon EOS DIGITAL REBEL XSi&quot;,&quot;caption&quot;:&quot;&quot;,&quot;created_timestamp&quot;:&quot;1249471411&quot;,&quot;copyright&quot;:&quot;&quot;,&quot;focal_length&quot;:&quot;70&quot;,&quot;iso&quot;:&quot;100&quot;,&quot;shutter_speed&quot;:&quot;0.005&quot;,&quot;title&quot;:&quot;&quot;,&quot;orientation&quot;:&quot;0&quot;}\" data-image-title=\"L&amp;#8217;Accalmie\" data-image-description=\"&lt;p&gt;L&amp;#8217;Accalmie&lt;\/p&gt;\" data-image-caption=\"&lt;p&gt;L&amp;#8217;Accalmie&lt;\/p&gt;\" data-large-file=\"https:\/\/i0.wp.com\/le.nomade.sylvainperrierfotografi.com\/wp-content\/uploads\/2024\/05\/Baie-Saint-Paul-la-Goelette-4.jpg?fit=683%2C1024&amp;ssl=1\" role=\"button\" tabindex=\"0\" aria-label=\"Ouvrir l\u2019image 3 sur 5 en plein \u00e9cran\" srcset=\"https:\/\/i0.wp.com\/le.nomade.sylvainperrierfotografi.com\/wp-content\/uploads\/2024\/05\/Baie-Saint-Paul-la-Goelette-4-683x1024.jpg?strip=info&#038;w=600&#038;ssl=1 600w,https:\/\/i0.wp.com\/le.nomade.sylvainperrierfotografi.com\/wp-content\/uploads\/2024\/05\/Baie-Saint-Paul-la-Goelette-4-683x1024.jpg?strip=info&#038;w=867&#038;ssl=1 867w\" alt=\"L'Accalmie\" data-height=\"1300\" data-id=\"162\" data-link=\"https:\/\/le.nomade.sylvainperrierfotografi.com\/laccalmie\/baie-saint-paul-la-goelette-4\/\" data-url=\"https:\/\/le.nomade.sylvainperrierfotografi.com\/wp-content\/uploads\/2024\/05\/Baie-Saint-Paul-la-Goelette-4-683x1024.jpg\" data-width=\"867\" src=\"https:\/\/i0.wp.com\/le.nomade.sylvainperrierfotografi.com\/wp-content\/uploads\/2024\/05\/Baie-Saint-Paul-la-Goelette-4-683x1024.jpg?ssl=1\" data-amp-layout=\"responsive\"\/><\/figure><\/div><div class=\"tiled-gallery__col\" style=\"flex-basis:52.73063%\"><figure class=\"tiled-gallery__item\"><img decoding=\"async\" data-attachment-id=\"164\" data-permalink=\"https:\/\/le.nomade.sylvainperrierfotografi.com\/fr\/laccalmie\/baie-saint-paul-la-goelette-6\/\" data-orig-file=\"https:\/\/i0.wp.com\/le.nomade.sylvainperrierfotografi.com\/wp-content\/uploads\/2024\/05\/Baie-Saint-Paul-la-Goelette-6.jpg?fit=1950%2C1300&amp;ssl=1\" data-orig-size=\"1950,1300\" data-comments-opened=\"1\" data-image-meta=\"{&quot;aperture&quot;:&quot;4&quot;,&quot;credit&quot;:&quot;&quot;,&quot;camera&quot;:&quot;Canon EOS DIGITAL REBEL XSi&quot;,&quot;caption&quot;:&quot;&quot;,&quot;created_timestamp&quot;:&quot;1249471264&quot;,&quot;copyright&quot;:&quot;&quot;,&quot;focal_length&quot;:&quot;70&quot;,&quot;iso&quot;:&quot;800&quot;,&quot;shutter_speed&quot;:&quot;0.00025&quot;,&quot;title&quot;:&quot;&quot;,&quot;orientation&quot;:&quot;0&quot;}\" data-image-title=\"Baie-Saint-Paul-la-Goelette-6\" data-image-description=\"&lt;p&gt;L&amp;#8217;Accalmie&lt;\/p&gt;\" data-image-caption=\"&lt;p&gt;L&amp;#8217;Accalmie&lt;\/p&gt;\" data-large-file=\"https:\/\/i0.wp.com\/le.nomade.sylvainperrierfotografi.com\/wp-content\/uploads\/2024\/05\/Baie-Saint-Paul-la-Goelette-6.jpg?fit=940%2C627&amp;ssl=1\" role=\"button\" tabindex=\"0\" aria-label=\"Ouvrir l\u2019image 4 sur 5 en plein \u00e9cran\" srcset=\"https:\/\/i1.wp.com\/le.nomade.sylvainperrierfotografi.com\/wp-content\/uploads\/2024\/05\/Baie-Saint-Paul-la-Goelette-6-1024x683.jpg?strip=info&#038;w=600&#038;ssl=1 600w,https:\/\/i1.wp.com\/le.nomade.sylvainperrierfotografi.com\/wp-content\/uploads\/2024\/05\/Baie-Saint-Paul-la-Goelette-6-1024x683.jpg?strip=info&#038;w=900&#038;ssl=1 900w,https:\/\/i1.wp.com\/le.nomade.sylvainperrierfotografi.com\/wp-content\/uploads\/2024\/05\/Baie-Saint-Paul-la-Goelette-6-1024x683.jpg?strip=info&#038;w=1200&#038;ssl=1 1200w,https:\/\/i1.wp.com\/le.nomade.sylvainperrierfotografi.com\/wp-content\/uploads\/2024\/05\/Baie-Saint-Paul-la-Goelette-6-1024x683.jpg?strip=info&#038;w=1500&#038;ssl=1 1500w,https:\/\/i1.wp.com\/le.nomade.sylvainperrierfotografi.com\/wp-content\/uploads\/2024\/05\/Baie-Saint-Paul-la-Goelette-6-1024x683.jpg?strip=info&#038;w=1800&#038;ssl=1 1800w,https:\/\/i1.wp.com\/le.nomade.sylvainperrierfotografi.com\/wp-content\/uploads\/2024\/05\/Baie-Saint-Paul-la-Goelette-6-1024x683.jpg?strip=info&#038;w=1950&#038;ssl=1 1950w\" alt=\"L'Accalmie\" data-height=\"1300\" data-id=\"164\" data-link=\"https:\/\/le.nomade.sylvainperrierfotografi.com\/laccalmie\/baie-saint-paul-la-goelette-6\/\" data-url=\"https:\/\/le.nomade.sylvainperrierfotografi.com\/wp-content\/uploads\/2024\/05\/Baie-Saint-Paul-la-Goelette-6-1024x683.jpg\" data-width=\"1950\" src=\"https:\/\/i1.wp.com\/le.nomade.sylvainperrierfotografi.com\/wp-content\/uploads\/2024\/05\/Baie-Saint-Paul-la-Goelette-6-1024x683.jpg?ssl=1\" data-amp-layout=\"responsive\"\/><\/figure><figure class=\"tiled-gallery__item\"><img decoding=\"async\" data-attachment-id=\"165\" data-permalink=\"https:\/\/le.nomade.sylvainperrierfotografi.com\/fr\/laccalmie\/baie-saint-paul-la-goelette-7\/\" data-orig-file=\"https:\/\/i0.wp.com\/le.nomade.sylvainperrierfotografi.com\/wp-content\/uploads\/2024\/05\/Baie-Saint-Paul-la-Goelette-7.jpg?fit=1950%2C1300&amp;ssl=1\" data-orig-size=\"1950,1300\" data-comments-opened=\"1\" data-image-meta=\"{&quot;aperture&quot;:&quot;10&quot;,&quot;credit&quot;:&quot;&quot;,&quot;camera&quot;:&quot;Canon EOS DIGITAL REBEL XSi&quot;,&quot;caption&quot;:&quot;&quot;,&quot;created_timestamp&quot;:&quot;1249471087&quot;,&quot;copyright&quot;:&quot;&quot;,&quot;focal_length&quot;:&quot;200&quot;,&quot;iso&quot;:&quot;250&quot;,&quot;shutter_speed&quot;:&quot;0.005&quot;,&quot;title&quot;:&quot;&quot;,&quot;orientation&quot;:&quot;0&quot;}\" data-image-title=\"L&amp;#8217;Accalmie\" data-image-description=\"&lt;p&gt;L&amp;#8217;Accalmie&lt;\/p&gt;\" data-image-caption=\"&lt;p&gt;L&amp;#8217;Accalmie&lt;\/p&gt;\" data-large-file=\"https:\/\/i0.wp.com\/le.nomade.sylvainperrierfotografi.com\/wp-content\/uploads\/2024\/05\/Baie-Saint-Paul-la-Goelette-7.jpg?fit=940%2C627&amp;ssl=1\" role=\"button\" tabindex=\"0\" aria-label=\"Ouvrir l\u2019image 5 sur 5 en plein \u00e9cran\" srcset=\"https:\/\/i0.wp.com\/le.nomade.sylvainperrierfotografi.com\/wp-content\/uploads\/2024\/05\/Baie-Saint-Paul-la-Goelette-7-1024x683.jpg?strip=info&#038;w=600&#038;ssl=1 600w,https:\/\/i0.wp.com\/le.nomade.sylvainperrierfotografi.com\/wp-content\/uploads\/2024\/05\/Baie-Saint-Paul-la-Goelette-7-1024x683.jpg?strip=info&#038;w=900&#038;ssl=1 900w,https:\/\/i0.wp.com\/le.nomade.sylvainperrierfotografi.com\/wp-content\/uploads\/2024\/05\/Baie-Saint-Paul-la-Goelette-7-1024x683.jpg?strip=info&#038;w=1200&#038;ssl=1 1200w,https:\/\/i0.wp.com\/le.nomade.sylvainperrierfotografi.com\/wp-content\/uploads\/2024\/05\/Baie-Saint-Paul-la-Goelette-7-1024x683.jpg?strip=info&#038;w=1500&#038;ssl=1 1500w,https:\/\/i0.wp.com\/le.nomade.sylvainperrierfotografi.com\/wp-content\/uploads\/2024\/05\/Baie-Saint-Paul-la-Goelette-7-1024x683.jpg?strip=info&#038;w=1800&#038;ssl=1 1800w,https:\/\/i0.wp.com\/le.nomade.sylvainperrierfotografi.com\/wp-content\/uploads\/2024\/05\/Baie-Saint-Paul-la-Goelette-7-1024x683.jpg?strip=info&#038;w=1950&#038;ssl=1 1950w\" alt=\"L'Accalmie\" data-height=\"1300\" data-id=\"165\" data-link=\"https:\/\/le.nomade.sylvainperrierfotografi.com\/laccalmie\/baie-saint-paul-la-goelette-7\/\" data-url=\"https:\/\/le.nomade.sylvainperrierfotografi.com\/wp-content\/uploads\/2024\/05\/Baie-Saint-Paul-la-Goelette-7-1024x683.jpg\" data-width=\"1950\" src=\"https:\/\/i0.wp.com\/le.nomade.sylvainperrierfotografi.com\/wp-content\/uploads\/2024\/05\/Baie-Saint-Paul-la-Goelette-7-1024x683.jpg?ssl=1\" data-amp-layout=\"responsive\"\/><\/figure><\/div><\/div><\/div><\/div><\/div>\n\n\n\n<p class=\"\"><\/p>\n\n\n\n<p class=\"\"><strong><a href=\"https:\/\/www.tourisme-charlevoix.com\/blogue\/promenade-des-capitaines-saint-joseph-de-la-rive\/\" target=\"_blank\" rel=\"noreferrer noopener nofollow\">Promenade des Capitaines, Saint-Joseph-de-la-Rive<\/a><\/strong><\/p>\n\n\n\n<p class=\"\">Le navire a vu le jour en partie gr\u00e2ce aux mains habiles d\u2019\u00c9loi Perron, un insulaire d\u2019une famille de navigateurs. C\u2019est en 1957 que la c\u00e9l\u00e8bre go\u00e9lette est lanc\u00e9e \u00e0 l\u2019eau pour la premi\u00e8re fois, avec pour capitaine nul autre que l\u2019un de ses artisans. Apr\u00e8s 15 ans de valeureux services, la voiture d\u2019eau quitte son fleuve ador\u00e9 pour s\u2019\u00e9chouer dans la rivi\u00e8re du Gouffre, \u00e0 Baie-Saint-Paul. Apr\u00e8s avoir abrit\u00e9 un atelier d\u2019artiste, \u00e9t\u00e9 d\u00e9plac\u00e9e plus loin dans la baie et \u00e9t\u00e9 victime d\u2019un incendie sournois, L\u2019Accalmie se trouve en fin de vie plus de soixante ans apr\u00e8s sa construction.<\/p>\n\n\n\n<p class=\"\">Passant par plusieurs propri\u00e9taires, la go\u00e9lette est \u00e9chou\u00e9e en 2009 dans la Rivi\u00e8re du Gouffre, un affluent du Saint-Laurent, afin d\u2019\u00eatre r\u00e9nov\u00e9e. Pour finir, sa structure de bois de 300 tonnes ne sera jamais r\u00e9par\u00e9e et elle sera abandonn\u00e9e jusqu\u2019en 2018, au gr\u00e9 des mar\u00e9es\/pouss\u00e9es du Saint-Laurent.<\/p>\n\n\n\n<p class=\"\">Eloi Perron viendra r\u00e9guli\u00e8rement voir SON bateau et boulevers\u00e9 de le voir ainsi agonisant, il dira \u00e0 chaque fois qu\u2019il n\u2019aurait jamais d\u00fb le construire\u2026<\/p>\n\n\n\n<p class=\"\">Le 15 f\u00e9vrier 2018, Eloi Perron s\u2019\u00e9teint \u00e0 l\u2019\u00e2ge de 95 ans.<\/p>\n\n\n\n<p class=\"\">Son fils Michel re\u00e7oit alors de nombreux coups de t\u00e9l\u00e9phone lui annon\u00e7ant une curieuse et incroyable co\u00efncidence : l\u2019ACCALMIE-EMELIE a disparu de la Baie-St-Paul, emport\u00e9e par une mar\u00e9e !<\/p>\n\n\n\n<p class=\"\">Quelques vestiges ont \u00e9t\u00e9 retrouv\u00e9s dans des glaces du fleuve Saint-Laurent.<\/p>\n\n\n\n<blockquote class=\"wp-block-quote is-layout-flow wp-block-quote-is-layout-flow\">\n<p class=\"has-text-align-center\"><em>Elle est partie avec son Capitaine Eloi\u2026<\/em><\/p>\n<\/blockquote>\n\n\n\n<hr class=\"wp-block-separator has-alpha-channel-opacity\"\/>","protected":false},"excerpt":{"rendered":"<p>L\u2019Accalmie et son premier capitaine, \u00c9loi Perron, sont partis presque en m\u00eame temps pour une derni\u00e8re odyss\u00e9e. Une [&hellip;]<\/p>\n","protected":false},"author":1,"featured_media":165,"comment_status":"closed","ping_status":"closed","sticky":false,"template":"","format":"standard","meta":{"nf_dc_page":"","_jetpack_memberships_contains_paid_content":false,"footnotes":"","jetpack_publicize_message":"","jetpack_publicize_feature_enabled":true,"jetpack_social_post_already_shared":false,"jetpack_social_options":{"image_generator_settings":{"template":"highway","default_image_id":0,"font":"","enabled":false},"version":2}},"categories":[57,61],"tags":[],"class_list":["post-157","post","type-post","status-publish","format-standard","has-post-thumbnail","hentry","category-paysages-epoustouflants","category-voyages-et-decouvertes"],"yoast_head":"<!-- This site is optimized with the Yoast SEO plugin v27.4 - https:\/\/yoast.com\/product\/yoast-seo-wordpress\/ -->\n<title>L&#039;Accalmie - Le Nomade<\/title>\n<meta name=\"description\" content=\"L\u2019Accalmie et son premier capitaine, \u00c9loi Perron, sont partis presque en m\u00eame temps pour une derni\u00e8re odyss\u00e9e.\" \/>\n<meta name=\"robots\" content=\"index, follow, max-snippet:-1, max-image-preview:large, max-video-preview:-1\" \/>\n<link rel=\"canonical\" href=\"https:\/\/le.nomade.sylvainperrierfotografi.com\/fr\/laccalmie\/\" \/>\n<meta property=\"og:locale\" content=\"fr_FR\" \/>\n<meta property=\"og:type\" content=\"article\" \/>\n<meta property=\"og:title\" content=\"L&#039;Accalmie\" \/>\n<meta property=\"og:description\" content=\"L\u2019Accalmie et son premier capitaine, \u00c9loi Perron, sont partis presque en m\u00eame temps pour une derni\u00e8re odyss\u00e9e.\" \/>\n<meta property=\"og:url\" content=\"https:\/\/le.nomade.sylvainperrierfotografi.com\/fr\/laccalmie\/\" \/>\n<meta property=\"og:site_name\" content=\"Le Nomade\" \/>\n<meta property=\"article:publisher\" content=\"https:\/\/www.facebook.com\/SylvainPerrierFotografie\" \/>\n<meta property=\"article:author\" content=\"https:\/\/www.facebook.com\/SylvainPerrierFotografie\" \/>\n<meta property=\"article:published_time\" content=\"2024-05-01T13:13:15+00:00\" \/>\n<meta property=\"article:modified_time\" content=\"2024-06-07T02:19:28+00:00\" \/>\n<meta property=\"og:image\" content=\"https:\/\/le.nomade.sylvainperrierfotografi.com\/wp-content\/uploads\/2024\/05\/Baie-Saint-Paul-la-Goelette-5.jpg\" \/>\n\t<meta property=\"og:image:width\" content=\"1950\" \/>\n\t<meta property=\"og:image:height\" content=\"1300\" \/>\n\t<meta property=\"og:image:type\" content=\"image\/jpeg\" \/>\n<meta name=\"author\" content=\"nomade\" \/>\n<meta name=\"twitter:card\" content=\"summary_large_image\" \/>\n<meta name=\"twitter:title\" content=\"L&#039;Accalmie\" \/>\n<meta name=\"twitter:description\" content=\"L\u2019Accalmie et son premier capitaine, \u00c9loi Perron, sont partis presque en m\u00eame temps pour une derni\u00e8re odyss\u00e9e.\" \/>\n<meta name=\"twitter:image\" content=\"https:\/\/i0.wp.com\/le.nomade.sylvainperrierfotografi.com\/wp-content\/uploads\/2024\/05\/Baie-Saint-Paul-la-Goelette-5.jpg?fit=1950%2C1300&ssl=1\" \/>\n<meta name=\"twitter:creator\" content=\"@sylvainxperrier\" \/>\n<meta name=\"twitter:site\" content=\"@sylvainxperrier\" \/>\n<meta name=\"twitter:label1\" content=\"\u00c9crit par\" \/>\n\t<meta name=\"twitter:data1\" content=\"nomade\" \/>\n\t<meta name=\"twitter:label2\" content=\"Dur\u00e9e de lecture estim\u00e9e\" \/>\n\t<meta name=\"twitter:data2\" content=\"3 minutes\" \/>\n<script type=\"application\/ld+json\" class=\"yoast-schema-graph\">{\"@context\":\"https:\\\/\\\/schema.org\",\"@graph\":[{\"@type\":\"Article\",\"@id\":\"https:\\\/\\\/le.nomade.sylvainperrierfotografi.com\\\/laccalmie\\\/#article\",\"isPartOf\":{\"@id\":\"https:\\\/\\\/le.nomade.sylvainperrierfotografi.com\\\/laccalmie\\\/\"},\"author\":{\"name\":\"nomade\",\"@id\":\"https:\\\/\\\/le.nomade.sylvainperrierfotografi.com\\\/#\\\/schema\\\/person\\\/422f9f9af75b66cb9416a7ef7bc22a92\"},\"headline\":\"L&#8217;Accalmie\",\"datePublished\":\"2024-05-01T13:13:15+00:00\",\"dateModified\":\"2024-06-07T02:19:28+00:00\",\"mainEntityOfPage\":{\"@id\":\"https:\\\/\\\/le.nomade.sylvainperrierfotografi.com\\\/laccalmie\\\/\"},\"wordCount\":367,\"publisher\":{\"@id\":\"https:\\\/\\\/le.nomade.sylvainperrierfotografi.com\\\/#\\\/schema\\\/person\\\/422f9f9af75b66cb9416a7ef7bc22a92\"},\"image\":{\"@id\":\"https:\\\/\\\/le.nomade.sylvainperrierfotografi.com\\\/laccalmie\\\/#primaryimage\"},\"thumbnailUrl\":\"https:\\\/\\\/i0.wp.com\\\/le.nomade.sylvainperrierfotografi.com\\\/wp-content\\\/uploads\\\/2024\\\/05\\\/Baie-Saint-Paul-la-Goelette-7.jpg?fit=1950%2C1300&ssl=1\",\"articleSection\":[\"Paysages \u00c9poustouflants\",\"Voyages et D\u00e9couvertes\"],\"inLanguage\":\"fr-FR\"},{\"@type\":\"WebPage\",\"@id\":\"https:\\\/\\\/le.nomade.sylvainperrierfotografi.com\\\/laccalmie\\\/\",\"url\":\"https:\\\/\\\/le.nomade.sylvainperrierfotografi.com\\\/laccalmie\\\/\",\"name\":\"L'Accalmie - Le Nomade\",\"isPartOf\":{\"@id\":\"https:\\\/\\\/le.nomade.sylvainperrierfotografi.com\\\/#website\"},\"primaryImageOfPage\":{\"@id\":\"https:\\\/\\\/le.nomade.sylvainperrierfotografi.com\\\/laccalmie\\\/#primaryimage\"},\"image\":{\"@id\":\"https:\\\/\\\/le.nomade.sylvainperrierfotografi.com\\\/laccalmie\\\/#primaryimage\"},\"thumbnailUrl\":\"https:\\\/\\\/i0.wp.com\\\/le.nomade.sylvainperrierfotografi.com\\\/wp-content\\\/uploads\\\/2024\\\/05\\\/Baie-Saint-Paul-la-Goelette-7.jpg?fit=1950%2C1300&ssl=1\",\"datePublished\":\"2024-05-01T13:13:15+00:00\",\"dateModified\":\"2024-06-07T02:19:28+00:00\",\"description\":\"L\u2019Accalmie et son premier capitaine, \u00c9loi Perron, sont partis presque en m\u00eame temps pour une derni\u00e8re odyss\u00e9e.\",\"breadcrumb\":{\"@id\":\"https:\\\/\\\/le.nomade.sylvainperrierfotografi.com\\\/laccalmie\\\/#breadcrumb\"},\"inLanguage\":\"fr-FR\",\"potentialAction\":[{\"@type\":\"ReadAction\",\"target\":[\"https:\\\/\\\/le.nomade.sylvainperrierfotografi.com\\\/laccalmie\\\/\"]}]},{\"@type\":\"ImageObject\",\"inLanguage\":\"fr-FR\",\"@id\":\"https:\\\/\\\/le.nomade.sylvainperrierfotografi.com\\\/laccalmie\\\/#primaryimage\",\"url\":\"https:\\\/\\\/i0.wp.com\\\/le.nomade.sylvainperrierfotografi.com\\\/wp-content\\\/uploads\\\/2024\\\/05\\\/Baie-Saint-Paul-la-Goelette-7.jpg?fit=1950%2C1300&ssl=1\",\"contentUrl\":\"https:\\\/\\\/i0.wp.com\\\/le.nomade.sylvainperrierfotografi.com\\\/wp-content\\\/uploads\\\/2024\\\/05\\\/Baie-Saint-Paul-la-Goelette-7.jpg?fit=1950%2C1300&ssl=1\",\"width\":1950,\"height\":1300,\"caption\":\"L'Accalmie\"},{\"@type\":\"BreadcrumbList\",\"@id\":\"https:\\\/\\\/le.nomade.sylvainperrierfotografi.com\\\/laccalmie\\\/#breadcrumb\",\"itemListElement\":[{\"@type\":\"ListItem\",\"position\":1,\"name\":\"Accueil\",\"item\":\"https:\\\/\\\/le.nomade.sylvainperrierfotografi.com\\\/\"},{\"@type\":\"ListItem\",\"position\":2,\"name\":\"L&#8217;Accalmie\"}]},{\"@type\":\"WebSite\",\"@id\":\"https:\\\/\\\/le.nomade.sylvainperrierfotografi.com\\\/#website\",\"url\":\"https:\\\/\\\/le.nomade.sylvainperrierfotografi.com\\\/\",\"name\":\"Le Nomade Sylvain Perrier\",\"description\":\"L\u00e0 o\u00f9 les images rencontrent les mots\",\"publisher\":{\"@id\":\"https:\\\/\\\/le.nomade.sylvainperrierfotografi.com\\\/#\\\/schema\\\/person\\\/422f9f9af75b66cb9416a7ef7bc22a92\"},\"alternateName\":\"Sylvain Perrier\",\"potentialAction\":[{\"@type\":\"SearchAction\",\"target\":{\"@type\":\"EntryPoint\",\"urlTemplate\":\"https:\\\/\\\/le.nomade.sylvainperrierfotografi.com\\\/?s={search_term_string}\"},\"query-input\":{\"@type\":\"PropertyValueSpecification\",\"valueRequired\":true,\"valueName\":\"search_term_string\"}}],\"inLanguage\":\"fr-FR\"},{\"@type\":[\"Person\",\"Organization\"],\"@id\":\"https:\\\/\\\/le.nomade.sylvainperrierfotografi.com\\\/#\\\/schema\\\/person\\\/422f9f9af75b66cb9416a7ef7bc22a92\",\"name\":\"nomade\",\"image\":{\"@type\":\"ImageObject\",\"inLanguage\":\"fr-FR\",\"@id\":\"https:\\\/\\\/i0.wp.com\\\/le.nomade.sylvainperrierfotografi.com\\\/wp-content\\\/uploads\\\/2024\\\/04\\\/cropped-Sylvain-Perrier-Photographie-roadtrip.jpg?fit=1056%2C348&ssl=1\",\"url\":\"https:\\\/\\\/i0.wp.com\\\/le.nomade.sylvainperrierfotografi.com\\\/wp-content\\\/uploads\\\/2024\\\/04\\\/cropped-Sylvain-Perrier-Photographie-roadtrip.jpg?fit=1056%2C348&ssl=1\",\"contentUrl\":\"https:\\\/\\\/i0.wp.com\\\/le.nomade.sylvainperrierfotografi.com\\\/wp-content\\\/uploads\\\/2024\\\/04\\\/cropped-Sylvain-Perrier-Photographie-roadtrip.jpg?fit=1056%2C348&ssl=1\",\"width\":1056,\"height\":348,\"caption\":\"nomade\"},\"logo\":{\"@id\":\"https:\\\/\\\/i0.wp.com\\\/le.nomade.sylvainperrierfotografi.com\\\/wp-content\\\/uploads\\\/2024\\\/04\\\/cropped-Sylvain-Perrier-Photographie-roadtrip.jpg?fit=1056%2C348&ssl=1\"},\"sameAs\":[\"https:\\\/\\\/le.nomade.sylvainperrierfotografi.com\",\"https:\\\/\\\/www.facebook.com\\\/SylvainPerrierFotografie\",\"https:\\\/\\\/www.instagram.com\\\/sylvainperrierfotografi\",\"https:\\\/\\\/www.pinterest.ca\\\/sylvain_perrier\",\"https:\\\/\\\/x.com\\\/sylvainxperrier\",\"https:\\\/\\\/www.youtube.com\\\/user\\\/lencadreursylvain\",\"https:\\\/\\\/www.tumblr.com\\\/blog\\\/sylvainperrierfotografi\"]}]}<\/script>\n<!-- \/ Yoast SEO plugin. -->","yoast_head_json":{"title":"L'Accalmie - Le Nomade","description":"L\u2019Accalmie et son premier capitaine, \u00c9loi Perron, sont partis presque en m\u00eame temps pour une derni\u00e8re odyss\u00e9e.","robots":{"index":"index","follow":"follow","max-snippet":"max-snippet:-1","max-image-preview":"max-image-preview:large","max-video-preview":"max-video-preview:-1"},"canonical":"https:\/\/le.nomade.sylvainperrierfotografi.com\/fr\/laccalmie\/","og_locale":"fr_FR","og_type":"article","og_title":"L'Accalmie","og_description":"L\u2019Accalmie et son premier capitaine, \u00c9loi Perron, sont partis presque en m\u00eame temps pour une derni\u00e8re odyss\u00e9e.","og_url":"https:\/\/le.nomade.sylvainperrierfotografi.com\/fr\/laccalmie\/","og_site_name":"Le Nomade","article_publisher":"https:\/\/www.facebook.com\/SylvainPerrierFotografie","article_author":"https:\/\/www.facebook.com\/SylvainPerrierFotografie","article_published_time":"2024-05-01T13:13:15+00:00","article_modified_time":"2024-06-07T02:19:28+00:00","og_image":[{"width":1950,"height":1300,"url":"https:\/\/le.nomade.sylvainperrierfotografi.com\/wp-content\/uploads\/2024\/05\/Baie-Saint-Paul-la-Goelette-5.jpg","type":"image\/jpeg"}],"author":"nomade","twitter_card":"summary_large_image","twitter_title":"L'Accalmie","twitter_description":"L\u2019Accalmie et son premier capitaine, \u00c9loi Perron, sont partis presque en m\u00eame temps pour une derni\u00e8re odyss\u00e9e.","twitter_image":"https:\/\/i0.wp.com\/le.nomade.sylvainperrierfotografi.com\/wp-content\/uploads\/2024\/05\/Baie-Saint-Paul-la-Goelette-5.jpg?fit=1950%2C1300&ssl=1","twitter_creator":"@sylvainxperrier","twitter_site":"@sylvainxperrier","twitter_misc":{"\u00c9crit par":"nomade","Dur\u00e9e de lecture estim\u00e9e":"3 minutes"},"schema":{"@context":"https:\/\/schema.org","@graph":[{"@type":"Article","@id":"https:\/\/le.nomade.sylvainperrierfotografi.com\/laccalmie\/#article","isPartOf":{"@id":"https:\/\/le.nomade.sylvainperrierfotografi.com\/laccalmie\/"},"author":{"name":"nomade","@id":"https:\/\/le.nomade.sylvainperrierfotografi.com\/#\/schema\/person\/422f9f9af75b66cb9416a7ef7bc22a92"},"headline":"L&#8217;Accalmie","datePublished":"2024-05-01T13:13:15+00:00","dateModified":"2024-06-07T02:19:28+00:00","mainEntityOfPage":{"@id":"https:\/\/le.nomade.sylvainperrierfotografi.com\/laccalmie\/"},"wordCount":367,"publisher":{"@id":"https:\/\/le.nomade.sylvainperrierfotografi.com\/#\/schema\/person\/422f9f9af75b66cb9416a7ef7bc22a92"},"image":{"@id":"https:\/\/le.nomade.sylvainperrierfotografi.com\/laccalmie\/#primaryimage"},"thumbnailUrl":"https:\/\/i0.wp.com\/le.nomade.sylvainperrierfotografi.com\/wp-content\/uploads\/2024\/05\/Baie-Saint-Paul-la-Goelette-7.jpg?fit=1950%2C1300&ssl=1","articleSection":["Paysages \u00c9poustouflants","Voyages et D\u00e9couvertes"],"inLanguage":"fr-FR"},{"@type":"WebPage","@id":"https:\/\/le.nomade.sylvainperrierfotografi.com\/laccalmie\/","url":"https:\/\/le.nomade.sylvainperrierfotografi.com\/laccalmie\/","name":"L'Accalmie - Le Nomade","isPartOf":{"@id":"https:\/\/le.nomade.sylvainperrierfotografi.com\/#website"},"primaryImageOfPage":{"@id":"https:\/\/le.nomade.sylvainperrierfotografi.com\/laccalmie\/#primaryimage"},"image":{"@id":"https:\/\/le.nomade.sylvainperrierfotografi.com\/laccalmie\/#primaryimage"},"thumbnailUrl":"https:\/\/i0.wp.com\/le.nomade.sylvainperrierfotografi.com\/wp-content\/uploads\/2024\/05\/Baie-Saint-Paul-la-Goelette-7.jpg?fit=1950%2C1300&ssl=1","datePublished":"2024-05-01T13:13:15+00:00","dateModified":"2024-06-07T02:19:28+00:00","description":"L\u2019Accalmie et son premier capitaine, \u00c9loi Perron, sont partis presque en m\u00eame temps pour une derni\u00e8re odyss\u00e9e.","breadcrumb":{"@id":"https:\/\/le.nomade.sylvainperrierfotografi.com\/laccalmie\/#breadcrumb"},"inLanguage":"fr-FR","potentialAction":[{"@type":"ReadAction","target":["https:\/\/le.nomade.sylvainperrierfotografi.com\/laccalmie\/"]}]},{"@type":"ImageObject","inLanguage":"fr-FR","@id":"https:\/\/le.nomade.sylvainperrierfotografi.com\/laccalmie\/#primaryimage","url":"https:\/\/i0.wp.com\/le.nomade.sylvainperrierfotografi.com\/wp-content\/uploads\/2024\/05\/Baie-Saint-Paul-la-Goelette-7.jpg?fit=1950%2C1300&ssl=1","contentUrl":"https:\/\/i0.wp.com\/le.nomade.sylvainperrierfotografi.com\/wp-content\/uploads\/2024\/05\/Baie-Saint-Paul-la-Goelette-7.jpg?fit=1950%2C1300&ssl=1","width":1950,"height":1300,"caption":"L'Accalmie"},{"@type":"BreadcrumbList","@id":"https:\/\/le.nomade.sylvainperrierfotografi.com\/laccalmie\/#breadcrumb","itemListElement":[{"@type":"ListItem","position":1,"name":"Accueil","item":"https:\/\/le.nomade.sylvainperrierfotografi.com\/"},{"@type":"ListItem","position":2,"name":"L&#8217;Accalmie"}]},{"@type":"WebSite","@id":"https:\/\/le.nomade.sylvainperrierfotografi.com\/#website","url":"https:\/\/le.nomade.sylvainperrierfotografi.com\/","name":"Le Nomade Sylvain Perrier","description":"L\u00e0 o\u00f9 les images rencontrent les mots","publisher":{"@id":"https:\/\/le.nomade.sylvainperrierfotografi.com\/#\/schema\/person\/422f9f9af75b66cb9416a7ef7bc22a92"},"alternateName":"Sylvain Perrier","potentialAction":[{"@type":"SearchAction","target":{"@type":"EntryPoint","urlTemplate":"https:\/\/le.nomade.sylvainperrierfotografi.com\/?s={search_term_string}"},"query-input":{"@type":"PropertyValueSpecification","valueRequired":true,"valueName":"search_term_string"}}],"inLanguage":"fr-FR"},{"@type":["Person","Organization"],"@id":"https:\/\/le.nomade.sylvainperrierfotografi.com\/#\/schema\/person\/422f9f9af75b66cb9416a7ef7bc22a92","name":"nomade","image":{"@type":"ImageObject","inLanguage":"fr-FR","@id":"https:\/\/i0.wp.com\/le.nomade.sylvainperrierfotografi.com\/wp-content\/uploads\/2024\/04\/cropped-Sylvain-Perrier-Photographie-roadtrip.jpg?fit=1056%2C348&ssl=1","url":"https:\/\/i0.wp.com\/le.nomade.sylvainperrierfotografi.com\/wp-content\/uploads\/2024\/04\/cropped-Sylvain-Perrier-Photographie-roadtrip.jpg?fit=1056%2C348&ssl=1","contentUrl":"https:\/\/i0.wp.com\/le.nomade.sylvainperrierfotografi.com\/wp-content\/uploads\/2024\/04\/cropped-Sylvain-Perrier-Photographie-roadtrip.jpg?fit=1056%2C348&ssl=1","width":1056,"height":348,"caption":"nomade"},"logo":{"@id":"https:\/\/i0.wp.com\/le.nomade.sylvainperrierfotografi.com\/wp-content\/uploads\/2024\/04\/cropped-Sylvain-Perrier-Photographie-roadtrip.jpg?fit=1056%2C348&ssl=1"},"sameAs":["https:\/\/le.nomade.sylvainperrierfotografi.com","https:\/\/www.facebook.com\/SylvainPerrierFotografie","https:\/\/www.instagram.com\/sylvainperrierfotografi","https:\/\/www.pinterest.ca\/sylvain_perrier","https:\/\/x.com\/sylvainxperrier","https:\/\/www.youtube.com\/user\/lencadreursylvain","https:\/\/www.tumblr.com\/blog\/sylvainperrierfotografi"]}]}},"jetpack_publicize_connections":[],"jetpack_featured_media_url":"https:\/\/i0.wp.com\/le.nomade.sylvainperrierfotografi.com\/wp-content\/uploads\/2024\/05\/Baie-Saint-Paul-la-Goelette-7.jpg?fit=1950%2C1300&ssl=1","jetpack-related-posts":[{"id":718,"url":"https:\/\/le.nomade.sylvainperrierfotografi.com\/fr\/la-beaute-nocturne-capturee-dans-le-vieux-hull\/","url_meta":{"origin":157,"position":0},"title":"La Beaut\u00e9 Nocturne Captur\u00e9e dans le Vieux Hull","author":"nomade","date":"22 juin 2024","format":false,"excerpt":"La Beaut\u00e9 Nocturne Captur\u00e9e dans le Vieux Hull ; Lors d'une balade en soir\u00e9e dans le Vieux Hull, en compagnie de mes amis et \u00e9l\u00e8ves en photographie, nous avons saisi des moments uniques de cette partie pittoresque de la ville. Le soleil se couchait, peignant le ciel de teintes dor\u00e9es,\u2026","rel":"","context":"Dans &quot;Aventures Urbaines&quot;","block_context":{"text":"Aventures Urbaines","link":"https:\/\/le.nomade.sylvainperrierfotografi.com\/fr\/category\/aventures-urbaines\/"},"img":{"alt_text":"La Beaut\u00e9 Nocturne Captur\u00e9e dans le Vieux Hull","src":"https:\/\/i0.wp.com\/le.nomade.sylvainperrierfotografi.com\/wp-content\/uploads\/2024\/06\/La-Beaute-Nocturne-Capturee-dans-le-Vieux-Hull-12.jpg?fit=1200%2C800&ssl=1&resize=350%2C200","width":350,"height":200,"srcset":"https:\/\/i0.wp.com\/le.nomade.sylvainperrierfotografi.com\/wp-content\/uploads\/2024\/06\/La-Beaute-Nocturne-Capturee-dans-le-Vieux-Hull-12.jpg?fit=1200%2C800&ssl=1&resize=350%2C200 1x, https:\/\/i0.wp.com\/le.nomade.sylvainperrierfotografi.com\/wp-content\/uploads\/2024\/06\/La-Beaute-Nocturne-Capturee-dans-le-Vieux-Hull-12.jpg?fit=1200%2C800&ssl=1&resize=525%2C300 1.5x, https:\/\/i0.wp.com\/le.nomade.sylvainperrierfotografi.com\/wp-content\/uploads\/2024\/06\/La-Beaute-Nocturne-Capturee-dans-le-Vieux-Hull-12.jpg?fit=1200%2C800&ssl=1&resize=700%2C400 2x, https:\/\/i0.wp.com\/le.nomade.sylvainperrierfotografi.com\/wp-content\/uploads\/2024\/06\/La-Beaute-Nocturne-Capturee-dans-le-Vieux-Hull-12.jpg?fit=1200%2C800&ssl=1&resize=1050%2C600 3x"},"classes":[]},{"id":216,"url":"https:\/\/le.nomade.sylvainperrierfotografi.com\/fr\/journee-sereine-a-la-marina-daylmer\/","url_meta":{"origin":157,"position":1},"title":"Journ\u00e9e Sereine \u00e0 la Marina d\u2019Aylmer","author":"nomade","date":"1 mai 2024","format":false,"excerpt":"La photographie, c'est capturer l'\u00e2me d'un instant \u00e9ph\u00e9m\u00e8re. Chaque image est une histoire silencieuse, racont\u00e9e par la lumi\u00e8re. Une Journ\u00e9e Sereine \u00e0 la Marina d\u2019Aylmer : Une \u00e9chapp\u00e9e pittoresque dans la qui\u00e9tude du matin Par une matin\u00e9e ensoleill\u00e9e, sous un ciel azur\u00e9 orn\u00e9 de quelques nuages \u00e9pars, je me suis\u2026","rel":"","context":"Dans &quot;Paysages \u00c9poustouflants&quot;","block_context":{"text":"Paysages \u00c9poustouflants","link":"https:\/\/le.nomade.sylvainperrierfotografi.com\/fr\/category\/paysages-epoustouflants\/"},"img":{"alt_text":"","src":"https:\/\/i0.wp.com\/le.nomade.sylvainperrierfotografi.com\/wp-content\/uploads\/2024\/05\/P__4634.jpg?fit=1200%2C675&ssl=1&resize=350%2C200","width":350,"height":200,"srcset":"https:\/\/i0.wp.com\/le.nomade.sylvainperrierfotografi.com\/wp-content\/uploads\/2024\/05\/P__4634.jpg?fit=1200%2C675&ssl=1&resize=350%2C200 1x, https:\/\/i0.wp.com\/le.nomade.sylvainperrierfotografi.com\/wp-content\/uploads\/2024\/05\/P__4634.jpg?fit=1200%2C675&ssl=1&resize=525%2C300 1.5x, https:\/\/i0.wp.com\/le.nomade.sylvainperrierfotografi.com\/wp-content\/uploads\/2024\/05\/P__4634.jpg?fit=1200%2C675&ssl=1&resize=700%2C400 2x, https:\/\/i0.wp.com\/le.nomade.sylvainperrierfotografi.com\/wp-content\/uploads\/2024\/05\/P__4634.jpg?fit=1200%2C675&ssl=1&resize=1050%2C600 3x"},"classes":[]},{"id":169,"url":"https:\/\/le.nomade.sylvainperrierfotografi.com\/fr\/coucher-de-soleil-au-rapides-deschenes\/","url_meta":{"origin":157,"position":2},"title":"Coucher de soleil au Rapides-Desch\u00eanes","author":"nomade","date":"1 mai 2024","format":false,"excerpt":"Le coucher du soleil existe pour nous rappeler la beaut\u00e9 de la vie et la remercier pour un autre jour de v\u00e9cu. Coucher de soleil au Rapides-Desch\u00eanes \u00a0; il incarne un moment de contemplation profonde, o\u00f9 la nature d\u00e9voile toute sa splendeur dans une symphonie de couleurs \u00e9blouissantes. Nich\u00e9 dans\u2026","rel":"","context":"Dans &quot;Paysages \u00c9poustouflants&quot;","block_context":{"text":"Paysages \u00c9poustouflants","link":"https:\/\/le.nomade.sylvainperrierfotografi.com\/fr\/category\/paysages-epoustouflants\/"},"img":{"alt_text":"Coucher de soleil au Rapides-Desch\u00eanes","src":"https:\/\/i0.wp.com\/le.nomade.sylvainperrierfotografi.com\/wp-content\/uploads\/2024\/05\/Coucher-de-soleil-au-Rapides-Deschenes-5259-scaled-1.jpg?fit=1200%2C675&ssl=1&resize=350%2C200","width":350,"height":200,"srcset":"https:\/\/i0.wp.com\/le.nomade.sylvainperrierfotografi.com\/wp-content\/uploads\/2024\/05\/Coucher-de-soleil-au-Rapides-Deschenes-5259-scaled-1.jpg?fit=1200%2C675&ssl=1&resize=350%2C200 1x, https:\/\/i0.wp.com\/le.nomade.sylvainperrierfotografi.com\/wp-content\/uploads\/2024\/05\/Coucher-de-soleil-au-Rapides-Deschenes-5259-scaled-1.jpg?fit=1200%2C675&ssl=1&resize=525%2C300 1.5x, https:\/\/i0.wp.com\/le.nomade.sylvainperrierfotografi.com\/wp-content\/uploads\/2024\/05\/Coucher-de-soleil-au-Rapides-Deschenes-5259-scaled-1.jpg?fit=1200%2C675&ssl=1&resize=700%2C400 2x, https:\/\/i0.wp.com\/le.nomade.sylvainperrierfotografi.com\/wp-content\/uploads\/2024\/05\/Coucher-de-soleil-au-Rapides-Deschenes-5259-scaled-1.jpg?fit=1200%2C675&ssl=1&resize=1050%2C600 3x"},"classes":[]},{"id":685,"url":"https:\/\/le.nomade.sylvainperrierfotografi.com\/fr\/evasion-visuelle-a-la-marina-daylmer\/","url_meta":{"origin":157,"position":3},"title":"\u00c9vasion Visuelle \u00e0 la Marina d&#8217;Aylmer","author":"nomade","date":"11 juin 2024","format":false,"excerpt":"\u00c9vasion Visuelle \u00e0 la Marina d'Aylmer : Instantan\u00e9s de S\u00e9r\u00e9nit\u00e9 Lors d\u2019un cours de photographie \u00e0 la Marina d\u2019Aylmer, j\u2019ai eu l\u2019opportunit\u00e9 de capturer la beaut\u00e9 tranquille de ce lieu et de ses alentours. \u00c0 travers ces dix clich\u00e9s, je vous invite \u00e0 d\u00e9couvrir une s\u00e9rie de moments suspendus, o\u00f9\u2026","rel":"","context":"Dans &quot;Paysages \u00c9poustouflants&quot;","block_context":{"text":"Paysages \u00c9poustouflants","link":"https:\/\/le.nomade.sylvainperrierfotografi.com\/fr\/category\/paysages-epoustouflants\/"},"img":{"alt_text":"\u00c9vasion Visuelle \u00e0 la Marina d'Aylmer","src":"https:\/\/i0.wp.com\/le.nomade.sylvainperrierfotografi.com\/wp-content\/uploads\/2024\/06\/Evasion-Visuelle-a-la-Marina-dAylmer-12.jpg?fit=720%2C1080&ssl=1&resize=350%2C200","width":350,"height":200,"srcset":"https:\/\/i0.wp.com\/le.nomade.sylvainperrierfotografi.com\/wp-content\/uploads\/2024\/06\/Evasion-Visuelle-a-la-Marina-dAylmer-12.jpg?fit=720%2C1080&ssl=1&resize=350%2C200 1x, https:\/\/i0.wp.com\/le.nomade.sylvainperrierfotografi.com\/wp-content\/uploads\/2024\/06\/Evasion-Visuelle-a-la-Marina-dAylmer-12.jpg?fit=720%2C1080&ssl=1&resize=525%2C300 1.5x, https:\/\/i0.wp.com\/le.nomade.sylvainperrierfotografi.com\/wp-content\/uploads\/2024\/06\/Evasion-Visuelle-a-la-Marina-dAylmer-12.jpg?fit=720%2C1080&ssl=1&resize=700%2C400 2x"},"classes":[]},{"id":90,"url":"https:\/\/le.nomade.sylvainperrierfotografi.com\/fr\/les-ruines-des-rapides-deschenes\/","url_meta":{"origin":157,"position":4},"title":"Les ruines des rapides Desch\u00eanes","author":"nomade","date":"30 avril 2024","format":false,"excerpt":"Les ruines des rapides Desch\u00eanes, \u00e9mergeant des eaux tumultueuses de l\u2019Outaouais, t\u00e9moignent des origines de l'\u00e8re industrielle \u00e0 Desch\u00eanes. Ces vestiges, situ\u00e9s entre le secteur d\u2019Aylmer \u00e0 Gatineau et l\u2019ouest d\u2019Ottawa, marquent un site historique d'importance le long de la rivi\u00e8re des Outaouais. R\u00e9put\u00e9 pour \u00eatre le troisi\u00e8me portage, ou\u2026","rel":"","context":"Dans &quot;Paysages \u00c9poustouflants&quot;","block_context":{"text":"Paysages \u00c9poustouflants","link":"https:\/\/le.nomade.sylvainperrierfotografi.com\/fr\/category\/paysages-epoustouflants\/"},"img":{"alt_text":"Les ruines des rapides Desch\u00eanes","src":"https:\/\/i0.wp.com\/le.nomade.sylvainperrierfotografi.com\/wp-content\/uploads\/2024\/04\/Rapides-Deschenes.jpg?fit=1200%2C675&ssl=1&resize=350%2C200","width":350,"height":200,"srcset":"https:\/\/i0.wp.com\/le.nomade.sylvainperrierfotografi.com\/wp-content\/uploads\/2024\/04\/Rapides-Deschenes.jpg?fit=1200%2C675&ssl=1&resize=350%2C200 1x, https:\/\/i0.wp.com\/le.nomade.sylvainperrierfotografi.com\/wp-content\/uploads\/2024\/04\/Rapides-Deschenes.jpg?fit=1200%2C675&ssl=1&resize=525%2C300 1.5x, https:\/\/i0.wp.com\/le.nomade.sylvainperrierfotografi.com\/wp-content\/uploads\/2024\/04\/Rapides-Deschenes.jpg?fit=1200%2C675&ssl=1&resize=700%2C400 2x, https:\/\/i0.wp.com\/le.nomade.sylvainperrierfotografi.com\/wp-content\/uploads\/2024\/04\/Rapides-Deschenes.jpg?fit=1200%2C675&ssl=1&resize=1050%2C600 3x"},"classes":[]},{"id":344,"url":"https:\/\/le.nomade.sylvainperrierfotografi.com\/fr\/vie-quotidienne-a-la-havane\/","url_meta":{"origin":157,"position":5},"title":"Vie Quotidienne \u00e0 La Havane","author":"nomade","date":"17 mai 2024","format":false,"excerpt":"Lors de mon voyage en 2012, Cuba fut l\u2019un de mes plus beaux voyages en sac \u00e0 dos,\u00a0j'ai eu l'occasion d'explorer la ville vibrante et historique de La Havane. \u00c0 travers l'objectif de mon appareil photo, j'ai captur\u00e9 des moments de la vie quotidienne en noir et blanc, r\u00e9v\u00e9lant l'essence\u2026","rel":"","context":"Dans &quot;Aventures Urbaines&quot;","block_context":{"text":"Aventures Urbaines","link":"https:\/\/le.nomade.sylvainperrierfotografi.com\/fr\/category\/aventures-urbaines\/"},"img":{"alt_text":"Les Jeunes Cubains","src":"https:\/\/i0.wp.com\/le.nomade.sylvainperrierfotografi.com\/wp-content\/uploads\/2024\/05\/Les-Jeunes-Cubains-1.jpg?fit=1200%2C800&ssl=1&resize=350%2C200","width":350,"height":200,"srcset":"https:\/\/i0.wp.com\/le.nomade.sylvainperrierfotografi.com\/wp-content\/uploads\/2024\/05\/Les-Jeunes-Cubains-1.jpg?fit=1200%2C800&ssl=1&resize=350%2C200 1x, https:\/\/i0.wp.com\/le.nomade.sylvainperrierfotografi.com\/wp-content\/uploads\/2024\/05\/Les-Jeunes-Cubains-1.jpg?fit=1200%2C800&ssl=1&resize=525%2C300 1.5x, https:\/\/i0.wp.com\/le.nomade.sylvainperrierfotografi.com\/wp-content\/uploads\/2024\/05\/Les-Jeunes-Cubains-1.jpg?fit=1200%2C800&ssl=1&resize=700%2C400 2x, https:\/\/i0.wp.com\/le.nomade.sylvainperrierfotografi.com\/wp-content\/uploads\/2024\/05\/Les-Jeunes-Cubains-1.jpg?fit=1200%2C800&ssl=1&resize=1050%2C600 3x"},"classes":[]}],"jetpack_sharing_enabled":true,"_links":{"self":[{"href":"https:\/\/le.nomade.sylvainperrierfotografi.com\/fr\/wp-json\/wp\/v2\/posts\/157","targetHints":{"allow":["GET"]}}],"collection":[{"href":"https:\/\/le.nomade.sylvainperrierfotografi.com\/fr\/wp-json\/wp\/v2\/posts"}],"about":[{"href":"https:\/\/le.nomade.sylvainperrierfotografi.com\/fr\/wp-json\/wp\/v2\/types\/post"}],"author":[{"embeddable":true,"href":"https:\/\/le.nomade.sylvainperrierfotografi.com\/fr\/wp-json\/wp\/v2\/users\/1"}],"replies":[{"embeddable":true,"href":"https:\/\/le.nomade.sylvainperrierfotografi.com\/fr\/wp-json\/wp\/v2\/comments?post=157"}],"version-history":[{"count":4,"href":"https:\/\/le.nomade.sylvainperrierfotografi.com\/fr\/wp-json\/wp\/v2\/posts\/157\/revisions"}],"predecessor-version":[{"id":661,"href":"https:\/\/le.nomade.sylvainperrierfotografi.com\/fr\/wp-json\/wp\/v2\/posts\/157\/revisions\/661"}],"wp:featuredmedia":[{"embeddable":true,"href":"https:\/\/le.nomade.sylvainperrierfotografi.com\/fr\/wp-json\/wp\/v2\/media\/165"}],"wp:attachment":[{"href":"https:\/\/le.nomade.sylvainperrierfotografi.com\/fr\/wp-json\/wp\/v2\/media?parent=157"}],"wp:term":[{"taxonomy":"category","embeddable":true,"href":"https:\/\/le.nomade.sylvainperrierfotografi.com\/fr\/wp-json\/wp\/v2\/categories?post=157"},{"taxonomy":"post_tag","embeddable":true,"href":"https:\/\/le.nomade.sylvainperrierfotografi.com\/fr\/wp-json\/wp\/v2\/tags?post=157"}],"curies":[{"name":"wp","href":"https:\/\/api.w.org\/{rel}","templated":true}]}}