{"id":169,"date":"2024-05-01T09:29:03","date_gmt":"2024-05-01T13:29:03","guid":{"rendered":"https:\/\/le.nomade.sylvainperrierfotografi.com\/?post_type=jetpack-portfolio&#038;p=169"},"modified":"2024-06-06T22:21:59","modified_gmt":"2024-06-07T02:21:59","slug":"coucher-de-soleil-au-rapides-deschenes","status":"publish","type":"post","link":"https:\/\/le.nomade.sylvainperrierfotografi.com\/fr\/coucher-de-soleil-au-rapides-deschenes\/","title":{"rendered":"Coucher de soleil au Rapides-Desch\u00eanes"},"content":{"rendered":"<blockquote class=\"wp-block-quote has-text-align-center is-layout-flow wp-block-quote-is-layout-flow\">\n<p class=\"\"><\/p>\n\n\n\n<p class=\"\">Le coucher du soleil existe pour nous rappeler la beaut\u00e9 de la vie et la remercier pour un autre jour de v\u00e9cu.<\/p>\n<\/blockquote>\n\n\n\n<p class=\"\"><\/p>\n\n\n\n<p class=\"\"><strong>Coucher de soleil au Rapides-Desch\u00eanes<\/strong> &nbsp;; il incarne un moment de contemplation profonde, o\u00f9 la nature d\u00e9voile toute sa splendeur dans une symphonie de couleurs \u00e9blouissantes. Nich\u00e9 dans un cadre naturel exceptionnel, longeant la rivi\u00e8re, le parc des Rapides-Desch\u00eanes est un lieu charg\u00e9 d\u2019histoire, offrant aux visiteurs une vue panoramique imprenable sur les rapides tumultueux qui lui donnent son nom. Ce paysage riverain, d\u2019une beaut\u00e9 saisissante, devient le th\u00e9\u00e2tre d\u2019un spectacle naturel \u00e9poustouflant lorsque le soleil entame sa descente vers l\u2019horizon.<\/p>\n\n\n\n<p class=\"\">Le parc, reconnu pour la majest\u00e9 de ses couchers de soleil, attire aussi bien les photographes amateurs que les contemplatifs en qu\u00eate de moments de paix. Chaque soir, le ciel se transforme en une toile vivante, o\u00f9 les nuances de rouge, d\u2019orange, de rose et de pourpre se m\u00ealent en parfaite harmonie, offrant un spectacle fascinant qui ne laisse personne indiff\u00e9rent. Les reflets du soleil couchant sur l\u2019eau des rapides cr\u00e9ent un jeu de lumi\u00e8re magique, une danse entre ombre et \u00e9clat, qui souligne la puissance et la tranquillit\u00e9 du site.<\/p>\n\n\n\n<figure class=\"wp-block-image size-full\"><img data-recalc-dims=\"1\" loading=\"lazy\" decoding=\"async\" width=\"940\" height=\"469\" data-attachment-id=\"181\" data-permalink=\"https:\/\/le.nomade.sylvainperrierfotografi.com\/fr\/coucher-de-soleil-au-rapides-deschenes\/coucher-de-soleil-au-rapides-deschenes-5312-scaled\/\" data-orig-file=\"https:\/\/i0.wp.com\/le.nomade.sylvainperrierfotografi.com\/wp-content\/uploads\/2024\/05\/Coucher-de-soleil-au-Rapides-Deschenes-5312-scaled-1.jpg?fit=2560%2C1277&amp;ssl=1\" data-orig-size=\"2560,1277\" data-comments-opened=\"1\" data-image-meta=\"{&quot;aperture&quot;:&quot;2&quot;,&quot;credit&quot;:&quot;Sylvain Perrier&quot;,&quot;camera&quot;:&quot;Canon EOS R6&quot;,&quot;caption&quot;:&quot;&quot;,&quot;created_timestamp&quot;:&quot;1667513327&quot;,&quot;copyright&quot;:&quot;sylvain perrier&quot;,&quot;focal_length&quot;:&quot;28&quot;,&quot;iso&quot;:&quot;200&quot;,&quot;shutter_speed&quot;:&quot;0.0015625&quot;,&quot;title&quot;:&quot;&quot;,&quot;orientation&quot;:&quot;0&quot;}\" data-image-title=\"Coucher-de-soleil-au-Rapides-Deschenes-5312-scaled\" data-image-description=\"&lt;p&gt;Coucher de soleil au Rapides-Desch\u00eanes&lt;\/p&gt;\" data-image-caption=\"\" data-large-file=\"https:\/\/i0.wp.com\/le.nomade.sylvainperrierfotografi.com\/wp-content\/uploads\/2024\/05\/Coucher-de-soleil-au-Rapides-Deschenes-5312-scaled-1.jpg?fit=940%2C469&amp;ssl=1\" src=\"https:\/\/i0.wp.com\/le.nomade.sylvainperrierfotografi.com\/wp-content\/uploads\/2024\/05\/Coucher-de-soleil-au-Rapides-Deschenes-5312-scaled-1.jpg?resize=940%2C469&#038;ssl=1\" alt=\"Coucher de soleil au Rapides-Desch\u00eanes\" class=\"wp-image-181\" srcset=\"https:\/\/i0.wp.com\/le.nomade.sylvainperrierfotografi.com\/wp-content\/uploads\/2024\/05\/Coucher-de-soleil-au-Rapides-Deschenes-5312-scaled-1.jpg?w=2560&amp;ssl=1 2560w, https:\/\/i0.wp.com\/le.nomade.sylvainperrierfotografi.com\/wp-content\/uploads\/2024\/05\/Coucher-de-soleil-au-Rapides-Deschenes-5312-scaled-1.jpg?resize=300%2C150&amp;ssl=1 300w, https:\/\/i0.wp.com\/le.nomade.sylvainperrierfotografi.com\/wp-content\/uploads\/2024\/05\/Coucher-de-soleil-au-Rapides-Deschenes-5312-scaled-1.jpg?resize=1024%2C511&amp;ssl=1 1024w, https:\/\/i0.wp.com\/le.nomade.sylvainperrierfotografi.com\/wp-content\/uploads\/2024\/05\/Coucher-de-soleil-au-Rapides-Deschenes-5312-scaled-1.jpg?resize=768%2C383&amp;ssl=1 768w, https:\/\/i0.wp.com\/le.nomade.sylvainperrierfotografi.com\/wp-content\/uploads\/2024\/05\/Coucher-de-soleil-au-Rapides-Deschenes-5312-scaled-1.jpg?resize=1536%2C766&amp;ssl=1 1536w, https:\/\/i0.wp.com\/le.nomade.sylvainperrierfotografi.com\/wp-content\/uploads\/2024\/05\/Coucher-de-soleil-au-Rapides-Deschenes-5312-scaled-1.jpg?resize=2048%2C1022&amp;ssl=1 2048w, https:\/\/i0.wp.com\/le.nomade.sylvainperrierfotografi.com\/wp-content\/uploads\/2024\/05\/Coucher-de-soleil-au-Rapides-Deschenes-5312-scaled-1.jpg?resize=450%2C224&amp;ssl=1 450w, https:\/\/i0.wp.com\/le.nomade.sylvainperrierfotografi.com\/wp-content\/uploads\/2024\/05\/Coucher-de-soleil-au-Rapides-Deschenes-5312-scaled-1.jpg?resize=1604%2C800&amp;ssl=1 1604w, https:\/\/i0.wp.com\/le.nomade.sylvainperrierfotografi.com\/wp-content\/uploads\/2024\/05\/Coucher-de-soleil-au-Rapides-Deschenes-5312-scaled-1.jpg?w=1880&amp;ssl=1 1880w\" sizes=\"auto, (max-width: 940px) 100vw, 940px\" \/><\/figure>\n\n\n\n<p class=\"\">Je me suis aventur\u00e9 \u00e0 capturer la magie de ces instants, arm\u00e9 de ma cam\u00e9ra, dans l&#8217;espoir de partager avec vous la splendeur de ces couchers de soleil au Rapides-Desch\u00eanes. \u00c0 travers mes photos, je souhaite vous transporter au c\u0153ur de ce paysage enchanteur, vous faire ressentir l&#8217;\u00e9motion d&#8217;un moment \u00e9ph\u00e9m\u00e8re o\u00f9 le temps semble s&#8217;arr\u00eater, et vous inspirer \u00e0 d\u00e9couvrir par vous-m\u00eame la beaut\u00e9 infinie de ces fins de journ\u00e9e.<\/p>\n\n\n\n<div class=\"wp-block-jetpack-slideshow\" data-autoplay=\"true\" data-delay=\"3\" data-effect=\"fade\"><div class=\"wp-block-jetpack-slideshow_container swiper-container\"><ul class=\"wp-block-jetpack-slideshow_swiper-wrapper swiper-wrapper\"><li class=\"wp-block-jetpack-slideshow_slide swiper-slide\"><figure><img data-recalc-dims=\"1\" loading=\"lazy\" decoding=\"async\" width=\"940\" height=\"529\" alt=\"Coucher de soleil au Rapides-Desch\u00eanes\" class=\"wp-block-jetpack-slideshow_image wp-image-172\" data-id=\"172\" src=\"https:\/\/i0.wp.com\/le.nomade.sylvainperrierfotografi.com\/wp-content\/uploads\/2024\/05\/Coucher-de-soleil-Parc-des-Rapides-Deschenes-2-2-scaled-1.jpg?resize=940%2C529&#038;ssl=1\" srcset=\"https:\/\/i0.wp.com\/le.nomade.sylvainperrierfotografi.com\/wp-content\/uploads\/2024\/05\/Coucher-de-soleil-Parc-des-Rapides-Deschenes-2-2-scaled-1.jpg?resize=1024%2C576&amp;ssl=1 1024w, https:\/\/i0.wp.com\/le.nomade.sylvainperrierfotografi.com\/wp-content\/uploads\/2024\/05\/Coucher-de-soleil-Parc-des-Rapides-Deschenes-2-2-scaled-1.jpg?resize=300%2C169&amp;ssl=1 300w, https:\/\/i0.wp.com\/le.nomade.sylvainperrierfotografi.com\/wp-content\/uploads\/2024\/05\/Coucher-de-soleil-Parc-des-Rapides-Deschenes-2-2-scaled-1.jpg?resize=768%2C432&amp;ssl=1 768w, https:\/\/i0.wp.com\/le.nomade.sylvainperrierfotografi.com\/wp-content\/uploads\/2024\/05\/Coucher-de-soleil-Parc-des-Rapides-Deschenes-2-2-scaled-1.jpg?resize=1536%2C864&amp;ssl=1 1536w, https:\/\/i0.wp.com\/le.nomade.sylvainperrierfotografi.com\/wp-content\/uploads\/2024\/05\/Coucher-de-soleil-Parc-des-Rapides-Deschenes-2-2-scaled-1.jpg?resize=2048%2C1152&amp;ssl=1 2048w, https:\/\/i0.wp.com\/le.nomade.sylvainperrierfotografi.com\/wp-content\/uploads\/2024\/05\/Coucher-de-soleil-Parc-des-Rapides-Deschenes-2-2-scaled-1.jpg?resize=450%2C253&amp;ssl=1 450w, https:\/\/i0.wp.com\/le.nomade.sylvainperrierfotografi.com\/wp-content\/uploads\/2024\/05\/Coucher-de-soleil-Parc-des-Rapides-Deschenes-2-2-scaled-1.jpg?resize=1422%2C800&amp;ssl=1 1422w, https:\/\/i0.wp.com\/le.nomade.sylvainperrierfotografi.com\/wp-content\/uploads\/2024\/05\/Coucher-de-soleil-Parc-des-Rapides-Deschenes-2-2-scaled-1.jpg?w=1880&amp;ssl=1 1880w\" sizes=\"(max-width: 940px) 100vw, 940px\" \/><\/figure><\/li><li class=\"wp-block-jetpack-slideshow_slide swiper-slide\"><figure><img data-recalc-dims=\"1\" loading=\"lazy\" decoding=\"async\" width=\"731\" height=\"1024\" alt=\"Coucher de soleil au Rapides-Desch\u00eanes\" class=\"wp-block-jetpack-slideshow_image wp-image-173\" data-id=\"173\" src=\"https:\/\/i0.wp.com\/le.nomade.sylvainperrierfotografi.com\/wp-content\/uploads\/2024\/05\/Coucher-de-soleil-au-Rapides-Deschenes-2-3.jpg?resize=731%2C1024&#038;ssl=1\" srcset=\"https:\/\/i0.wp.com\/le.nomade.sylvainperrierfotografi.com\/wp-content\/uploads\/2024\/05\/Coucher-de-soleil-au-Rapides-Deschenes-2-3.jpg?resize=731%2C1024&amp;ssl=1 731w, https:\/\/i0.wp.com\/le.nomade.sylvainperrierfotografi.com\/wp-content\/uploads\/2024\/05\/Coucher-de-soleil-au-Rapides-Deschenes-2-3.jpg?resize=214%2C300&amp;ssl=1 214w, https:\/\/i0.wp.com\/le.nomade.sylvainperrierfotografi.com\/wp-content\/uploads\/2024\/05\/Coucher-de-soleil-au-Rapides-Deschenes-2-3.jpg?resize=768%2C1075&amp;ssl=1 768w, https:\/\/i0.wp.com\/le.nomade.sylvainperrierfotografi.com\/wp-content\/uploads\/2024\/05\/Coucher-de-soleil-au-Rapides-Deschenes-2-3.jpg?resize=1097%2C1536&amp;ssl=1 1097w, https:\/\/i0.wp.com\/le.nomade.sylvainperrierfotografi.com\/wp-content\/uploads\/2024\/05\/Coucher-de-soleil-au-Rapides-Deschenes-2-3.jpg?resize=1463%2C2048&amp;ssl=1 1463w, https:\/\/i0.wp.com\/le.nomade.sylvainperrierfotografi.com\/wp-content\/uploads\/2024\/05\/Coucher-de-soleil-au-Rapides-Deschenes-2-3.jpg?resize=450%2C630&amp;ssl=1 450w, https:\/\/i0.wp.com\/le.nomade.sylvainperrierfotografi.com\/wp-content\/uploads\/2024\/05\/Coucher-de-soleil-au-Rapides-Deschenes-2-3.jpg?resize=571%2C800&amp;ssl=1 571w, https:\/\/i0.wp.com\/le.nomade.sylvainperrierfotografi.com\/wp-content\/uploads\/2024\/05\/Coucher-de-soleil-au-Rapides-Deschenes-2-3.jpg?w=1543&amp;ssl=1 1543w\" sizes=\"(max-width: 731px) 100vw, 731px\" \/><\/figure><\/li><li class=\"wp-block-jetpack-slideshow_slide swiper-slide\"><figure><img data-recalc-dims=\"1\" loading=\"lazy\" decoding=\"async\" width=\"940\" height=\"940\" alt=\"Coucher de soleil au Rapides-Desch\u00eanes\" class=\"wp-block-jetpack-slideshow_image wp-image-174\" data-id=\"174\" src=\"https:\/\/i0.wp.com\/le.nomade.sylvainperrierfotografi.com\/wp-content\/uploads\/2024\/05\/Coucher-de-soleil-au-Rapides-Deschenes-2-4.jpg?resize=940%2C940&#038;ssl=1\" srcset=\"https:\/\/i0.wp.com\/le.nomade.sylvainperrierfotografi.com\/wp-content\/uploads\/2024\/05\/Coucher-de-soleil-au-Rapides-Deschenes-2-4.jpg?resize=1024%2C1024&amp;ssl=1 1024w, https:\/\/i0.wp.com\/le.nomade.sylvainperrierfotografi.com\/wp-content\/uploads\/2024\/05\/Coucher-de-soleil-au-Rapides-Deschenes-2-4.jpg?resize=300%2C300&amp;ssl=1 300w, https:\/\/i0.wp.com\/le.nomade.sylvainperrierfotografi.com\/wp-content\/uploads\/2024\/05\/Coucher-de-soleil-au-Rapides-Deschenes-2-4.jpg?resize=150%2C150&amp;ssl=1 150w, https:\/\/i0.wp.com\/le.nomade.sylvainperrierfotografi.com\/wp-content\/uploads\/2024\/05\/Coucher-de-soleil-au-Rapides-Deschenes-2-4.jpg?resize=768%2C768&amp;ssl=1 768w, https:\/\/i0.wp.com\/le.nomade.sylvainperrierfotografi.com\/wp-content\/uploads\/2024\/05\/Coucher-de-soleil-au-Rapides-Deschenes-2-4.jpg?resize=1536%2C1536&amp;ssl=1 1536w, https:\/\/i0.wp.com\/le.nomade.sylvainperrierfotografi.com\/wp-content\/uploads\/2024\/05\/Coucher-de-soleil-au-Rapides-Deschenes-2-4.jpg?resize=450%2C450&amp;ssl=1 450w, https:\/\/i0.wp.com\/le.nomade.sylvainperrierfotografi.com\/wp-content\/uploads\/2024\/05\/Coucher-de-soleil-au-Rapides-Deschenes-2-4.jpg?resize=800%2C800&amp;ssl=1 800w, https:\/\/i0.wp.com\/le.nomade.sylvainperrierfotografi.com\/wp-content\/uploads\/2024\/05\/Coucher-de-soleil-au-Rapides-Deschenes-2-4.jpg?resize=50%2C50&amp;ssl=1 50w, https:\/\/i0.wp.com\/le.nomade.sylvainperrierfotografi.com\/wp-content\/uploads\/2024\/05\/Coucher-de-soleil-au-Rapides-Deschenes-2-4.jpg?w=1563&amp;ssl=1 1563w\" sizes=\"(max-width: 940px) 100vw, 940px\" \/><\/figure><\/li><li class=\"wp-block-jetpack-slideshow_slide swiper-slide\"><figure><img data-recalc-dims=\"1\" loading=\"lazy\" decoding=\"async\" width=\"940\" height=\"940\" alt=\"Coucher de soleil au Rapides-Desch\u00eanes\" class=\"wp-block-jetpack-slideshow_image wp-image-175\" data-id=\"175\" src=\"https:\/\/i0.wp.com\/le.nomade.sylvainperrierfotografi.com\/wp-content\/uploads\/2024\/05\/Coucher-de-soleil-au-Rapides-Deschenes-2-5.jpg?resize=940%2C940&#038;ssl=1\" srcset=\"https:\/\/i0.wp.com\/le.nomade.sylvainperrierfotografi.com\/wp-content\/uploads\/2024\/05\/Coucher-de-soleil-au-Rapides-Deschenes-2-5.jpg?resize=1024%2C1024&amp;ssl=1 1024w, https:\/\/i0.wp.com\/le.nomade.sylvainperrierfotografi.com\/wp-content\/uploads\/2024\/05\/Coucher-de-soleil-au-Rapides-Deschenes-2-5.jpg?resize=300%2C300&amp;ssl=1 300w, https:\/\/i0.wp.com\/le.nomade.sylvainperrierfotografi.com\/wp-content\/uploads\/2024\/05\/Coucher-de-soleil-au-Rapides-Deschenes-2-5.jpg?resize=150%2C150&amp;ssl=1 150w, https:\/\/i0.wp.com\/le.nomade.sylvainperrierfotografi.com\/wp-content\/uploads\/2024\/05\/Coucher-de-soleil-au-Rapides-Deschenes-2-5.jpg?resize=768%2C768&amp;ssl=1 768w, https:\/\/i0.wp.com\/le.nomade.sylvainperrierfotografi.com\/wp-content\/uploads\/2024\/05\/Coucher-de-soleil-au-Rapides-Deschenes-2-5.jpg?resize=1536%2C1536&amp;ssl=1 1536w, https:\/\/i0.wp.com\/le.nomade.sylvainperrierfotografi.com\/wp-content\/uploads\/2024\/05\/Coucher-de-soleil-au-Rapides-Deschenes-2-5.jpg?resize=2048%2C2048&amp;ssl=1 2048w, https:\/\/i0.wp.com\/le.nomade.sylvainperrierfotografi.com\/wp-content\/uploads\/2024\/05\/Coucher-de-soleil-au-Rapides-Deschenes-2-5.jpg?resize=450%2C450&amp;ssl=1 450w, https:\/\/i0.wp.com\/le.nomade.sylvainperrierfotografi.com\/wp-content\/uploads\/2024\/05\/Coucher-de-soleil-au-Rapides-Deschenes-2-5.jpg?resize=800%2C800&amp;ssl=1 800w, https:\/\/i0.wp.com\/le.nomade.sylvainperrierfotografi.com\/wp-content\/uploads\/2024\/05\/Coucher-de-soleil-au-Rapides-Deschenes-2-5.jpg?resize=50%2C50&amp;ssl=1 50w, https:\/\/i0.wp.com\/le.nomade.sylvainperrierfotografi.com\/wp-content\/uploads\/2024\/05\/Coucher-de-soleil-au-Rapides-Deschenes-2-5.jpg?w=1880&amp;ssl=1 1880w\" sizes=\"(max-width: 940px) 100vw, 940px\" \/><\/figure><\/li><li class=\"wp-block-jetpack-slideshow_slide swiper-slide\"><figure><img data-recalc-dims=\"1\" loading=\"lazy\" decoding=\"async\" width=\"940\" height=\"627\" alt=\"Coucher de soleil au Rapides-Desch\u00eanes\" class=\"wp-block-jetpack-slideshow_image wp-image-176\" data-id=\"176\" src=\"https:\/\/i0.wp.com\/le.nomade.sylvainperrierfotografi.com\/wp-content\/uploads\/2024\/05\/Coucher-de-soleil-au-Rapides-Deschenes-2-6-scaled-1.jpg?resize=940%2C627&#038;ssl=1\" srcset=\"https:\/\/i0.wp.com\/le.nomade.sylvainperrierfotografi.com\/wp-content\/uploads\/2024\/05\/Coucher-de-soleil-au-Rapides-Deschenes-2-6-scaled-1.jpg?resize=1024%2C683&amp;ssl=1 1024w, https:\/\/i0.wp.com\/le.nomade.sylvainperrierfotografi.com\/wp-content\/uploads\/2024\/05\/Coucher-de-soleil-au-Rapides-Deschenes-2-6-scaled-1.jpg?resize=300%2C200&amp;ssl=1 300w, https:\/\/i0.wp.com\/le.nomade.sylvainperrierfotografi.com\/wp-content\/uploads\/2024\/05\/Coucher-de-soleil-au-Rapides-Deschenes-2-6-scaled-1.jpg?resize=768%2C512&amp;ssl=1 768w, https:\/\/i0.wp.com\/le.nomade.sylvainperrierfotografi.com\/wp-content\/uploads\/2024\/05\/Coucher-de-soleil-au-Rapides-Deschenes-2-6-scaled-1.jpg?resize=1536%2C1024&amp;ssl=1 1536w, https:\/\/i0.wp.com\/le.nomade.sylvainperrierfotografi.com\/wp-content\/uploads\/2024\/05\/Coucher-de-soleil-au-Rapides-Deschenes-2-6-scaled-1.jpg?resize=2048%2C1366&amp;ssl=1 2048w, https:\/\/i0.wp.com\/le.nomade.sylvainperrierfotografi.com\/wp-content\/uploads\/2024\/05\/Coucher-de-soleil-au-Rapides-Deschenes-2-6-scaled-1.jpg?resize=450%2C300&amp;ssl=1 450w, https:\/\/i0.wp.com\/le.nomade.sylvainperrierfotografi.com\/wp-content\/uploads\/2024\/05\/Coucher-de-soleil-au-Rapides-Deschenes-2-6-scaled-1.jpg?resize=1200%2C800&amp;ssl=1 1200w, https:\/\/i0.wp.com\/le.nomade.sylvainperrierfotografi.com\/wp-content\/uploads\/2024\/05\/Coucher-de-soleil-au-Rapides-Deschenes-2-6-scaled-1.jpg?w=1880&amp;ssl=1 1880w\" sizes=\"(max-width: 940px) 100vw, 940px\" \/><\/figure><\/li><li class=\"wp-block-jetpack-slideshow_slide swiper-slide\"><figure><img data-recalc-dims=\"1\" loading=\"lazy\" decoding=\"async\" width=\"940\" height=\"627\" alt=\"Coucher de soleil au Rapides-Desch\u00eanes\" class=\"wp-block-jetpack-slideshow_image wp-image-177\" data-id=\"177\" src=\"https:\/\/i0.wp.com\/le.nomade.sylvainperrierfotografi.com\/wp-content\/uploads\/2024\/05\/Coucher-de-soleil-au-Rapides-Deschenes-2-scaled-1.jpg?resize=940%2C627&#038;ssl=1\" srcset=\"https:\/\/i0.wp.com\/le.nomade.sylvainperrierfotografi.com\/wp-content\/uploads\/2024\/05\/Coucher-de-soleil-au-Rapides-Deschenes-2-scaled-1.jpg?resize=1024%2C683&amp;ssl=1 1024w, https:\/\/i0.wp.com\/le.nomade.sylvainperrierfotografi.com\/wp-content\/uploads\/2024\/05\/Coucher-de-soleil-au-Rapides-Deschenes-2-scaled-1.jpg?resize=300%2C200&amp;ssl=1 300w, https:\/\/i0.wp.com\/le.nomade.sylvainperrierfotografi.com\/wp-content\/uploads\/2024\/05\/Coucher-de-soleil-au-Rapides-Deschenes-2-scaled-1.jpg?resize=768%2C512&amp;ssl=1 768w, https:\/\/i0.wp.com\/le.nomade.sylvainperrierfotografi.com\/wp-content\/uploads\/2024\/05\/Coucher-de-soleil-au-Rapides-Deschenes-2-scaled-1.jpg?resize=1536%2C1024&amp;ssl=1 1536w, https:\/\/i0.wp.com\/le.nomade.sylvainperrierfotografi.com\/wp-content\/uploads\/2024\/05\/Coucher-de-soleil-au-Rapides-Deschenes-2-scaled-1.jpg?resize=2048%2C1366&amp;ssl=1 2048w, https:\/\/i0.wp.com\/le.nomade.sylvainperrierfotografi.com\/wp-content\/uploads\/2024\/05\/Coucher-de-soleil-au-Rapides-Deschenes-2-scaled-1.jpg?resize=450%2C300&amp;ssl=1 450w, https:\/\/i0.wp.com\/le.nomade.sylvainperrierfotografi.com\/wp-content\/uploads\/2024\/05\/Coucher-de-soleil-au-Rapides-Deschenes-2-scaled-1.jpg?resize=1200%2C800&amp;ssl=1 1200w, https:\/\/i0.wp.com\/le.nomade.sylvainperrierfotografi.com\/wp-content\/uploads\/2024\/05\/Coucher-de-soleil-au-Rapides-Deschenes-2-scaled-1.jpg?w=1880&amp;ssl=1 1880w\" sizes=\"(max-width: 940px) 100vw, 940px\" \/><\/figure><\/li><li class=\"wp-block-jetpack-slideshow_slide swiper-slide\"><figure><img data-recalc-dims=\"1\" loading=\"lazy\" decoding=\"async\" width=\"940\" height=\"529\" alt=\"Coucher de soleil au Rapides-Desch\u00eanes\" class=\"wp-block-jetpack-slideshow_image wp-image-178\" data-id=\"178\" src=\"https:\/\/i0.wp.com\/le.nomade.sylvainperrierfotografi.com\/wp-content\/uploads\/2024\/05\/Coucher-de-soleil-au-Rapides-Deschenes-4908-scaled-1.jpg?resize=940%2C529&#038;ssl=1\" srcset=\"https:\/\/i0.wp.com\/le.nomade.sylvainperrierfotografi.com\/wp-content\/uploads\/2024\/05\/Coucher-de-soleil-au-Rapides-Deschenes-4908-scaled-1.jpg?resize=1024%2C576&amp;ssl=1 1024w, https:\/\/i0.wp.com\/le.nomade.sylvainperrierfotografi.com\/wp-content\/uploads\/2024\/05\/Coucher-de-soleil-au-Rapides-Deschenes-4908-scaled-1.jpg?resize=300%2C169&amp;ssl=1 300w, https:\/\/i0.wp.com\/le.nomade.sylvainperrierfotografi.com\/wp-content\/uploads\/2024\/05\/Coucher-de-soleil-au-Rapides-Deschenes-4908-scaled-1.jpg?resize=768%2C432&amp;ssl=1 768w, https:\/\/i0.wp.com\/le.nomade.sylvainperrierfotografi.com\/wp-content\/uploads\/2024\/05\/Coucher-de-soleil-au-Rapides-Deschenes-4908-scaled-1.jpg?resize=1536%2C864&amp;ssl=1 1536w, https:\/\/i0.wp.com\/le.nomade.sylvainperrierfotografi.com\/wp-content\/uploads\/2024\/05\/Coucher-de-soleil-au-Rapides-Deschenes-4908-scaled-1.jpg?resize=2048%2C1152&amp;ssl=1 2048w, https:\/\/i0.wp.com\/le.nomade.sylvainperrierfotografi.com\/wp-content\/uploads\/2024\/05\/Coucher-de-soleil-au-Rapides-Deschenes-4908-scaled-1.jpg?resize=450%2C253&amp;ssl=1 450w, https:\/\/i0.wp.com\/le.nomade.sylvainperrierfotografi.com\/wp-content\/uploads\/2024\/05\/Coucher-de-soleil-au-Rapides-Deschenes-4908-scaled-1.jpg?resize=1422%2C800&amp;ssl=1 1422w, https:\/\/i0.wp.com\/le.nomade.sylvainperrierfotografi.com\/wp-content\/uploads\/2024\/05\/Coucher-de-soleil-au-Rapides-Deschenes-4908-scaled-1.jpg?w=1880&amp;ssl=1 1880w\" sizes=\"(max-width: 940px) 100vw, 940px\" \/><\/figure><\/li><li class=\"wp-block-jetpack-slideshow_slide swiper-slide\"><figure><img data-recalc-dims=\"1\" loading=\"lazy\" decoding=\"async\" width=\"940\" height=\"529\" alt=\"\" class=\"wp-block-jetpack-slideshow_image wp-image-179\" data-id=\"179\" src=\"https:\/\/i0.wp.com\/le.nomade.sylvainperrierfotografi.com\/wp-content\/uploads\/2024\/05\/Coucher-de-soleil-au-Rapides-Deschenes-4963-scaled-1.jpg?resize=940%2C529&#038;ssl=1\" srcset=\"https:\/\/i0.wp.com\/le.nomade.sylvainperrierfotografi.com\/wp-content\/uploads\/2024\/05\/Coucher-de-soleil-au-Rapides-Deschenes-4963-scaled-1.jpg?resize=1024%2C576&amp;ssl=1 1024w, https:\/\/i0.wp.com\/le.nomade.sylvainperrierfotografi.com\/wp-content\/uploads\/2024\/05\/Coucher-de-soleil-au-Rapides-Deschenes-4963-scaled-1.jpg?resize=300%2C169&amp;ssl=1 300w, https:\/\/i0.wp.com\/le.nomade.sylvainperrierfotografi.com\/wp-content\/uploads\/2024\/05\/Coucher-de-soleil-au-Rapides-Deschenes-4963-scaled-1.jpg?resize=768%2C432&amp;ssl=1 768w, https:\/\/i0.wp.com\/le.nomade.sylvainperrierfotografi.com\/wp-content\/uploads\/2024\/05\/Coucher-de-soleil-au-Rapides-Deschenes-4963-scaled-1.jpg?resize=1536%2C864&amp;ssl=1 1536w, https:\/\/i0.wp.com\/le.nomade.sylvainperrierfotografi.com\/wp-content\/uploads\/2024\/05\/Coucher-de-soleil-au-Rapides-Deschenes-4963-scaled-1.jpg?resize=2048%2C1152&amp;ssl=1 2048w, https:\/\/i0.wp.com\/le.nomade.sylvainperrierfotografi.com\/wp-content\/uploads\/2024\/05\/Coucher-de-soleil-au-Rapides-Deschenes-4963-scaled-1.jpg?resize=450%2C253&amp;ssl=1 450w, https:\/\/i0.wp.com\/le.nomade.sylvainperrierfotografi.com\/wp-content\/uploads\/2024\/05\/Coucher-de-soleil-au-Rapides-Deschenes-4963-scaled-1.jpg?resize=1422%2C800&amp;ssl=1 1422w, https:\/\/i0.wp.com\/le.nomade.sylvainperrierfotografi.com\/wp-content\/uploads\/2024\/05\/Coucher-de-soleil-au-Rapides-Deschenes-4963-scaled-1.jpg?w=1880&amp;ssl=1 1880w\" sizes=\"(max-width: 940px) 100vw, 940px\" \/><\/figure><\/li><\/ul><a class=\"wp-block-jetpack-slideshow_button-prev swiper-button-prev swiper-button-white\" role=\"button\"><\/a><a class=\"wp-block-jetpack-slideshow_button-next swiper-button-next swiper-button-white\" role=\"button\"><\/a><a aria-label=\"Pause Slideshow\" class=\"wp-block-jetpack-slideshow_button-pause\" role=\"button\"><\/a><div class=\"wp-block-jetpack-slideshow_pagination swiper-pagination swiper-pagination-white\"><\/div><\/div><\/div>\n\n\n\n<p class=\"\">Je vous invite donc \u00e0 explorer ce joyau naturel, \u00e0 vous immerger dans la tranquillit\u00e9 de ce lieu historique, et \u00e0 laisser les couchers de soleil du parc des Rapides-Desch\u00eanes vous emporter dans un voyage sensoriel inoubliable. Que ce soit pour une balade paisible en fin de journ\u00e9e, une s\u00e9ance de photographie passionn\u00e9e, ou simplement pour admirer la danse des couleurs dans le ciel, ce site offre une exp\u00e9rience unique, rappelant la grandeur de la nature et la capacit\u00e9 qu&#8217;elle a de nous \u00e9merveiller sans cesse.<\/p>\n\n\n\n<hr class=\"wp-block-separator has-alpha-channel-opacity\"\/>","protected":false},"excerpt":{"rendered":"<p>Le coucher du soleil existe pour nous rappeler la beaut\u00e9 de la vie et la remercier pour un [&hellip;]<\/p>\n","protected":false},"author":1,"featured_media":180,"comment_status":"closed","ping_status":"closed","sticky":false,"template":"","format":"standard","meta":{"nf_dc_page":"","_jetpack_memberships_contains_paid_content":false,"footnotes":"","jetpack_publicize_message":"","jetpack_publicize_feature_enabled":true,"jetpack_social_post_already_shared":false,"jetpack_social_options":{"image_generator_settings":{"template":"highway","default_image_id":0,"font":"","enabled":false},"version":2}},"categories":[57],"tags":[],"class_list":["post-169","post","type-post","status-publish","format-standard","has-post-thumbnail","hentry","category-paysages-epoustouflants"],"yoast_head":"<!-- This site is optimized with the Yoast SEO plugin v27.4 - https:\/\/yoast.com\/product\/yoast-seo-wordpress\/ -->\n<title>Coucher de soleil au Rapides-Desch\u00eanes - Le Nomade<\/title>\n<meta name=\"description\" content=\"Coucher de soleil au Rapides-Desch\u00eanes Le spectacle captivant d&#039;un coucher de soleil au Rapides-Desch\u00eanes repr\u00e9sente bien plus...\" \/>\n<meta name=\"robots\" content=\"index, follow, max-snippet:-1, max-image-preview:large, max-video-preview:-1\" \/>\n<link rel=\"canonical\" href=\"https:\/\/le.nomade.sylvainperrierfotografi.com\/fr\/coucher-de-soleil-au-rapides-deschenes\/\" \/>\n<meta property=\"og:locale\" content=\"fr_FR\" \/>\n<meta property=\"og:type\" content=\"article\" \/>\n<meta property=\"og:title\" content=\"Coucher de soleil au Rapides-Desch\u00eanes\" \/>\n<meta property=\"og:description\" content=\"Coucher de soleil au Rapides-Desch\u00eanes Le spectacle captivant d&#039;un coucher de soleil au Rapides-Desch\u00eanes repr\u00e9sente bien plus...\" \/>\n<meta property=\"og:url\" content=\"https:\/\/le.nomade.sylvainperrierfotografi.com\/fr\/coucher-de-soleil-au-rapides-deschenes\/\" \/>\n<meta property=\"og:site_name\" content=\"Le Nomade\" \/>\n<meta property=\"article:publisher\" content=\"https:\/\/www.facebook.com\/SylvainPerrierFotografie\" \/>\n<meta property=\"article:author\" content=\"https:\/\/www.facebook.com\/SylvainPerrierFotografie\" \/>\n<meta property=\"article:published_time\" content=\"2024-05-01T13:29:03+00:00\" \/>\n<meta property=\"article:modified_time\" content=\"2024-06-07T02:21:59+00:00\" \/>\n<meta property=\"og:image\" content=\"https:\/\/le.nomade.sylvainperrierfotografi.com\/wp-content\/uploads\/2024\/05\/Coucher-de-soleil-au-Rapides-Deschenes-5259-scaled-1.jpg\" \/>\n\t<meta property=\"og:image:width\" content=\"2560\" \/>\n\t<meta property=\"og:image:height\" content=\"1440\" \/>\n\t<meta property=\"og:image:type\" content=\"image\/jpeg\" \/>\n<meta name=\"author\" content=\"nomade\" \/>\n<meta name=\"twitter:card\" content=\"summary_large_image\" \/>\n<meta name=\"twitter:title\" content=\"Coucher de soleil au Rapides-Desch\u00eanes\" \/>\n<meta name=\"twitter:description\" content=\"Coucher de soleil au Rapides-Desch\u00eanes Le spectacle captivant d&#039;un coucher de soleil au Rapides-Desch\u00eanes repr\u00e9sente bien plus...\" \/>\n<meta name=\"twitter:image\" content=\"https:\/\/i0.wp.com\/le.nomade.sylvainperrierfotografi.com\/wp-content\/uploads\/2024\/05\/Coucher-de-soleil-au-Rapides-Deschenes-5259-scaled-1.jpg?fit=2560%2C1440&ssl=1\" \/>\n<meta name=\"twitter:creator\" content=\"@sylvainxperrier\" \/>\n<meta name=\"twitter:site\" content=\"@sylvainxperrier\" \/>\n<meta name=\"twitter:label1\" content=\"\u00c9crit par\" \/>\n\t<meta name=\"twitter:data1\" content=\"nomade\" \/>\n\t<meta name=\"twitter:label2\" content=\"Dur\u00e9e de lecture estim\u00e9e\" \/>\n\t<meta name=\"twitter:data2\" content=\"4 minutes\" \/>\n<script type=\"application\/ld+json\" class=\"yoast-schema-graph\">{\"@context\":\"https:\\\/\\\/schema.org\",\"@graph\":[{\"@type\":\"Article\",\"@id\":\"https:\\\/\\\/le.nomade.sylvainperrierfotografi.com\\\/coucher-de-soleil-au-rapides-deschenes\\\/#article\",\"isPartOf\":{\"@id\":\"https:\\\/\\\/le.nomade.sylvainperrierfotografi.com\\\/coucher-de-soleil-au-rapides-deschenes\\\/\"},\"author\":{\"name\":\"nomade\",\"@id\":\"https:\\\/\\\/le.nomade.sylvainperrierfotografi.com\\\/#\\\/schema\\\/person\\\/422f9f9af75b66cb9416a7ef7bc22a92\"},\"headline\":\"Coucher de soleil au Rapides-Desch\u00eanes\",\"datePublished\":\"2024-05-01T13:29:03+00:00\",\"dateModified\":\"2024-06-07T02:21:59+00:00\",\"mainEntityOfPage\":{\"@id\":\"https:\\\/\\\/le.nomade.sylvainperrierfotografi.com\\\/coucher-de-soleil-au-rapides-deschenes\\\/\"},\"wordCount\":387,\"publisher\":{\"@id\":\"https:\\\/\\\/le.nomade.sylvainperrierfotografi.com\\\/#\\\/schema\\\/person\\\/422f9f9af75b66cb9416a7ef7bc22a92\"},\"image\":{\"@id\":\"https:\\\/\\\/le.nomade.sylvainperrierfotografi.com\\\/coucher-de-soleil-au-rapides-deschenes\\\/#primaryimage\"},\"thumbnailUrl\":\"https:\\\/\\\/i0.wp.com\\\/le.nomade.sylvainperrierfotografi.com\\\/wp-content\\\/uploads\\\/2024\\\/05\\\/Coucher-de-soleil-au-Rapides-Deschenes-5259-scaled-1.jpg?fit=2560%2C1440&ssl=1\",\"articleSection\":[\"Paysages \u00c9poustouflants\"],\"inLanguage\":\"fr-FR\"},{\"@type\":\"WebPage\",\"@id\":\"https:\\\/\\\/le.nomade.sylvainperrierfotografi.com\\\/coucher-de-soleil-au-rapides-deschenes\\\/\",\"url\":\"https:\\\/\\\/le.nomade.sylvainperrierfotografi.com\\\/coucher-de-soleil-au-rapides-deschenes\\\/\",\"name\":\"Coucher de soleil au Rapides-Desch\u00eanes - Le Nomade\",\"isPartOf\":{\"@id\":\"https:\\\/\\\/le.nomade.sylvainperrierfotografi.com\\\/#website\"},\"primaryImageOfPage\":{\"@id\":\"https:\\\/\\\/le.nomade.sylvainperrierfotografi.com\\\/coucher-de-soleil-au-rapides-deschenes\\\/#primaryimage\"},\"image\":{\"@id\":\"https:\\\/\\\/le.nomade.sylvainperrierfotografi.com\\\/coucher-de-soleil-au-rapides-deschenes\\\/#primaryimage\"},\"thumbnailUrl\":\"https:\\\/\\\/i0.wp.com\\\/le.nomade.sylvainperrierfotografi.com\\\/wp-content\\\/uploads\\\/2024\\\/05\\\/Coucher-de-soleil-au-Rapides-Deschenes-5259-scaled-1.jpg?fit=2560%2C1440&ssl=1\",\"datePublished\":\"2024-05-01T13:29:03+00:00\",\"dateModified\":\"2024-06-07T02:21:59+00:00\",\"description\":\"Coucher de soleil au Rapides-Desch\u00eanes Le spectacle captivant d'un coucher de soleil au Rapides-Desch\u00eanes repr\u00e9sente bien plus...\",\"breadcrumb\":{\"@id\":\"https:\\\/\\\/le.nomade.sylvainperrierfotografi.com\\\/coucher-de-soleil-au-rapides-deschenes\\\/#breadcrumb\"},\"inLanguage\":\"fr-FR\",\"potentialAction\":[{\"@type\":\"ReadAction\",\"target\":[\"https:\\\/\\\/le.nomade.sylvainperrierfotografi.com\\\/coucher-de-soleil-au-rapides-deschenes\\\/\"]}]},{\"@type\":\"ImageObject\",\"inLanguage\":\"fr-FR\",\"@id\":\"https:\\\/\\\/le.nomade.sylvainperrierfotografi.com\\\/coucher-de-soleil-au-rapides-deschenes\\\/#primaryimage\",\"url\":\"https:\\\/\\\/i0.wp.com\\\/le.nomade.sylvainperrierfotografi.com\\\/wp-content\\\/uploads\\\/2024\\\/05\\\/Coucher-de-soleil-au-Rapides-Deschenes-5259-scaled-1.jpg?fit=2560%2C1440&ssl=1\",\"contentUrl\":\"https:\\\/\\\/i0.wp.com\\\/le.nomade.sylvainperrierfotografi.com\\\/wp-content\\\/uploads\\\/2024\\\/05\\\/Coucher-de-soleil-au-Rapides-Deschenes-5259-scaled-1.jpg?fit=2560%2C1440&ssl=1\",\"width\":2560,\"height\":1440,\"caption\":\"Coucher de soleil au Rapides-Desch\u00eanes\"},{\"@type\":\"BreadcrumbList\",\"@id\":\"https:\\\/\\\/le.nomade.sylvainperrierfotografi.com\\\/coucher-de-soleil-au-rapides-deschenes\\\/#breadcrumb\",\"itemListElement\":[{\"@type\":\"ListItem\",\"position\":1,\"name\":\"Accueil\",\"item\":\"https:\\\/\\\/le.nomade.sylvainperrierfotografi.com\\\/\"},{\"@type\":\"ListItem\",\"position\":2,\"name\":\"Coucher de soleil au Rapides-Desch\u00eanes\"}]},{\"@type\":\"WebSite\",\"@id\":\"https:\\\/\\\/le.nomade.sylvainperrierfotografi.com\\\/#website\",\"url\":\"https:\\\/\\\/le.nomade.sylvainperrierfotografi.com\\\/\",\"name\":\"Le Nomade Sylvain Perrier\",\"description\":\"L\u00e0 o\u00f9 les images rencontrent les mots\",\"publisher\":{\"@id\":\"https:\\\/\\\/le.nomade.sylvainperrierfotografi.com\\\/#\\\/schema\\\/person\\\/422f9f9af75b66cb9416a7ef7bc22a92\"},\"alternateName\":\"Sylvain Perrier\",\"potentialAction\":[{\"@type\":\"SearchAction\",\"target\":{\"@type\":\"EntryPoint\",\"urlTemplate\":\"https:\\\/\\\/le.nomade.sylvainperrierfotografi.com\\\/?s={search_term_string}\"},\"query-input\":{\"@type\":\"PropertyValueSpecification\",\"valueRequired\":true,\"valueName\":\"search_term_string\"}}],\"inLanguage\":\"fr-FR\"},{\"@type\":[\"Person\",\"Organization\"],\"@id\":\"https:\\\/\\\/le.nomade.sylvainperrierfotografi.com\\\/#\\\/schema\\\/person\\\/422f9f9af75b66cb9416a7ef7bc22a92\",\"name\":\"nomade\",\"image\":{\"@type\":\"ImageObject\",\"inLanguage\":\"fr-FR\",\"@id\":\"https:\\\/\\\/i0.wp.com\\\/le.nomade.sylvainperrierfotografi.com\\\/wp-content\\\/uploads\\\/2024\\\/04\\\/cropped-Sylvain-Perrier-Photographie-roadtrip.jpg?fit=1056%2C348&ssl=1\",\"url\":\"https:\\\/\\\/i0.wp.com\\\/le.nomade.sylvainperrierfotografi.com\\\/wp-content\\\/uploads\\\/2024\\\/04\\\/cropped-Sylvain-Perrier-Photographie-roadtrip.jpg?fit=1056%2C348&ssl=1\",\"contentUrl\":\"https:\\\/\\\/i0.wp.com\\\/le.nomade.sylvainperrierfotografi.com\\\/wp-content\\\/uploads\\\/2024\\\/04\\\/cropped-Sylvain-Perrier-Photographie-roadtrip.jpg?fit=1056%2C348&ssl=1\",\"width\":1056,\"height\":348,\"caption\":\"nomade\"},\"logo\":{\"@id\":\"https:\\\/\\\/i0.wp.com\\\/le.nomade.sylvainperrierfotografi.com\\\/wp-content\\\/uploads\\\/2024\\\/04\\\/cropped-Sylvain-Perrier-Photographie-roadtrip.jpg?fit=1056%2C348&ssl=1\"},\"sameAs\":[\"https:\\\/\\\/le.nomade.sylvainperrierfotografi.com\",\"https:\\\/\\\/www.facebook.com\\\/SylvainPerrierFotografie\",\"https:\\\/\\\/www.instagram.com\\\/sylvainperrierfotografi\",\"https:\\\/\\\/www.pinterest.ca\\\/sylvain_perrier\",\"https:\\\/\\\/x.com\\\/sylvainxperrier\",\"https:\\\/\\\/www.youtube.com\\\/user\\\/lencadreursylvain\",\"https:\\\/\\\/www.tumblr.com\\\/blog\\\/sylvainperrierfotografi\"]}]}<\/script>\n<!-- \/ Yoast SEO plugin. -->","yoast_head_json":{"title":"Coucher de soleil au Rapides-Desch\u00eanes - Le Nomade","description":"Coucher de soleil au Rapides-Desch\u00eanes Le spectacle captivant d'un coucher de soleil au Rapides-Desch\u00eanes repr\u00e9sente bien plus...","robots":{"index":"index","follow":"follow","max-snippet":"max-snippet:-1","max-image-preview":"max-image-preview:large","max-video-preview":"max-video-preview:-1"},"canonical":"https:\/\/le.nomade.sylvainperrierfotografi.com\/fr\/coucher-de-soleil-au-rapides-deschenes\/","og_locale":"fr_FR","og_type":"article","og_title":"Coucher de soleil au Rapides-Desch\u00eanes","og_description":"Coucher de soleil au Rapides-Desch\u00eanes Le spectacle captivant d'un coucher de soleil au Rapides-Desch\u00eanes repr\u00e9sente bien plus...","og_url":"https:\/\/le.nomade.sylvainperrierfotografi.com\/fr\/coucher-de-soleil-au-rapides-deschenes\/","og_site_name":"Le Nomade","article_publisher":"https:\/\/www.facebook.com\/SylvainPerrierFotografie","article_author":"https:\/\/www.facebook.com\/SylvainPerrierFotografie","article_published_time":"2024-05-01T13:29:03+00:00","article_modified_time":"2024-06-07T02:21:59+00:00","og_image":[{"width":2560,"height":1440,"url":"https:\/\/le.nomade.sylvainperrierfotografi.com\/wp-content\/uploads\/2024\/05\/Coucher-de-soleil-au-Rapides-Deschenes-5259-scaled-1.jpg","type":"image\/jpeg"}],"author":"nomade","twitter_card":"summary_large_image","twitter_title":"Coucher de soleil au Rapides-Desch\u00eanes","twitter_description":"Coucher de soleil au Rapides-Desch\u00eanes Le spectacle captivant d'un coucher de soleil au Rapides-Desch\u00eanes repr\u00e9sente bien plus...","twitter_image":"https:\/\/i0.wp.com\/le.nomade.sylvainperrierfotografi.com\/wp-content\/uploads\/2024\/05\/Coucher-de-soleil-au-Rapides-Deschenes-5259-scaled-1.jpg?fit=2560%2C1440&ssl=1","twitter_creator":"@sylvainxperrier","twitter_site":"@sylvainxperrier","twitter_misc":{"\u00c9crit par":"nomade","Dur\u00e9e de lecture estim\u00e9e":"4 minutes"},"schema":{"@context":"https:\/\/schema.org","@graph":[{"@type":"Article","@id":"https:\/\/le.nomade.sylvainperrierfotografi.com\/coucher-de-soleil-au-rapides-deschenes\/#article","isPartOf":{"@id":"https:\/\/le.nomade.sylvainperrierfotografi.com\/coucher-de-soleil-au-rapides-deschenes\/"},"author":{"name":"nomade","@id":"https:\/\/le.nomade.sylvainperrierfotografi.com\/#\/schema\/person\/422f9f9af75b66cb9416a7ef7bc22a92"},"headline":"Coucher de soleil au Rapides-Desch\u00eanes","datePublished":"2024-05-01T13:29:03+00:00","dateModified":"2024-06-07T02:21:59+00:00","mainEntityOfPage":{"@id":"https:\/\/le.nomade.sylvainperrierfotografi.com\/coucher-de-soleil-au-rapides-deschenes\/"},"wordCount":387,"publisher":{"@id":"https:\/\/le.nomade.sylvainperrierfotografi.com\/#\/schema\/person\/422f9f9af75b66cb9416a7ef7bc22a92"},"image":{"@id":"https:\/\/le.nomade.sylvainperrierfotografi.com\/coucher-de-soleil-au-rapides-deschenes\/#primaryimage"},"thumbnailUrl":"https:\/\/i0.wp.com\/le.nomade.sylvainperrierfotografi.com\/wp-content\/uploads\/2024\/05\/Coucher-de-soleil-au-Rapides-Deschenes-5259-scaled-1.jpg?fit=2560%2C1440&ssl=1","articleSection":["Paysages \u00c9poustouflants"],"inLanguage":"fr-FR"},{"@type":"WebPage","@id":"https:\/\/le.nomade.sylvainperrierfotografi.com\/coucher-de-soleil-au-rapides-deschenes\/","url":"https:\/\/le.nomade.sylvainperrierfotografi.com\/coucher-de-soleil-au-rapides-deschenes\/","name":"Coucher de soleil au Rapides-Desch\u00eanes - Le Nomade","isPartOf":{"@id":"https:\/\/le.nomade.sylvainperrierfotografi.com\/#website"},"primaryImageOfPage":{"@id":"https:\/\/le.nomade.sylvainperrierfotografi.com\/coucher-de-soleil-au-rapides-deschenes\/#primaryimage"},"image":{"@id":"https:\/\/le.nomade.sylvainperrierfotografi.com\/coucher-de-soleil-au-rapides-deschenes\/#primaryimage"},"thumbnailUrl":"https:\/\/i0.wp.com\/le.nomade.sylvainperrierfotografi.com\/wp-content\/uploads\/2024\/05\/Coucher-de-soleil-au-Rapides-Deschenes-5259-scaled-1.jpg?fit=2560%2C1440&ssl=1","datePublished":"2024-05-01T13:29:03+00:00","dateModified":"2024-06-07T02:21:59+00:00","description":"Coucher de soleil au Rapides-Desch\u00eanes Le spectacle captivant d'un coucher de soleil au Rapides-Desch\u00eanes repr\u00e9sente bien plus...","breadcrumb":{"@id":"https:\/\/le.nomade.sylvainperrierfotografi.com\/coucher-de-soleil-au-rapides-deschenes\/#breadcrumb"},"inLanguage":"fr-FR","potentialAction":[{"@type":"ReadAction","target":["https:\/\/le.nomade.sylvainperrierfotografi.com\/coucher-de-soleil-au-rapides-deschenes\/"]}]},{"@type":"ImageObject","inLanguage":"fr-FR","@id":"https:\/\/le.nomade.sylvainperrierfotografi.com\/coucher-de-soleil-au-rapides-deschenes\/#primaryimage","url":"https:\/\/i0.wp.com\/le.nomade.sylvainperrierfotografi.com\/wp-content\/uploads\/2024\/05\/Coucher-de-soleil-au-Rapides-Deschenes-5259-scaled-1.jpg?fit=2560%2C1440&ssl=1","contentUrl":"https:\/\/i0.wp.com\/le.nomade.sylvainperrierfotografi.com\/wp-content\/uploads\/2024\/05\/Coucher-de-soleil-au-Rapides-Deschenes-5259-scaled-1.jpg?fit=2560%2C1440&ssl=1","width":2560,"height":1440,"caption":"Coucher de soleil au Rapides-Desch\u00eanes"},{"@type":"BreadcrumbList","@id":"https:\/\/le.nomade.sylvainperrierfotografi.com\/coucher-de-soleil-au-rapides-deschenes\/#breadcrumb","itemListElement":[{"@type":"ListItem","position":1,"name":"Accueil","item":"https:\/\/le.nomade.sylvainperrierfotografi.com\/"},{"@type":"ListItem","position":2,"name":"Coucher de soleil au Rapides-Desch\u00eanes"}]},{"@type":"WebSite","@id":"https:\/\/le.nomade.sylvainperrierfotografi.com\/#website","url":"https:\/\/le.nomade.sylvainperrierfotografi.com\/","name":"Le Nomade Sylvain Perrier","description":"L\u00e0 o\u00f9 les images rencontrent les mots","publisher":{"@id":"https:\/\/le.nomade.sylvainperrierfotografi.com\/#\/schema\/person\/422f9f9af75b66cb9416a7ef7bc22a92"},"alternateName":"Sylvain Perrier","potentialAction":[{"@type":"SearchAction","target":{"@type":"EntryPoint","urlTemplate":"https:\/\/le.nomade.sylvainperrierfotografi.com\/?s={search_term_string}"},"query-input":{"@type":"PropertyValueSpecification","valueRequired":true,"valueName":"search_term_string"}}],"inLanguage":"fr-FR"},{"@type":["Person","Organization"],"@id":"https:\/\/le.nomade.sylvainperrierfotografi.com\/#\/schema\/person\/422f9f9af75b66cb9416a7ef7bc22a92","name":"nomade","image":{"@type":"ImageObject","inLanguage":"fr-FR","@id":"https:\/\/i0.wp.com\/le.nomade.sylvainperrierfotografi.com\/wp-content\/uploads\/2024\/04\/cropped-Sylvain-Perrier-Photographie-roadtrip.jpg?fit=1056%2C348&ssl=1","url":"https:\/\/i0.wp.com\/le.nomade.sylvainperrierfotografi.com\/wp-content\/uploads\/2024\/04\/cropped-Sylvain-Perrier-Photographie-roadtrip.jpg?fit=1056%2C348&ssl=1","contentUrl":"https:\/\/i0.wp.com\/le.nomade.sylvainperrierfotografi.com\/wp-content\/uploads\/2024\/04\/cropped-Sylvain-Perrier-Photographie-roadtrip.jpg?fit=1056%2C348&ssl=1","width":1056,"height":348,"caption":"nomade"},"logo":{"@id":"https:\/\/i0.wp.com\/le.nomade.sylvainperrierfotografi.com\/wp-content\/uploads\/2024\/04\/cropped-Sylvain-Perrier-Photographie-roadtrip.jpg?fit=1056%2C348&ssl=1"},"sameAs":["https:\/\/le.nomade.sylvainperrierfotografi.com","https:\/\/www.facebook.com\/SylvainPerrierFotografie","https:\/\/www.instagram.com\/sylvainperrierfotografi","https:\/\/www.pinterest.ca\/sylvain_perrier","https:\/\/x.com\/sylvainxperrier","https:\/\/www.youtube.com\/user\/lencadreursylvain","https:\/\/www.tumblr.com\/blog\/sylvainperrierfotografi"]}]}},"jetpack_publicize_connections":[],"jetpack_featured_media_url":"https:\/\/i0.wp.com\/le.nomade.sylvainperrierfotografi.com\/wp-content\/uploads\/2024\/05\/Coucher-de-soleil-au-Rapides-Deschenes-5259-scaled-1.jpg?fit=2560%2C1440&ssl=1","jetpack-related-posts":[{"id":90,"url":"https:\/\/le.nomade.sylvainperrierfotografi.com\/fr\/les-ruines-des-rapides-deschenes\/","url_meta":{"origin":169,"position":0},"title":"Les ruines des rapides Desch\u00eanes","author":"nomade","date":"30 avril 2024","format":false,"excerpt":"Les ruines des rapides Desch\u00eanes, \u00e9mergeant des eaux tumultueuses de l\u2019Outaouais, t\u00e9moignent des origines de l'\u00e8re industrielle \u00e0 Desch\u00eanes. Ces vestiges, situ\u00e9s entre le secteur d\u2019Aylmer \u00e0 Gatineau et l\u2019ouest d\u2019Ottawa, marquent un site historique d'importance le long de la rivi\u00e8re des Outaouais. R\u00e9put\u00e9 pour \u00eatre le troisi\u00e8me portage, ou\u2026","rel":"","context":"Dans &quot;Paysages \u00c9poustouflants&quot;","block_context":{"text":"Paysages \u00c9poustouflants","link":"https:\/\/le.nomade.sylvainperrierfotografi.com\/fr\/category\/paysages-epoustouflants\/"},"img":{"alt_text":"Les ruines des rapides Desch\u00eanes","src":"https:\/\/i0.wp.com\/le.nomade.sylvainperrierfotografi.com\/wp-content\/uploads\/2024\/04\/Rapides-Deschenes.jpg?fit=1200%2C675&ssl=1&resize=350%2C200","width":350,"height":200,"srcset":"https:\/\/i0.wp.com\/le.nomade.sylvainperrierfotografi.com\/wp-content\/uploads\/2024\/04\/Rapides-Deschenes.jpg?fit=1200%2C675&ssl=1&resize=350%2C200 1x, https:\/\/i0.wp.com\/le.nomade.sylvainperrierfotografi.com\/wp-content\/uploads\/2024\/04\/Rapides-Deschenes.jpg?fit=1200%2C675&ssl=1&resize=525%2C300 1.5x, https:\/\/i0.wp.com\/le.nomade.sylvainperrierfotografi.com\/wp-content\/uploads\/2024\/04\/Rapides-Deschenes.jpg?fit=1200%2C675&ssl=1&resize=700%2C400 2x, https:\/\/i0.wp.com\/le.nomade.sylvainperrierfotografi.com\/wp-content\/uploads\/2024\/04\/Rapides-Deschenes.jpg?fit=1200%2C675&ssl=1&resize=1050%2C600 3x"},"classes":[]},{"id":234,"url":"https:\/\/le.nomade.sylvainperrierfotografi.com\/fr\/couchers-de-soleil-en-outaouais\/","url_meta":{"origin":169,"position":1},"title":"Couchers de Soleil en Outaouais","author":"nomade","date":"1 mai 2024","format":false,"excerpt":"Chaque soir, la nature s'appr\u00eate \u00e0 jouer son acte le plus captivant. Que ce soit \u00e0 la Marina d'Aylmer ou dans les r\u00e9gions recul\u00e9es du Pontiac, le ciel se pare de teintes \u00e9carlates, dor\u00e9es et pourpres, transformant l'horizon en un tableau vivant. Les derniers rayons du soleil se refl\u00e8tent sur\u2026","rel":"","context":"Dans &quot;Paysages \u00c9poustouflants&quot;","block_context":{"text":"Paysages \u00c9poustouflants","link":"https:\/\/le.nomade.sylvainperrierfotografi.com\/fr\/category\/paysages-epoustouflants\/"},"img":{"alt_text":"Couchers de Soleil en Outaouais","src":"https:\/\/i0.wp.com\/le.nomade.sylvainperrierfotografi.com\/wp-content\/uploads\/2024\/05\/Les-Couchers-de-Soleil-de-lOutaouais-2-3.jpg?fit=1200%2C800&ssl=1&resize=350%2C200","width":350,"height":200,"srcset":"https:\/\/i0.wp.com\/le.nomade.sylvainperrierfotografi.com\/wp-content\/uploads\/2024\/05\/Les-Couchers-de-Soleil-de-lOutaouais-2-3.jpg?fit=1200%2C800&ssl=1&resize=350%2C200 1x, https:\/\/i0.wp.com\/le.nomade.sylvainperrierfotografi.com\/wp-content\/uploads\/2024\/05\/Les-Couchers-de-Soleil-de-lOutaouais-2-3.jpg?fit=1200%2C800&ssl=1&resize=525%2C300 1.5x, https:\/\/i0.wp.com\/le.nomade.sylvainperrierfotografi.com\/wp-content\/uploads\/2024\/05\/Les-Couchers-de-Soleil-de-lOutaouais-2-3.jpg?fit=1200%2C800&ssl=1&resize=700%2C400 2x, https:\/\/i0.wp.com\/le.nomade.sylvainperrierfotografi.com\/wp-content\/uploads\/2024\/05\/Les-Couchers-de-Soleil-de-lOutaouais-2-3.jpg?fit=1200%2C800&ssl=1&resize=1050%2C600 3x"},"classes":[]},{"id":718,"url":"https:\/\/le.nomade.sylvainperrierfotografi.com\/fr\/la-beaute-nocturne-capturee-dans-le-vieux-hull\/","url_meta":{"origin":169,"position":2},"title":"La Beaut\u00e9 Nocturne Captur\u00e9e dans le Vieux Hull","author":"nomade","date":"22 juin 2024","format":false,"excerpt":"La Beaut\u00e9 Nocturne Captur\u00e9e dans le Vieux Hull ; Lors d'une balade en soir\u00e9e dans le Vieux Hull, en compagnie de mes amis et \u00e9l\u00e8ves en photographie, nous avons saisi des moments uniques de cette partie pittoresque de la ville. Le soleil se couchait, peignant le ciel de teintes dor\u00e9es,\u2026","rel":"","context":"Dans &quot;Aventures Urbaines&quot;","block_context":{"text":"Aventures Urbaines","link":"https:\/\/le.nomade.sylvainperrierfotografi.com\/fr\/category\/aventures-urbaines\/"},"img":{"alt_text":"La Beaut\u00e9 Nocturne Captur\u00e9e dans le Vieux Hull","src":"https:\/\/i0.wp.com\/le.nomade.sylvainperrierfotografi.com\/wp-content\/uploads\/2024\/06\/La-Beaute-Nocturne-Capturee-dans-le-Vieux-Hull-12.jpg?fit=1200%2C800&ssl=1&resize=350%2C200","width":350,"height":200,"srcset":"https:\/\/i0.wp.com\/le.nomade.sylvainperrierfotografi.com\/wp-content\/uploads\/2024\/06\/La-Beaute-Nocturne-Capturee-dans-le-Vieux-Hull-12.jpg?fit=1200%2C800&ssl=1&resize=350%2C200 1x, https:\/\/i0.wp.com\/le.nomade.sylvainperrierfotografi.com\/wp-content\/uploads\/2024\/06\/La-Beaute-Nocturne-Capturee-dans-le-Vieux-Hull-12.jpg?fit=1200%2C800&ssl=1&resize=525%2C300 1.5x, https:\/\/i0.wp.com\/le.nomade.sylvainperrierfotografi.com\/wp-content\/uploads\/2024\/06\/La-Beaute-Nocturne-Capturee-dans-le-Vieux-Hull-12.jpg?fit=1200%2C800&ssl=1&resize=700%2C400 2x, https:\/\/i0.wp.com\/le.nomade.sylvainperrierfotografi.com\/wp-content\/uploads\/2024\/06\/La-Beaute-Nocturne-Capturee-dans-le-Vieux-Hull-12.jpg?fit=1200%2C800&ssl=1&resize=1050%2C600 3x"},"classes":[]},{"id":216,"url":"https:\/\/le.nomade.sylvainperrierfotografi.com\/fr\/journee-sereine-a-la-marina-daylmer\/","url_meta":{"origin":169,"position":3},"title":"Journ\u00e9e Sereine \u00e0 la Marina d\u2019Aylmer","author":"nomade","date":"1 mai 2024","format":false,"excerpt":"La photographie, c'est capturer l'\u00e2me d'un instant \u00e9ph\u00e9m\u00e8re. Chaque image est une histoire silencieuse, racont\u00e9e par la lumi\u00e8re. Une Journ\u00e9e Sereine \u00e0 la Marina d\u2019Aylmer : Une \u00e9chapp\u00e9e pittoresque dans la qui\u00e9tude du matin Par une matin\u00e9e ensoleill\u00e9e, sous un ciel azur\u00e9 orn\u00e9 de quelques nuages \u00e9pars, je me suis\u2026","rel":"","context":"Dans &quot;Paysages \u00c9poustouflants&quot;","block_context":{"text":"Paysages \u00c9poustouflants","link":"https:\/\/le.nomade.sylvainperrierfotografi.com\/fr\/category\/paysages-epoustouflants\/"},"img":{"alt_text":"","src":"https:\/\/i0.wp.com\/le.nomade.sylvainperrierfotografi.com\/wp-content\/uploads\/2024\/05\/P__4634.jpg?fit=1200%2C675&ssl=1&resize=350%2C200","width":350,"height":200,"srcset":"https:\/\/i0.wp.com\/le.nomade.sylvainperrierfotografi.com\/wp-content\/uploads\/2024\/05\/P__4634.jpg?fit=1200%2C675&ssl=1&resize=350%2C200 1x, https:\/\/i0.wp.com\/le.nomade.sylvainperrierfotografi.com\/wp-content\/uploads\/2024\/05\/P__4634.jpg?fit=1200%2C675&ssl=1&resize=525%2C300 1.5x, https:\/\/i0.wp.com\/le.nomade.sylvainperrierfotografi.com\/wp-content\/uploads\/2024\/05\/P__4634.jpg?fit=1200%2C675&ssl=1&resize=700%2C400 2x, https:\/\/i0.wp.com\/le.nomade.sylvainperrierfotografi.com\/wp-content\/uploads\/2024\/05\/P__4634.jpg?fit=1200%2C675&ssl=1&resize=1050%2C600 3x"},"classes":[]},{"id":142,"url":"https:\/\/le.nomade.sylvainperrierfotografi.com\/fr\/la-brume-hivernale\/","url_meta":{"origin":169,"position":4},"title":"La brume hivernale","author":"nomade","date":"1 mai 2024","format":false,"excerpt":"La brume hivernale : C'\u00e9tait un matin d'hiver, et j'avais d\u00e9cid\u00e9 de me rendre au Parc de la Gatineau pour immortaliser sa beaut\u00e9 avec mon drone et ma cam\u00e9ra. Je savais que le parc offrait des paysages \u00e0 couper le souffle avec ses 250 kilom\u00e8tres de sentiers \u00e0 explorer, et\u2026","rel":"","context":"Dans &quot;Paysages \u00c9poustouflants&quot;","block_context":{"text":"Paysages \u00c9poustouflants","link":"https:\/\/le.nomade.sylvainperrierfotografi.com\/fr\/category\/paysages-epoustouflants\/"},"img":{"alt_text":"La brume hivernale","src":"https:\/\/i0.wp.com\/le.nomade.sylvainperrierfotografi.com\/wp-content\/uploads\/2024\/05\/Brume-Hivernale-2.jpg?fit=1200%2C800&ssl=1&resize=350%2C200","width":350,"height":200,"srcset":"https:\/\/i0.wp.com\/le.nomade.sylvainperrierfotografi.com\/wp-content\/uploads\/2024\/05\/Brume-Hivernale-2.jpg?fit=1200%2C800&ssl=1&resize=350%2C200 1x, https:\/\/i0.wp.com\/le.nomade.sylvainperrierfotografi.com\/wp-content\/uploads\/2024\/05\/Brume-Hivernale-2.jpg?fit=1200%2C800&ssl=1&resize=525%2C300 1.5x, https:\/\/i0.wp.com\/le.nomade.sylvainperrierfotografi.com\/wp-content\/uploads\/2024\/05\/Brume-Hivernale-2.jpg?fit=1200%2C800&ssl=1&resize=700%2C400 2x, https:\/\/i0.wp.com\/le.nomade.sylvainperrierfotografi.com\/wp-content\/uploads\/2024\/05\/Brume-Hivernale-2.jpg?fit=1200%2C800&ssl=1&resize=1050%2C600 3x"},"classes":[]},{"id":99,"url":"https:\/\/le.nomade.sylvainperrierfotografi.com\/fr\/pont-couvert-du-ruisseau-meech\/","url_meta":{"origin":169,"position":5},"title":"Pont Couvert du Ruisseau Meech","author":"nomade","date":"30 avril 2024","format":false,"excerpt":"Outaouais\u00a0Chelsea (Farm-Point) : Pont Couvert du Ruisseau Meech Chelsea, situ\u00e9e dans le secteur de Farm-Point, est une communaut\u00e9 qui s'est d\u00e9velopp\u00e9e autour de la Vall\u00e9e du ruisseau Meech d\u00e8s la fin des ann\u00e9es 1820. Elle faisait partie int\u00e9grante de l'ancien canton de Hull. Son pont couvert embl\u00e9matique, d\u00e9sormais le symbole\u2026","rel":"","context":"Dans &quot;Monuments et \u00c9difices&quot;","block_context":{"text":"Monuments et \u00c9difices","link":"https:\/\/le.nomade.sylvainperrierfotografi.com\/fr\/category\/monuments-et-edifices\/"},"img":{"alt_text":"Pont Couvert du Ruisseau Meech","src":"https:\/\/i0.wp.com\/le.nomade.sylvainperrierfotografi.com\/wp-content\/uploads\/2024\/04\/Pont-Couvert-du-Ruisseau-Meech.jpg?fit=1200%2C800&ssl=1&resize=350%2C200","width":350,"height":200,"srcset":"https:\/\/i0.wp.com\/le.nomade.sylvainperrierfotografi.com\/wp-content\/uploads\/2024\/04\/Pont-Couvert-du-Ruisseau-Meech.jpg?fit=1200%2C800&ssl=1&resize=350%2C200 1x, https:\/\/i0.wp.com\/le.nomade.sylvainperrierfotografi.com\/wp-content\/uploads\/2024\/04\/Pont-Couvert-du-Ruisseau-Meech.jpg?fit=1200%2C800&ssl=1&resize=525%2C300 1.5x, https:\/\/i0.wp.com\/le.nomade.sylvainperrierfotografi.com\/wp-content\/uploads\/2024\/04\/Pont-Couvert-du-Ruisseau-Meech.jpg?fit=1200%2C800&ssl=1&resize=700%2C400 2x, https:\/\/i0.wp.com\/le.nomade.sylvainperrierfotografi.com\/wp-content\/uploads\/2024\/04\/Pont-Couvert-du-Ruisseau-Meech.jpg?fit=1200%2C800&ssl=1&resize=1050%2C600 3x"},"classes":[]}],"jetpack_sharing_enabled":true,"_links":{"self":[{"href":"https:\/\/le.nomade.sylvainperrierfotografi.com\/fr\/wp-json\/wp\/v2\/posts\/169","targetHints":{"allow":["GET"]}}],"collection":[{"href":"https:\/\/le.nomade.sylvainperrierfotografi.com\/fr\/wp-json\/wp\/v2\/posts"}],"about":[{"href":"https:\/\/le.nomade.sylvainperrierfotografi.com\/fr\/wp-json\/wp\/v2\/types\/post"}],"author":[{"embeddable":true,"href":"https:\/\/le.nomade.sylvainperrierfotografi.com\/fr\/wp-json\/wp\/v2\/users\/1"}],"replies":[{"embeddable":true,"href":"https:\/\/le.nomade.sylvainperrierfotografi.com\/fr\/wp-json\/wp\/v2\/comments?post=169"}],"version-history":[{"count":5,"href":"https:\/\/le.nomade.sylvainperrierfotografi.com\/fr\/wp-json\/wp\/v2\/posts\/169\/revisions"}],"predecessor-version":[{"id":664,"href":"https:\/\/le.nomade.sylvainperrierfotografi.com\/fr\/wp-json\/wp\/v2\/posts\/169\/revisions\/664"}],"wp:featuredmedia":[{"embeddable":true,"href":"https:\/\/le.nomade.sylvainperrierfotografi.com\/fr\/wp-json\/wp\/v2\/media\/180"}],"wp:attachment":[{"href":"https:\/\/le.nomade.sylvainperrierfotografi.com\/fr\/wp-json\/wp\/v2\/media?parent=169"}],"wp:term":[{"taxonomy":"category","embeddable":true,"href":"https:\/\/le.nomade.sylvainperrierfotografi.com\/fr\/wp-json\/wp\/v2\/categories?post=169"},{"taxonomy":"post_tag","embeddable":true,"href":"https:\/\/le.nomade.sylvainperrierfotografi.com\/fr\/wp-json\/wp\/v2\/tags?post=169"}],"curies":[{"name":"wp","href":"https:\/\/api.w.org\/{rel}","templated":true}]}}