{"id":216,"date":"2024-05-01T11:29:32","date_gmt":"2024-05-01T15:29:32","guid":{"rendered":"https:\/\/le.nomade.sylvainperrierfotografi.com\/?post_type=jetpack-portfolio&#038;p=216"},"modified":"2024-06-06T20:18:59","modified_gmt":"2024-06-07T00:18:59","slug":"journee-sereine-a-la-marina-daylmer","status":"publish","type":"post","link":"https:\/\/le.nomade.sylvainperrierfotografi.com\/fr\/journee-sereine-a-la-marina-daylmer\/","title":{"rendered":"Journ\u00e9e Sereine \u00e0 la Marina d\u2019Aylmer"},"content":{"rendered":"<figure class=\"wp-block-pullquote\"><blockquote><p>La photographie, c&#8217;est capturer l&#8217;\u00e2me d&#8217;un instant \u00e9ph\u00e9m\u00e8re. Chaque image est une histoire silencieuse, racont\u00e9e par la lumi\u00e8re.<\/p><\/blockquote><\/figure>\n\n\n\n<p class=\"\"><strong>Une Journ\u00e9e Sereine \u00e0 la Marina d\u2019Aylmer : Une \u00e9chapp\u00e9e pittoresque dans la qui\u00e9tude du matin<\/strong><\/p>\n\n\n\n<p class=\"\">Par une matin\u00e9e ensoleill\u00e9e, sous un ciel azur\u00e9 orn\u00e9 de quelques nuages \u00e9pars, je me suis aventur\u00e9 \u00e0 la Marina d\u2019Aylmer, emportant avec moi ma pr\u00e9cieuse cam\u00e9ra et mon objectif 70-200, pr\u00eat \u00e0 immortaliser la s\u00e9r\u00e9nit\u00e9 de l&#8217;instant. D\u00e8s mon arriv\u00e9e, je fus accueilli par la douceur d&#8217;un soleil g\u00e9n\u00e9reux qui baignait le paysage d&#8217;une lumi\u00e8re dor\u00e9e, promettant une journ\u00e9e riche en d\u00e9couvertes photographiques.<\/p>\n\n\n<div class=\"wp-block-image\">\n<figure class=\"aligncenter\"><img data-recalc-dims=\"1\" loading=\"lazy\" decoding=\"async\" width=\"940\" height=\"627\" data-attachment-id=\"223\" data-permalink=\"https:\/\/le.nomade.sylvainperrierfotografi.com\/fr\/journee-sereine-a-la-marina-daylmer\/photographe-35\/\" data-orig-file=\"https:\/\/i0.wp.com\/le.nomade.sylvainperrierfotografi.com\/wp-content\/uploads\/2024\/05\/P__4579-2.jpg?fit=2500%2C1667&amp;ssl=1\" data-orig-size=\"2500,1667\" data-comments-opened=\"1\" data-image-meta=\"{&quot;aperture&quot;:&quot;5&quot;,&quot;credit&quot;:&quot;sylvain perrier&quot;,&quot;camera&quot;:&quot;Canon EOS R6&quot;,&quot;caption&quot;:&quot;&quot;,&quot;created_timestamp&quot;:&quot;1689537826&quot;,&quot;copyright&quot;:&quot;sylvain perrier&quot;,&quot;focal_length&quot;:&quot;153&quot;,&quot;iso&quot;:&quot;100&quot;,&quot;shutter_speed&quot;:&quot;0.0015625&quot;,&quot;title&quot;:&quot;Photographe&quot;,&quot;orientation&quot;:&quot;0&quot;}\" data-image-title=\"Une Journ\u00e9e Sereine \u00e0 la Marina d\u2019Aylmer\" data-image-description=\"&lt;p&gt;Journ\u00e9e Sereine \u00e0 la Marina d\u2019Aylmer&lt;\/p&gt;\" data-image-caption=\"\" data-large-file=\"https:\/\/i0.wp.com\/le.nomade.sylvainperrierfotografi.com\/wp-content\/uploads\/2024\/05\/P__4579-2.jpg?fit=940%2C627&amp;ssl=1\" src=\"https:\/\/i0.wp.com\/le.nomade.sylvainperrierfotografi.com\/wp-content\/uploads\/2024\/05\/P__4579-2.jpg?resize=940%2C627&#038;ssl=1\" alt=\"Journ\u00e9e Sereine \u00e0 la Marina d\u2019Aylmer\" class=\"wp-image-223\" srcset=\"https:\/\/i0.wp.com\/le.nomade.sylvainperrierfotografi.com\/wp-content\/uploads\/2024\/05\/P__4579-2.jpg?w=2500&amp;ssl=1 2500w, https:\/\/i0.wp.com\/le.nomade.sylvainperrierfotografi.com\/wp-content\/uploads\/2024\/05\/P__4579-2.jpg?resize=300%2C200&amp;ssl=1 300w, https:\/\/i0.wp.com\/le.nomade.sylvainperrierfotografi.com\/wp-content\/uploads\/2024\/05\/P__4579-2.jpg?resize=1024%2C683&amp;ssl=1 1024w, https:\/\/i0.wp.com\/le.nomade.sylvainperrierfotografi.com\/wp-content\/uploads\/2024\/05\/P__4579-2.jpg?resize=768%2C512&amp;ssl=1 768w, https:\/\/i0.wp.com\/le.nomade.sylvainperrierfotografi.com\/wp-content\/uploads\/2024\/05\/P__4579-2.jpg?resize=1536%2C1024&amp;ssl=1 1536w, https:\/\/i0.wp.com\/le.nomade.sylvainperrierfotografi.com\/wp-content\/uploads\/2024\/05\/P__4579-2.jpg?resize=2048%2C1366&amp;ssl=1 2048w, https:\/\/i0.wp.com\/le.nomade.sylvainperrierfotografi.com\/wp-content\/uploads\/2024\/05\/P__4579-2.jpg?resize=450%2C300&amp;ssl=1 450w, https:\/\/i0.wp.com\/le.nomade.sylvainperrierfotografi.com\/wp-content\/uploads\/2024\/05\/P__4579-2.jpg?resize=1200%2C800&amp;ssl=1 1200w, https:\/\/i0.wp.com\/le.nomade.sylvainperrierfotografi.com\/wp-content\/uploads\/2024\/05\/P__4579-2.jpg?w=1880&amp;ssl=1 1880w\" sizes=\"auto, (max-width: 940px) 100vw, 940px\" \/><\/figure>\n<\/div>\n\n\n<p class=\"\">L&#8217;air frais du matin, charg\u00e9 des senteurs maritimes, caressait mon visage tandis que je d\u00e9ambulais le long du quai, observant la sc\u00e8ne paisible qui se d\u00e9roulait devant moi. Les voiliers, joliment align\u00e9s, formaient une harmonieuse parade nautique, leurs m\u00e2ts se dressant fi\u00e8rement vers le ciel, comme des gardiens de la marina. Le clapotis de l&#8217;eau contre les coques et le cri des mouettes en qu\u00eate de leur prochain repas ajoutaient \u00e0 l&#8217;ambiance m\u00e9lodieuse du lieu.<\/p>\n\n\n\n<p class=\"\">Plus loin, des canards, d&#8217;un calme olympien, se pr\u00e9lassaient sur les ondulations de l&#8217;eau, se laissant bercer par le doux mouvement des vagues. Leurs plumes lustr\u00e9es captaient les reflets du soleil, cr\u00e9ant une mosa\u00efque de couleurs chatoyantes qui contrastait avec le bleu profond du lac.<\/p>\n\n\n<div class=\"wp-block-image\">\n<figure class=\"aligncenter\"><img data-recalc-dims=\"1\" loading=\"lazy\" decoding=\"async\" width=\"940\" height=\"529\" data-attachment-id=\"229\" data-permalink=\"https:\/\/le.nomade.sylvainperrierfotografi.com\/fr\/journee-sereine-a-la-marina-daylmer\/photographe-41\/\" data-orig-file=\"https:\/\/i0.wp.com\/le.nomade.sylvainperrierfotografi.com\/wp-content\/uploads\/2024\/05\/Journee-Sereine-a-la-Marina-dAylmer.jpg?fit=2500%2C1406&amp;ssl=1\" data-orig-size=\"2500,1406\" data-comments-opened=\"1\" data-image-meta=\"{&quot;aperture&quot;:&quot;5&quot;,&quot;credit&quot;:&quot;sylvain perrier&quot;,&quot;camera&quot;:&quot;Canon EOS R6&quot;,&quot;caption&quot;:&quot;&quot;,&quot;created_timestamp&quot;:&quot;1689538291&quot;,&quot;copyright&quot;:&quot;sylvain perrier&quot;,&quot;focal_length&quot;:&quot;70&quot;,&quot;iso&quot;:&quot;100&quot;,&quot;shutter_speed&quot;:&quot;0.0008&quot;,&quot;title&quot;:&quot;Photographe&quot;,&quot;orientation&quot;:&quot;0&quot;}\" data-image-title=\"Journ\u00e9e Sereine \u00e0 la Marina d\u2019Aylmer\" data-image-description=\"&lt;p&gt;Journ\u00e9e Sereine \u00e0 la Marina d\u2019Aylmer&lt;\/p&gt;\" data-image-caption=\"\" data-large-file=\"https:\/\/i0.wp.com\/le.nomade.sylvainperrierfotografi.com\/wp-content\/uploads\/2024\/05\/Journee-Sereine-a-la-Marina-dAylmer.jpg?fit=940%2C529&amp;ssl=1\" src=\"https:\/\/i0.wp.com\/le.nomade.sylvainperrierfotografi.com\/wp-content\/uploads\/2024\/05\/Journee-Sereine-a-la-Marina-dAylmer.jpg?resize=940%2C529&#038;ssl=1\" alt=\"Journ\u00e9e Sereine \u00e0 la Marina d\u2019Aylmer\" class=\"wp-image-229\" srcset=\"https:\/\/i0.wp.com\/le.nomade.sylvainperrierfotografi.com\/wp-content\/uploads\/2024\/05\/Journee-Sereine-a-la-Marina-dAylmer.jpg?w=2500&amp;ssl=1 2500w, https:\/\/i0.wp.com\/le.nomade.sylvainperrierfotografi.com\/wp-content\/uploads\/2024\/05\/Journee-Sereine-a-la-Marina-dAylmer.jpg?resize=300%2C169&amp;ssl=1 300w, https:\/\/i0.wp.com\/le.nomade.sylvainperrierfotografi.com\/wp-content\/uploads\/2024\/05\/Journee-Sereine-a-la-Marina-dAylmer.jpg?resize=1024%2C576&amp;ssl=1 1024w, https:\/\/i0.wp.com\/le.nomade.sylvainperrierfotografi.com\/wp-content\/uploads\/2024\/05\/Journee-Sereine-a-la-Marina-dAylmer.jpg?resize=768%2C432&amp;ssl=1 768w, https:\/\/i0.wp.com\/le.nomade.sylvainperrierfotografi.com\/wp-content\/uploads\/2024\/05\/Journee-Sereine-a-la-Marina-dAylmer.jpg?resize=1536%2C864&amp;ssl=1 1536w, https:\/\/i0.wp.com\/le.nomade.sylvainperrierfotografi.com\/wp-content\/uploads\/2024\/05\/Journee-Sereine-a-la-Marina-dAylmer.jpg?resize=2048%2C1152&amp;ssl=1 2048w, https:\/\/i0.wp.com\/le.nomade.sylvainperrierfotografi.com\/wp-content\/uploads\/2024\/05\/Journee-Sereine-a-la-Marina-dAylmer.jpg?resize=450%2C253&amp;ssl=1 450w, https:\/\/i0.wp.com\/le.nomade.sylvainperrierfotografi.com\/wp-content\/uploads\/2024\/05\/Journee-Sereine-a-la-Marina-dAylmer.jpg?resize=1422%2C800&amp;ssl=1 1422w, https:\/\/i0.wp.com\/le.nomade.sylvainperrierfotografi.com\/wp-content\/uploads\/2024\/05\/Journee-Sereine-a-la-Marina-dAylmer.jpg?w=1880&amp;ssl=1 1880w\" sizes=\"auto, (max-width: 940px) 100vw, 940px\" \/><\/figure>\n<\/div>\n\n\n<p class=\"\">Au bord de la plage, un petit gar\u00e7on, insouciant et libre, jouait avec enthousiasme, \u00e9rigeant des ch\u00e2teaux de sable et courant apr\u00e8s les vagues fuyantes. En arri\u00e8re-plan, un voilier majestueux offrait une toile de fond idyllique \u00e0 cette sc\u00e8ne de vie simple et pure. Je ne pus r\u00e9sister \u00e0 l&#8217;envie de capturer cet instant, o\u00f9 la joie enfantine se m\u00ealait \u00e0 la beaut\u00e9 tranquille de la nature.<\/p>\n\n\n\n<p class=\"\">\u00c0 travers mon objectif, je cherchai \u00e0 saisir l&#8217;essence de la Marina d\u2019Aylmer : un lieu de refuge o\u00f9 le temps semble suspendu, o\u00f9 chaque d\u00e9tail raconte une histoire. De la texture rugueuse des cordages \u00e0 la silhouette \u00e9lanc\u00e9e des voiliers, chaque \u00e9l\u00e9ment contribuait \u00e0 la richesse du tableau qui se d\u00e9ployait sous mes yeux.<\/p>\n\n\n\n<div class=\"is-style-rectangular wp-block-jetpack-tiled-gallery is-style-rectangular\"><div class=\"\"><div class=\"tiled-gallery__gallery\"><div class=\"tiled-gallery__row\"><div class=\"tiled-gallery__col\" style=\"flex-basis:69.16872%\"><figure class=\"tiled-gallery__item\"><img decoding=\"async\" data-attachment-id=\"220\" data-permalink=\"https:\/\/le.nomade.sylvainperrierfotografi.com\/fr\/journee-sereine-a-la-marina-daylmer\/photographe-32\/\" data-orig-file=\"https:\/\/i0.wp.com\/le.nomade.sylvainperrierfotografi.com\/wp-content\/uploads\/2024\/05\/P__4619.jpg?fit=2500%2C1667&amp;ssl=1\" data-orig-size=\"2500,1667\" data-comments-opened=\"1\" data-image-meta=\"{&quot;aperture&quot;:&quot;5&quot;,&quot;credit&quot;:&quot;sylvain perrier&quot;,&quot;camera&quot;:&quot;Canon EOS R6&quot;,&quot;caption&quot;:&quot;&quot;,&quot;created_timestamp&quot;:&quot;1689538098&quot;,&quot;copyright&quot;:&quot;sylvain perrier&quot;,&quot;focal_length&quot;:&quot;200&quot;,&quot;iso&quot;:&quot;100&quot;,&quot;shutter_speed&quot;:&quot;0.0025&quot;,&quot;title&quot;:&quot;Photographe&quot;,&quot;orientation&quot;:&quot;0&quot;}\" data-image-title=\"Une Journ\u00e9e Sereine \u00e0 la Marina d\u2019Aylmer\" data-image-description=\"\" data-image-caption=\"&lt;p&gt;Une Journ\u00e9e Sereine \u00e0 la Marina d\u2019Aylmer&lt;\/p&gt;\" data-large-file=\"https:\/\/i0.wp.com\/le.nomade.sylvainperrierfotografi.com\/wp-content\/uploads\/2024\/05\/P__4619.jpg?fit=940%2C627&amp;ssl=1\" role=\"button\" tabindex=\"0\" aria-label=\"Ouvrir l\u2019image 1 sur 8 en plein \u00e9cran\" srcset=\"https:\/\/i2.wp.com\/le.nomade.sylvainperrierfotografi.com\/wp-content\/uploads\/2024\/05\/P__4619-1024x683.jpg?strip=info&#038;w=600&#038;ssl=1 600w,https:\/\/i2.wp.com\/le.nomade.sylvainperrierfotografi.com\/wp-content\/uploads\/2024\/05\/P__4619-1024x683.jpg?strip=info&#038;w=900&#038;ssl=1 900w,https:\/\/i2.wp.com\/le.nomade.sylvainperrierfotografi.com\/wp-content\/uploads\/2024\/05\/P__4619-1024x683.jpg?strip=info&#038;w=1200&#038;ssl=1 1200w,https:\/\/i2.wp.com\/le.nomade.sylvainperrierfotografi.com\/wp-content\/uploads\/2024\/05\/P__4619-1024x683.jpg?strip=info&#038;w=1500&#038;ssl=1 1500w,https:\/\/i2.wp.com\/le.nomade.sylvainperrierfotografi.com\/wp-content\/uploads\/2024\/05\/P__4619-1024x683.jpg?strip=info&#038;w=1800&#038;ssl=1 1800w,https:\/\/i2.wp.com\/le.nomade.sylvainperrierfotografi.com\/wp-content\/uploads\/2024\/05\/P__4619-1024x683.jpg?strip=info&#038;w=2000&#038;ssl=1 2000w\" alt=\"Une Journ\u00e9e Sereine \u00e0 la Marina d\u2019Aylmer\" data-height=\"1667\" data-id=\"220\" data-link=\"https:\/\/le.nomade.sylvainperrierfotografi.com\/journee-sereine-a-la-marina-daylmer\/photographe-32\/\" data-url=\"https:\/\/le.nomade.sylvainperrierfotografi.com\/wp-content\/uploads\/2024\/05\/P__4619-1024x683.jpg\" data-width=\"2500\" src=\"https:\/\/i2.wp.com\/le.nomade.sylvainperrierfotografi.com\/wp-content\/uploads\/2024\/05\/P__4619-1024x683.jpg?ssl=1\" data-amp-layout=\"responsive\"\/><\/figure><\/div><div class=\"tiled-gallery__col\" style=\"flex-basis:30.83128%\"><figure class=\"tiled-gallery__item\"><img decoding=\"async\" data-attachment-id=\"219\" data-permalink=\"https:\/\/le.nomade.sylvainperrierfotografi.com\/fr\/journee-sereine-a-la-marina-daylmer\/photographe-31\/\" data-orig-file=\"https:\/\/i0.wp.com\/le.nomade.sylvainperrierfotografi.com\/wp-content\/uploads\/2024\/05\/P__4666.jpg?fit=1667%2C2500&amp;ssl=1\" data-orig-size=\"1667,2500\" data-comments-opened=\"1\" data-image-meta=\"{&quot;aperture&quot;:&quot;5&quot;,&quot;credit&quot;:&quot;sylvain perrier&quot;,&quot;camera&quot;:&quot;Canon EOS R6&quot;,&quot;caption&quot;:&quot;&quot;,&quot;created_timestamp&quot;:&quot;1689538460&quot;,&quot;copyright&quot;:&quot;sylvain perrier&quot;,&quot;focal_length&quot;:&quot;76&quot;,&quot;iso&quot;:&quot;100&quot;,&quot;shutter_speed&quot;:&quot;0.0015625&quot;,&quot;title&quot;:&quot;Photographe&quot;,&quot;orientation&quot;:&quot;0&quot;}\" data-image-title=\"Une Journ\u00e9e Sereine \u00e0 la Marina d\u2019Aylmer\" data-image-description=\"&lt;p&gt;Une Journ\u00e9e Sereine \u00e0 la Marina d\u2019Aylmer&lt;\/p&gt;\" data-image-caption=\"\" data-large-file=\"https:\/\/i0.wp.com\/le.nomade.sylvainperrierfotografi.com\/wp-content\/uploads\/2024\/05\/P__4666.jpg?fit=683%2C1024&amp;ssl=1\" role=\"button\" tabindex=\"0\" aria-label=\"Ouvrir l\u2019image 2 sur 8 en plein \u00e9cran\" srcset=\"https:\/\/i0.wp.com\/le.nomade.sylvainperrierfotografi.com\/wp-content\/uploads\/2024\/05\/P__4666-683x1024.jpg?strip=info&#038;w=600&#038;ssl=1 600w,https:\/\/i0.wp.com\/le.nomade.sylvainperrierfotografi.com\/wp-content\/uploads\/2024\/05\/P__4666-683x1024.jpg?strip=info&#038;w=900&#038;ssl=1 900w,https:\/\/i0.wp.com\/le.nomade.sylvainperrierfotografi.com\/wp-content\/uploads\/2024\/05\/P__4666-683x1024.jpg?strip=info&#038;w=1200&#038;ssl=1 1200w,https:\/\/i0.wp.com\/le.nomade.sylvainperrierfotografi.com\/wp-content\/uploads\/2024\/05\/P__4666-683x1024.jpg?strip=info&#038;w=1500&#038;ssl=1 1500w,https:\/\/i0.wp.com\/le.nomade.sylvainperrierfotografi.com\/wp-content\/uploads\/2024\/05\/P__4666-683x1024.jpg?strip=info&#038;w=1667&#038;ssl=1 1667w\" alt=\"Une Journ\u00e9e Sereine \u00e0 la Marina d\u2019Aylmer\" data-height=\"2500\" data-id=\"219\" data-link=\"https:\/\/le.nomade.sylvainperrierfotografi.com\/journee-sereine-a-la-marina-daylmer\/photographe-31\/\" data-url=\"https:\/\/le.nomade.sylvainperrierfotografi.com\/wp-content\/uploads\/2024\/05\/P__4666-683x1024.jpg\" data-width=\"1667\" src=\"https:\/\/i0.wp.com\/le.nomade.sylvainperrierfotografi.com\/wp-content\/uploads\/2024\/05\/P__4666-683x1024.jpg?ssl=1\" data-amp-layout=\"responsive\"\/><\/figure><\/div><\/div><div class=\"tiled-gallery__row\"><div class=\"tiled-gallery__col\" style=\"flex-basis:56.08962%\"><figure class=\"tiled-gallery__item\"><img decoding=\"async\" data-attachment-id=\"222\" data-permalink=\"https:\/\/le.nomade.sylvainperrierfotografi.com\/fr\/journee-sereine-a-la-marina-daylmer\/photographe-34\/\" data-orig-file=\"https:\/\/i0.wp.com\/le.nomade.sylvainperrierfotografi.com\/wp-content\/uploads\/2024\/05\/P__4603-2.jpg?fit=1667%2C2500&amp;ssl=1\" data-orig-size=\"1667,2500\" data-comments-opened=\"1\" data-image-meta=\"{&quot;aperture&quot;:&quot;5&quot;,&quot;credit&quot;:&quot;sylvain perrier&quot;,&quot;camera&quot;:&quot;Canon EOS R6&quot;,&quot;caption&quot;:&quot;&quot;,&quot;created_timestamp&quot;:&quot;1689538024&quot;,&quot;copyright&quot;:&quot;sylvain perrier&quot;,&quot;focal_length&quot;:&quot;200&quot;,&quot;iso&quot;:&quot;100&quot;,&quot;shutter_speed&quot;:&quot;0.0025&quot;,&quot;title&quot;:&quot;Photographe&quot;,&quot;orientation&quot;:&quot;0&quot;}\" data-image-title=\"Une Journ\u00e9e Sereine \u00e0 la Marina d\u2019Aylmer\" data-image-description=\"&lt;p&gt;Une Journ\u00e9e Sereine \u00e0 la Marina d\u2019Aylmer&lt;\/p&gt;\" data-image-caption=\"\" data-large-file=\"https:\/\/i0.wp.com\/le.nomade.sylvainperrierfotografi.com\/wp-content\/uploads\/2024\/05\/P__4603-2.jpg?fit=683%2C1024&amp;ssl=1\" role=\"button\" tabindex=\"0\" aria-label=\"Ouvrir l\u2019image 3 sur 8 en plein \u00e9cran\" srcset=\"https:\/\/i1.wp.com\/le.nomade.sylvainperrierfotografi.com\/wp-content\/uploads\/2024\/05\/P__4603-2-683x1024.jpg?strip=info&#038;w=600&#038;ssl=1 600w,https:\/\/i1.wp.com\/le.nomade.sylvainperrierfotografi.com\/wp-content\/uploads\/2024\/05\/P__4603-2-683x1024.jpg?strip=info&#038;w=900&#038;ssl=1 900w,https:\/\/i1.wp.com\/le.nomade.sylvainperrierfotografi.com\/wp-content\/uploads\/2024\/05\/P__4603-2-683x1024.jpg?strip=info&#038;w=1200&#038;ssl=1 1200w,https:\/\/i1.wp.com\/le.nomade.sylvainperrierfotografi.com\/wp-content\/uploads\/2024\/05\/P__4603-2-683x1024.jpg?strip=info&#038;w=1500&#038;ssl=1 1500w,https:\/\/i1.wp.com\/le.nomade.sylvainperrierfotografi.com\/wp-content\/uploads\/2024\/05\/P__4603-2-683x1024.jpg?strip=info&#038;w=1667&#038;ssl=1 1667w\" alt=\"Une Journ\u00e9e Sereine \u00e0 la Marina d\u2019Aylmer\" data-height=\"2500\" data-id=\"222\" data-link=\"https:\/\/le.nomade.sylvainperrierfotografi.com\/journee-sereine-a-la-marina-daylmer\/photographe-34\/\" data-url=\"https:\/\/le.nomade.sylvainperrierfotografi.com\/wp-content\/uploads\/2024\/05\/P__4603-2-683x1024.jpg\" data-width=\"1667\" src=\"https:\/\/i1.wp.com\/le.nomade.sylvainperrierfotografi.com\/wp-content\/uploads\/2024\/05\/P__4603-2-683x1024.jpg?ssl=1\" data-amp-layout=\"responsive\"\/><\/figure><\/div><div class=\"tiled-gallery__col\" style=\"flex-basis:43.91038%\"><figure class=\"tiled-gallery__item\"><img decoding=\"async\" data-attachment-id=\"221\" data-permalink=\"https:\/\/le.nomade.sylvainperrierfotografi.com\/fr\/journee-sereine-a-la-marina-daylmer\/photographe-33\/\" data-orig-file=\"https:\/\/i0.wp.com\/le.nomade.sylvainperrierfotografi.com\/wp-content\/uploads\/2024\/05\/P__4634.jpg?fit=2500%2C1406&amp;ssl=1\" data-orig-size=\"2500,1406\" data-comments-opened=\"1\" data-image-meta=\"{&quot;aperture&quot;:&quot;5&quot;,&quot;credit&quot;:&quot;sylvain perrier&quot;,&quot;camera&quot;:&quot;Canon EOS R6&quot;,&quot;caption&quot;:&quot;&quot;,&quot;created_timestamp&quot;:&quot;1689538291&quot;,&quot;copyright&quot;:&quot;sylvain perrier&quot;,&quot;focal_length&quot;:&quot;70&quot;,&quot;iso&quot;:&quot;100&quot;,&quot;shutter_speed&quot;:&quot;0.0008&quot;,&quot;title&quot;:&quot;Photographe&quot;,&quot;orientation&quot;:&quot;0&quot;}\" data-image-title=\"Une Journ\u00e9e Sereine \u00e0 la Marina d\u2019Aylmer\" data-image-description=\"\" data-image-caption=\"\" data-large-file=\"https:\/\/i0.wp.com\/le.nomade.sylvainperrierfotografi.com\/wp-content\/uploads\/2024\/05\/P__4634.jpg?fit=940%2C529&amp;ssl=1\" role=\"button\" tabindex=\"0\" aria-label=\"Ouvrir l\u2019image 4 sur 8 en plein \u00e9cran\" srcset=\"https:\/\/i0.wp.com\/le.nomade.sylvainperrierfotografi.com\/wp-content\/uploads\/2024\/05\/P__4634-1024x576.jpg?strip=info&#038;w=600&#038;ssl=1 600w,https:\/\/i0.wp.com\/le.nomade.sylvainperrierfotografi.com\/wp-content\/uploads\/2024\/05\/P__4634-1024x576.jpg?strip=info&#038;w=900&#038;ssl=1 900w,https:\/\/i0.wp.com\/le.nomade.sylvainperrierfotografi.com\/wp-content\/uploads\/2024\/05\/P__4634-1024x576.jpg?strip=info&#038;w=1200&#038;ssl=1 1200w,https:\/\/i0.wp.com\/le.nomade.sylvainperrierfotografi.com\/wp-content\/uploads\/2024\/05\/P__4634-1024x576.jpg?strip=info&#038;w=1500&#038;ssl=1 1500w,https:\/\/i0.wp.com\/le.nomade.sylvainperrierfotografi.com\/wp-content\/uploads\/2024\/05\/P__4634-1024x576.jpg?strip=info&#038;w=1800&#038;ssl=1 1800w,https:\/\/i0.wp.com\/le.nomade.sylvainperrierfotografi.com\/wp-content\/uploads\/2024\/05\/P__4634-1024x576.jpg?strip=info&#038;w=2000&#038;ssl=1 2000w\" alt=\"\" data-height=\"1406\" data-id=\"221\" data-link=\"https:\/\/le.nomade.sylvainperrierfotografi.com\/journee-sereine-a-la-marina-daylmer\/photographe-33\/\" data-url=\"https:\/\/le.nomade.sylvainperrierfotografi.com\/wp-content\/uploads\/2024\/05\/P__4634-1024x576.jpg\" data-width=\"2500\" src=\"https:\/\/i0.wp.com\/le.nomade.sylvainperrierfotografi.com\/wp-content\/uploads\/2024\/05\/P__4634-1024x576.jpg?ssl=1\" data-amp-layout=\"responsive\"\/><\/figure><figure class=\"tiled-gallery__item\"><img decoding=\"async\" data-attachment-id=\"224\" data-permalink=\"https:\/\/le.nomade.sylvainperrierfotografi.com\/fr\/journee-sereine-a-la-marina-daylmer\/photographe-36\/\" data-orig-file=\"https:\/\/i0.wp.com\/le.nomade.sylvainperrierfotografi.com\/wp-content\/uploads\/2024\/05\/P__4540.jpg?fit=2500%2C1667&amp;ssl=1\" data-orig-size=\"2500,1667\" data-comments-opened=\"1\" data-image-meta=\"{&quot;aperture&quot;:&quot;5.6&quot;,&quot;credit&quot;:&quot;sylvain perrier&quot;,&quot;camera&quot;:&quot;Canon EOS R6&quot;,&quot;caption&quot;:&quot;&quot;,&quot;created_timestamp&quot;:&quot;1689537216&quot;,&quot;copyright&quot;:&quot;sylvain perrier&quot;,&quot;focal_length&quot;:&quot;70&quot;,&quot;iso&quot;:&quot;100&quot;,&quot;shutter_speed&quot;:&quot;0.001&quot;,&quot;title&quot;:&quot;Photographe&quot;,&quot;orientation&quot;:&quot;0&quot;}\" data-image-title=\"Une Journ\u00e9e Sereine \u00e0 la Marina d\u2019Aylmer\" data-image-description=\"&lt;p&gt;Une Journ\u00e9e Sereine \u00e0 la Marina d\u2019Aylmer&lt;\/p&gt;\" data-image-caption=\"\" data-large-file=\"https:\/\/i0.wp.com\/le.nomade.sylvainperrierfotografi.com\/wp-content\/uploads\/2024\/05\/P__4540.jpg?fit=940%2C627&amp;ssl=1\" role=\"button\" tabindex=\"0\" aria-label=\"Ouvrir l\u2019image 5 sur 8 en plein \u00e9cran\" srcset=\"https:\/\/i0.wp.com\/le.nomade.sylvainperrierfotografi.com\/wp-content\/uploads\/2024\/05\/P__4540-1024x683.jpg?strip=info&#038;w=600&#038;ssl=1 600w,https:\/\/i0.wp.com\/le.nomade.sylvainperrierfotografi.com\/wp-content\/uploads\/2024\/05\/P__4540-1024x683.jpg?strip=info&#038;w=900&#038;ssl=1 900w,https:\/\/i0.wp.com\/le.nomade.sylvainperrierfotografi.com\/wp-content\/uploads\/2024\/05\/P__4540-1024x683.jpg?strip=info&#038;w=1200&#038;ssl=1 1200w,https:\/\/i0.wp.com\/le.nomade.sylvainperrierfotografi.com\/wp-content\/uploads\/2024\/05\/P__4540-1024x683.jpg?strip=info&#038;w=1500&#038;ssl=1 1500w,https:\/\/i0.wp.com\/le.nomade.sylvainperrierfotografi.com\/wp-content\/uploads\/2024\/05\/P__4540-1024x683.jpg?strip=info&#038;w=1800&#038;ssl=1 1800w,https:\/\/i0.wp.com\/le.nomade.sylvainperrierfotografi.com\/wp-content\/uploads\/2024\/05\/P__4540-1024x683.jpg?strip=info&#038;w=2000&#038;ssl=1 2000w\" alt=\"Une Journ\u00e9e Sereine \u00e0 la Marina d\u2019Aylmer\" data-height=\"1667\" data-id=\"224\" data-link=\"https:\/\/le.nomade.sylvainperrierfotografi.com\/journee-sereine-a-la-marina-daylmer\/photographe-36\/\" data-url=\"https:\/\/le.nomade.sylvainperrierfotografi.com\/wp-content\/uploads\/2024\/05\/P__4540-1024x683.jpg\" data-width=\"2500\" src=\"https:\/\/i0.wp.com\/le.nomade.sylvainperrierfotografi.com\/wp-content\/uploads\/2024\/05\/P__4540-1024x683.jpg?ssl=1\" data-amp-layout=\"responsive\"\/><\/figure><figure class=\"tiled-gallery__item\"><img decoding=\"async\" data-attachment-id=\"226\" data-permalink=\"https:\/\/le.nomade.sylvainperrierfotografi.com\/fr\/journee-sereine-a-la-marina-daylmer\/photographe-38\/\" data-orig-file=\"https:\/\/i0.wp.com\/le.nomade.sylvainperrierfotografi.com\/wp-content\/uploads\/2024\/05\/P__4520.jpg?fit=2500%2C1667&amp;ssl=1\" data-orig-size=\"2500,1667\" data-comments-opened=\"1\" data-image-meta=\"{&quot;aperture&quot;:&quot;9&quot;,&quot;credit&quot;:&quot;sylvain perrier&quot;,&quot;camera&quot;:&quot;Canon EOS R6&quot;,&quot;caption&quot;:&quot;&quot;,&quot;created_timestamp&quot;:&quot;1689537010&quot;,&quot;copyright&quot;:&quot;sylvain perrier&quot;,&quot;focal_length&quot;:&quot;73&quot;,&quot;iso&quot;:&quot;100&quot;,&quot;shutter_speed&quot;:&quot;0.0025&quot;,&quot;title&quot;:&quot;Photographe&quot;,&quot;orientation&quot;:&quot;0&quot;}\" data-image-title=\"Une Journ\u00e9e Sereine \u00e0 la Marina d\u2019Aylmer\" data-image-description=\"&lt;p&gt;Une Journ\u00e9e Sereine \u00e0 la Marina d\u2019Aylmer&lt;\/p&gt;\" data-image-caption=\"\" data-large-file=\"https:\/\/i0.wp.com\/le.nomade.sylvainperrierfotografi.com\/wp-content\/uploads\/2024\/05\/P__4520.jpg?fit=940%2C627&amp;ssl=1\" role=\"button\" tabindex=\"0\" aria-label=\"Ouvrir l\u2019image 6 sur 8 en plein \u00e9cran\" srcset=\"https:\/\/i1.wp.com\/le.nomade.sylvainperrierfotografi.com\/wp-content\/uploads\/2024\/05\/P__4520-1024x683.jpg?strip=info&#038;w=600&#038;ssl=1 600w,https:\/\/i1.wp.com\/le.nomade.sylvainperrierfotografi.com\/wp-content\/uploads\/2024\/05\/P__4520-1024x683.jpg?strip=info&#038;w=900&#038;ssl=1 900w,https:\/\/i1.wp.com\/le.nomade.sylvainperrierfotografi.com\/wp-content\/uploads\/2024\/05\/P__4520-1024x683.jpg?strip=info&#038;w=1200&#038;ssl=1 1200w,https:\/\/i1.wp.com\/le.nomade.sylvainperrierfotografi.com\/wp-content\/uploads\/2024\/05\/P__4520-1024x683.jpg?strip=info&#038;w=1500&#038;ssl=1 1500w,https:\/\/i1.wp.com\/le.nomade.sylvainperrierfotografi.com\/wp-content\/uploads\/2024\/05\/P__4520-1024x683.jpg?strip=info&#038;w=1800&#038;ssl=1 1800w,https:\/\/i1.wp.com\/le.nomade.sylvainperrierfotografi.com\/wp-content\/uploads\/2024\/05\/P__4520-1024x683.jpg?strip=info&#038;w=2000&#038;ssl=1 2000w\" alt=\"Une Journ\u00e9e Sereine \u00e0 la Marina d\u2019Aylmer\" data-height=\"1667\" data-id=\"226\" data-link=\"https:\/\/le.nomade.sylvainperrierfotografi.com\/journee-sereine-a-la-marina-daylmer\/photographe-38\/\" data-url=\"https:\/\/le.nomade.sylvainperrierfotografi.com\/wp-content\/uploads\/2024\/05\/P__4520-1024x683.jpg\" data-width=\"2500\" src=\"https:\/\/i1.wp.com\/le.nomade.sylvainperrierfotografi.com\/wp-content\/uploads\/2024\/05\/P__4520-1024x683.jpg?ssl=1\" data-amp-layout=\"responsive\"\/><\/figure><\/div><\/div><div class=\"tiled-gallery__row\"><div class=\"tiled-gallery__col\" style=\"flex-basis:69.16872%\"><figure class=\"tiled-gallery__item\"><img decoding=\"async\" data-attachment-id=\"228\" data-permalink=\"https:\/\/le.nomade.sylvainperrierfotografi.com\/fr\/journee-sereine-a-la-marina-daylmer\/photographe-40\/\" data-orig-file=\"https:\/\/i0.wp.com\/le.nomade.sylvainperrierfotografi.com\/wp-content\/uploads\/2024\/05\/P__4511.jpg?fit=2500%2C1667&amp;ssl=1\" data-orig-size=\"2500,1667\" data-comments-opened=\"1\" data-image-meta=\"{&quot;aperture&quot;:&quot;9&quot;,&quot;credit&quot;:&quot;sylvain perrier&quot;,&quot;camera&quot;:&quot;Canon EOS R6&quot;,&quot;caption&quot;:&quot;&quot;,&quot;created_timestamp&quot;:&quot;1689536075&quot;,&quot;copyright&quot;:&quot;sylvain perrier&quot;,&quot;focal_length&quot;:&quot;70&quot;,&quot;iso&quot;:&quot;100&quot;,&quot;shutter_speed&quot;:&quot;0.0025&quot;,&quot;title&quot;:&quot;Photographe&quot;,&quot;orientation&quot;:&quot;0&quot;}\" data-image-title=\"Une Journ\u00e9e Sereine \u00e0 la Marina d\u2019Aylmer\" data-image-description=\"&lt;p&gt;Une Journ\u00e9e Sereine \u00e0 la Marina d\u2019Aylmer&lt;\/p&gt;\" data-image-caption=\"\" data-large-file=\"https:\/\/i0.wp.com\/le.nomade.sylvainperrierfotografi.com\/wp-content\/uploads\/2024\/05\/P__4511.jpg?fit=940%2C627&amp;ssl=1\" role=\"button\" tabindex=\"0\" aria-label=\"Ouvrir l\u2019image 7 sur 8 en plein \u00e9cran\" srcset=\"https:\/\/i1.wp.com\/le.nomade.sylvainperrierfotografi.com\/wp-content\/uploads\/2024\/05\/P__4511-1024x683.jpg?strip=info&#038;w=600&#038;ssl=1 600w,https:\/\/i1.wp.com\/le.nomade.sylvainperrierfotografi.com\/wp-content\/uploads\/2024\/05\/P__4511-1024x683.jpg?strip=info&#038;w=900&#038;ssl=1 900w,https:\/\/i1.wp.com\/le.nomade.sylvainperrierfotografi.com\/wp-content\/uploads\/2024\/05\/P__4511-1024x683.jpg?strip=info&#038;w=1200&#038;ssl=1 1200w,https:\/\/i1.wp.com\/le.nomade.sylvainperrierfotografi.com\/wp-content\/uploads\/2024\/05\/P__4511-1024x683.jpg?strip=info&#038;w=1500&#038;ssl=1 1500w,https:\/\/i1.wp.com\/le.nomade.sylvainperrierfotografi.com\/wp-content\/uploads\/2024\/05\/P__4511-1024x683.jpg?strip=info&#038;w=1800&#038;ssl=1 1800w,https:\/\/i1.wp.com\/le.nomade.sylvainperrierfotografi.com\/wp-content\/uploads\/2024\/05\/P__4511-1024x683.jpg?strip=info&#038;w=2000&#038;ssl=1 2000w\" alt=\"Une Journ\u00e9e Sereine \u00e0 la Marina d\u2019Aylmer\" data-height=\"1667\" data-id=\"228\" data-link=\"https:\/\/le.nomade.sylvainperrierfotografi.com\/journee-sereine-a-la-marina-daylmer\/photographe-40\/\" data-url=\"https:\/\/le.nomade.sylvainperrierfotografi.com\/wp-content\/uploads\/2024\/05\/P__4511-1024x683.jpg\" data-width=\"2500\" src=\"https:\/\/i1.wp.com\/le.nomade.sylvainperrierfotografi.com\/wp-content\/uploads\/2024\/05\/P__4511-1024x683.jpg?ssl=1\" data-amp-layout=\"responsive\"\/><\/figure><\/div><div class=\"tiled-gallery__col\" style=\"flex-basis:30.83128%\"><figure class=\"tiled-gallery__item\"><img decoding=\"async\" data-attachment-id=\"227\" data-permalink=\"https:\/\/le.nomade.sylvainperrierfotografi.com\/fr\/journee-sereine-a-la-marina-daylmer\/photographe-39\/\" data-orig-file=\"https:\/\/i0.wp.com\/le.nomade.sylvainperrierfotografi.com\/wp-content\/uploads\/2024\/05\/P__4512.jpg?fit=1667%2C2500&amp;ssl=1\" data-orig-size=\"1667,2500\" data-comments-opened=\"1\" data-image-meta=\"{&quot;aperture&quot;:&quot;9&quot;,&quot;credit&quot;:&quot;sylvain perrier&quot;,&quot;camera&quot;:&quot;Canon EOS R6&quot;,&quot;caption&quot;:&quot;&quot;,&quot;created_timestamp&quot;:&quot;1689536698&quot;,&quot;copyright&quot;:&quot;sylvain perrier&quot;,&quot;focal_length&quot;:&quot;70&quot;,&quot;iso&quot;:&quot;100&quot;,&quot;shutter_speed&quot;:&quot;0.0025&quot;,&quot;title&quot;:&quot;Photographe&quot;,&quot;orientation&quot;:&quot;0&quot;}\" data-image-title=\"Une Journ\u00e9e Sereine \u00e0 la Marina d\u2019Aylmer\" data-image-description=\"\" data-image-caption=\"\" data-large-file=\"https:\/\/i0.wp.com\/le.nomade.sylvainperrierfotografi.com\/wp-content\/uploads\/2024\/05\/P__4512.jpg?fit=683%2C1024&amp;ssl=1\" role=\"button\" tabindex=\"0\" aria-label=\"Ouvrir l\u2019image 8 sur 8 en plein \u00e9cran\" srcset=\"https:\/\/i2.wp.com\/le.nomade.sylvainperrierfotografi.com\/wp-content\/uploads\/2024\/05\/P__4512-683x1024.jpg?strip=info&#038;w=600&#038;ssl=1 600w,https:\/\/i2.wp.com\/le.nomade.sylvainperrierfotografi.com\/wp-content\/uploads\/2024\/05\/P__4512-683x1024.jpg?strip=info&#038;w=900&#038;ssl=1 900w,https:\/\/i2.wp.com\/le.nomade.sylvainperrierfotografi.com\/wp-content\/uploads\/2024\/05\/P__4512-683x1024.jpg?strip=info&#038;w=1200&#038;ssl=1 1200w,https:\/\/i2.wp.com\/le.nomade.sylvainperrierfotografi.com\/wp-content\/uploads\/2024\/05\/P__4512-683x1024.jpg?strip=info&#038;w=1500&#038;ssl=1 1500w,https:\/\/i2.wp.com\/le.nomade.sylvainperrierfotografi.com\/wp-content\/uploads\/2024\/05\/P__4512-683x1024.jpg?strip=info&#038;w=1667&#038;ssl=1 1667w\" alt=\"Une Journ\u00e9e Sereine \u00e0 la Marina d\u2019Aylmer\" data-height=\"2500\" data-id=\"227\" data-link=\"https:\/\/le.nomade.sylvainperrierfotografi.com\/journee-sereine-a-la-marina-daylmer\/photographe-39\/\" data-url=\"https:\/\/le.nomade.sylvainperrierfotografi.com\/wp-content\/uploads\/2024\/05\/P__4512-683x1024.jpg\" data-width=\"1667\" src=\"https:\/\/i2.wp.com\/le.nomade.sylvainperrierfotografi.com\/wp-content\/uploads\/2024\/05\/P__4512-683x1024.jpg?ssl=1\" data-amp-layout=\"responsive\"\/><\/figure><\/div><\/div><\/div><\/div><\/div>\n\n\n\n<p class=\"\">Cette journ\u00e9e \u00e0 la Marina d\u2019Aylmer restera grav\u00e9e dans ma m\u00e9moire comme un moment de paix et d&#8217;\u00e9vasion, un rappel de la beaut\u00e9 simple qui nous entoure. \u00c0 travers mes photographies, j&#8217;esp\u00e8re partager un fragment de cette s\u00e9r\u00e9nit\u00e9, invitant chacun \u00e0 s&#8217;\u00e9merveiller des petites joies que la vie nous offre.<\/p>\n\n\n\n<hr class=\"wp-block-separator has-alpha-channel-opacity\"\/>","protected":false},"excerpt":{"rendered":"<p>La photographie, c&#8217;est capturer l&#8217;\u00e2me d&#8217;un instant \u00e9ph\u00e9m\u00e8re. Chaque image est une histoire silencieuse, racont\u00e9e par la lumi\u00e8re. [&hellip;]<\/p>\n","protected":false},"author":1,"featured_media":221,"comment_status":"closed","ping_status":"closed","sticky":false,"template":"","format":"standard","meta":{"nf_dc_page":"","_jetpack_memberships_contains_paid_content":false,"footnotes":"","jetpack_publicize_message":"","jetpack_publicize_feature_enabled":true,"jetpack_social_post_already_shared":false,"jetpack_social_options":{"image_generator_settings":{"template":"highway","default_image_id":0,"font":"","enabled":false},"version":2}},"categories":[57,60],"tags":[],"class_list":["post-216","post","type-post","status-publish","format-standard","has-post-thumbnail","hentry","category-paysages-epoustouflants","category-photographie-et-art-visuel"],"yoast_head":"<!-- This site is optimized with the Yoast SEO plugin v27.4 - https:\/\/yoast.com\/product\/yoast-seo-wordpress\/ -->\n<title>Journ\u00e9e Sereine \u00e0 la Marina d\u2019Aylmer - Le Nomade<\/title>\n<meta name=\"description\" content=\"Une Journ\u00e9e Sereine \u00e0 la Marina d\u2019Aylmer : Une \u00e9chapp\u00e9e pittoresque dans la qui\u00e9tude du matin. Par une matin\u00e9e ensoleill\u00e9e...\" \/>\n<meta name=\"robots\" content=\"index, follow, max-snippet:-1, max-image-preview:large, max-video-preview:-1\" \/>\n<link rel=\"canonical\" href=\"https:\/\/le.nomade.sylvainperrierfotografi.com\/fr\/journee-sereine-a-la-marina-daylmer\/\" \/>\n<meta property=\"og:locale\" content=\"fr_FR\" \/>\n<meta property=\"og:type\" content=\"article\" \/>\n<meta property=\"og:title\" content=\"Une Journ\u00e9e Sereine \u00e0 la Marina d\u2019Aylmer\" \/>\n<meta property=\"og:description\" content=\"Une Journ\u00e9e Sereine \u00e0 la Marina d\u2019Aylmer : Une \u00e9chapp\u00e9e pittoresque dans la qui\u00e9tude du matin. Par une matin\u00e9e ensoleill\u00e9e...\" \/>\n<meta property=\"og:url\" content=\"https:\/\/le.nomade.sylvainperrierfotografi.com\/fr\/journee-sereine-a-la-marina-daylmer\/\" \/>\n<meta property=\"og:site_name\" content=\"Le Nomade\" \/>\n<meta property=\"article:publisher\" content=\"https:\/\/www.facebook.com\/SylvainPerrierFotografie\" \/>\n<meta property=\"article:author\" content=\"https:\/\/www.facebook.com\/SylvainPerrierFotografie\" \/>\n<meta property=\"article:published_time\" content=\"2024-05-01T15:29:32+00:00\" \/>\n<meta property=\"article:modified_time\" content=\"2024-06-07T00:18:59+00:00\" \/>\n<meta property=\"og:image\" content=\"https:\/\/le.nomade.sylvainperrierfotografi.com\/wp-content\/uploads\/2024\/05\/Journee-Sereine-a-la-Marina-dAylmer.jpg\" \/>\n\t<meta property=\"og:image:width\" content=\"2500\" \/>\n\t<meta property=\"og:image:height\" content=\"1406\" \/>\n\t<meta property=\"og:image:type\" content=\"image\/jpeg\" \/>\n<meta name=\"author\" content=\"nomade\" \/>\n<meta name=\"twitter:card\" content=\"summary_large_image\" \/>\n<meta name=\"twitter:title\" content=\"Une Journ\u00e9e Sereine \u00e0 la Marina d\u2019Aylmer\" \/>\n<meta name=\"twitter:description\" content=\"Une Journ\u00e9e Sereine \u00e0 la Marina d\u2019Aylmer : Une \u00e9chapp\u00e9e pittoresque dans la qui\u00e9tude du matin. Par une matin\u00e9e ensoleill\u00e9e...\" \/>\n<meta name=\"twitter:image\" content=\"https:\/\/i0.wp.com\/le.nomade.sylvainperrierfotografi.com\/wp-content\/uploads\/2024\/05\/Journee-Sereine-a-la-Marina-dAylmer.jpg?fit=2500%2C1406&ssl=1\" \/>\n<meta name=\"twitter:creator\" content=\"@sylvainxperrier\" \/>\n<meta name=\"twitter:site\" content=\"@sylvainxperrier\" \/>\n<meta name=\"twitter:label1\" content=\"\u00c9crit par\" \/>\n\t<meta name=\"twitter:data1\" content=\"nomade\" \/>\n\t<meta name=\"twitter:label2\" content=\"Dur\u00e9e de lecture estim\u00e9e\" \/>\n\t<meta name=\"twitter:data2\" content=\"5 minutes\" \/>\n<script type=\"application\/ld+json\" class=\"yoast-schema-graph\">{\"@context\":\"https:\\\/\\\/schema.org\",\"@graph\":[{\"@type\":\"Article\",\"@id\":\"https:\\\/\\\/le.nomade.sylvainperrierfotografi.com\\\/journee-sereine-a-la-marina-daylmer\\\/#article\",\"isPartOf\":{\"@id\":\"https:\\\/\\\/le.nomade.sylvainperrierfotografi.com\\\/journee-sereine-a-la-marina-daylmer\\\/\"},\"author\":{\"name\":\"nomade\",\"@id\":\"https:\\\/\\\/le.nomade.sylvainperrierfotografi.com\\\/#\\\/schema\\\/person\\\/422f9f9af75b66cb9416a7ef7bc22a92\"},\"headline\":\"Journ\u00e9e Sereine \u00e0 la Marina d\u2019Aylmer\",\"datePublished\":\"2024-05-01T15:29:32+00:00\",\"dateModified\":\"2024-06-07T00:18:59+00:00\",\"mainEntityOfPage\":{\"@id\":\"https:\\\/\\\/le.nomade.sylvainperrierfotografi.com\\\/journee-sereine-a-la-marina-daylmer\\\/\"},\"wordCount\":452,\"publisher\":{\"@id\":\"https:\\\/\\\/le.nomade.sylvainperrierfotografi.com\\\/#\\\/schema\\\/person\\\/422f9f9af75b66cb9416a7ef7bc22a92\"},\"image\":{\"@id\":\"https:\\\/\\\/le.nomade.sylvainperrierfotografi.com\\\/journee-sereine-a-la-marina-daylmer\\\/#primaryimage\"},\"thumbnailUrl\":\"https:\\\/\\\/i0.wp.com\\\/le.nomade.sylvainperrierfotografi.com\\\/wp-content\\\/uploads\\\/2024\\\/05\\\/P__4634.jpg?fit=2500%2C1406&ssl=1\",\"articleSection\":[\"Paysages \u00c9poustouflants\",\"Photographie et Art Visuel\"],\"inLanguage\":\"fr-FR\"},{\"@type\":\"WebPage\",\"@id\":\"https:\\\/\\\/le.nomade.sylvainperrierfotografi.com\\\/journee-sereine-a-la-marina-daylmer\\\/\",\"url\":\"https:\\\/\\\/le.nomade.sylvainperrierfotografi.com\\\/journee-sereine-a-la-marina-daylmer\\\/\",\"name\":\"Journ\u00e9e Sereine \u00e0 la Marina d\u2019Aylmer - Le Nomade\",\"isPartOf\":{\"@id\":\"https:\\\/\\\/le.nomade.sylvainperrierfotografi.com\\\/#website\"},\"primaryImageOfPage\":{\"@id\":\"https:\\\/\\\/le.nomade.sylvainperrierfotografi.com\\\/journee-sereine-a-la-marina-daylmer\\\/#primaryimage\"},\"image\":{\"@id\":\"https:\\\/\\\/le.nomade.sylvainperrierfotografi.com\\\/journee-sereine-a-la-marina-daylmer\\\/#primaryimage\"},\"thumbnailUrl\":\"https:\\\/\\\/i0.wp.com\\\/le.nomade.sylvainperrierfotografi.com\\\/wp-content\\\/uploads\\\/2024\\\/05\\\/P__4634.jpg?fit=2500%2C1406&ssl=1\",\"datePublished\":\"2024-05-01T15:29:32+00:00\",\"dateModified\":\"2024-06-07T00:18:59+00:00\",\"description\":\"Une Journ\u00e9e Sereine \u00e0 la Marina d\u2019Aylmer : Une \u00e9chapp\u00e9e pittoresque dans la qui\u00e9tude du matin. Par une matin\u00e9e ensoleill\u00e9e...\",\"breadcrumb\":{\"@id\":\"https:\\\/\\\/le.nomade.sylvainperrierfotografi.com\\\/journee-sereine-a-la-marina-daylmer\\\/#breadcrumb\"},\"inLanguage\":\"fr-FR\",\"potentialAction\":[{\"@type\":\"ReadAction\",\"target\":[\"https:\\\/\\\/le.nomade.sylvainperrierfotografi.com\\\/journee-sereine-a-la-marina-daylmer\\\/\"]}]},{\"@type\":\"ImageObject\",\"inLanguage\":\"fr-FR\",\"@id\":\"https:\\\/\\\/le.nomade.sylvainperrierfotografi.com\\\/journee-sereine-a-la-marina-daylmer\\\/#primaryimage\",\"url\":\"https:\\\/\\\/i0.wp.com\\\/le.nomade.sylvainperrierfotografi.com\\\/wp-content\\\/uploads\\\/2024\\\/05\\\/P__4634.jpg?fit=2500%2C1406&ssl=1\",\"contentUrl\":\"https:\\\/\\\/i0.wp.com\\\/le.nomade.sylvainperrierfotografi.com\\\/wp-content\\\/uploads\\\/2024\\\/05\\\/P__4634.jpg?fit=2500%2C1406&ssl=1\",\"width\":2500,\"height\":1406},{\"@type\":\"BreadcrumbList\",\"@id\":\"https:\\\/\\\/le.nomade.sylvainperrierfotografi.com\\\/journee-sereine-a-la-marina-daylmer\\\/#breadcrumb\",\"itemListElement\":[{\"@type\":\"ListItem\",\"position\":1,\"name\":\"Accueil\",\"item\":\"https:\\\/\\\/le.nomade.sylvainperrierfotografi.com\\\/\"},{\"@type\":\"ListItem\",\"position\":2,\"name\":\"Journ\u00e9e Sereine \u00e0 la Marina d\u2019Aylmer\"}]},{\"@type\":\"WebSite\",\"@id\":\"https:\\\/\\\/le.nomade.sylvainperrierfotografi.com\\\/#website\",\"url\":\"https:\\\/\\\/le.nomade.sylvainperrierfotografi.com\\\/\",\"name\":\"Le Nomade Sylvain Perrier\",\"description\":\"L\u00e0 o\u00f9 les images rencontrent les mots\",\"publisher\":{\"@id\":\"https:\\\/\\\/le.nomade.sylvainperrierfotografi.com\\\/#\\\/schema\\\/person\\\/422f9f9af75b66cb9416a7ef7bc22a92\"},\"alternateName\":\"Sylvain Perrier\",\"potentialAction\":[{\"@type\":\"SearchAction\",\"target\":{\"@type\":\"EntryPoint\",\"urlTemplate\":\"https:\\\/\\\/le.nomade.sylvainperrierfotografi.com\\\/?s={search_term_string}\"},\"query-input\":{\"@type\":\"PropertyValueSpecification\",\"valueRequired\":true,\"valueName\":\"search_term_string\"}}],\"inLanguage\":\"fr-FR\"},{\"@type\":[\"Person\",\"Organization\"],\"@id\":\"https:\\\/\\\/le.nomade.sylvainperrierfotografi.com\\\/#\\\/schema\\\/person\\\/422f9f9af75b66cb9416a7ef7bc22a92\",\"name\":\"nomade\",\"image\":{\"@type\":\"ImageObject\",\"inLanguage\":\"fr-FR\",\"@id\":\"https:\\\/\\\/i0.wp.com\\\/le.nomade.sylvainperrierfotografi.com\\\/wp-content\\\/uploads\\\/2024\\\/04\\\/cropped-Sylvain-Perrier-Photographie-roadtrip.jpg?fit=1056%2C348&ssl=1\",\"url\":\"https:\\\/\\\/i0.wp.com\\\/le.nomade.sylvainperrierfotografi.com\\\/wp-content\\\/uploads\\\/2024\\\/04\\\/cropped-Sylvain-Perrier-Photographie-roadtrip.jpg?fit=1056%2C348&ssl=1\",\"contentUrl\":\"https:\\\/\\\/i0.wp.com\\\/le.nomade.sylvainperrierfotografi.com\\\/wp-content\\\/uploads\\\/2024\\\/04\\\/cropped-Sylvain-Perrier-Photographie-roadtrip.jpg?fit=1056%2C348&ssl=1\",\"width\":1056,\"height\":348,\"caption\":\"nomade\"},\"logo\":{\"@id\":\"https:\\\/\\\/i0.wp.com\\\/le.nomade.sylvainperrierfotografi.com\\\/wp-content\\\/uploads\\\/2024\\\/04\\\/cropped-Sylvain-Perrier-Photographie-roadtrip.jpg?fit=1056%2C348&ssl=1\"},\"sameAs\":[\"https:\\\/\\\/le.nomade.sylvainperrierfotografi.com\",\"https:\\\/\\\/www.facebook.com\\\/SylvainPerrierFotografie\",\"https:\\\/\\\/www.instagram.com\\\/sylvainperrierfotografi\",\"https:\\\/\\\/www.pinterest.ca\\\/sylvain_perrier\",\"https:\\\/\\\/x.com\\\/sylvainxperrier\",\"https:\\\/\\\/www.youtube.com\\\/user\\\/lencadreursylvain\",\"https:\\\/\\\/www.tumblr.com\\\/blog\\\/sylvainperrierfotografi\"]}]}<\/script>\n<!-- \/ Yoast SEO plugin. -->","yoast_head_json":{"title":"Journ\u00e9e Sereine \u00e0 la Marina d\u2019Aylmer - Le Nomade","description":"Une Journ\u00e9e Sereine \u00e0 la Marina d\u2019Aylmer : Une \u00e9chapp\u00e9e pittoresque dans la qui\u00e9tude du matin. Par une matin\u00e9e ensoleill\u00e9e...","robots":{"index":"index","follow":"follow","max-snippet":"max-snippet:-1","max-image-preview":"max-image-preview:large","max-video-preview":"max-video-preview:-1"},"canonical":"https:\/\/le.nomade.sylvainperrierfotografi.com\/fr\/journee-sereine-a-la-marina-daylmer\/","og_locale":"fr_FR","og_type":"article","og_title":"Une Journ\u00e9e Sereine \u00e0 la Marina d\u2019Aylmer","og_description":"Une Journ\u00e9e Sereine \u00e0 la Marina d\u2019Aylmer : Une \u00e9chapp\u00e9e pittoresque dans la qui\u00e9tude du matin. Par une matin\u00e9e ensoleill\u00e9e...","og_url":"https:\/\/le.nomade.sylvainperrierfotografi.com\/fr\/journee-sereine-a-la-marina-daylmer\/","og_site_name":"Le Nomade","article_publisher":"https:\/\/www.facebook.com\/SylvainPerrierFotografie","article_author":"https:\/\/www.facebook.com\/SylvainPerrierFotografie","article_published_time":"2024-05-01T15:29:32+00:00","article_modified_time":"2024-06-07T00:18:59+00:00","og_image":[{"width":2500,"height":1406,"url":"https:\/\/le.nomade.sylvainperrierfotografi.com\/wp-content\/uploads\/2024\/05\/Journee-Sereine-a-la-Marina-dAylmer.jpg","type":"image\/jpeg"}],"author":"nomade","twitter_card":"summary_large_image","twitter_title":"Une Journ\u00e9e Sereine \u00e0 la Marina d\u2019Aylmer","twitter_description":"Une Journ\u00e9e Sereine \u00e0 la Marina d\u2019Aylmer : Une \u00e9chapp\u00e9e pittoresque dans la qui\u00e9tude du matin. Par une matin\u00e9e ensoleill\u00e9e...","twitter_image":"https:\/\/i0.wp.com\/le.nomade.sylvainperrierfotografi.com\/wp-content\/uploads\/2024\/05\/Journee-Sereine-a-la-Marina-dAylmer.jpg?fit=2500%2C1406&ssl=1","twitter_creator":"@sylvainxperrier","twitter_site":"@sylvainxperrier","twitter_misc":{"\u00c9crit par":"nomade","Dur\u00e9e de lecture estim\u00e9e":"5 minutes"},"schema":{"@context":"https:\/\/schema.org","@graph":[{"@type":"Article","@id":"https:\/\/le.nomade.sylvainperrierfotografi.com\/journee-sereine-a-la-marina-daylmer\/#article","isPartOf":{"@id":"https:\/\/le.nomade.sylvainperrierfotografi.com\/journee-sereine-a-la-marina-daylmer\/"},"author":{"name":"nomade","@id":"https:\/\/le.nomade.sylvainperrierfotografi.com\/#\/schema\/person\/422f9f9af75b66cb9416a7ef7bc22a92"},"headline":"Journ\u00e9e Sereine \u00e0 la Marina d\u2019Aylmer","datePublished":"2024-05-01T15:29:32+00:00","dateModified":"2024-06-07T00:18:59+00:00","mainEntityOfPage":{"@id":"https:\/\/le.nomade.sylvainperrierfotografi.com\/journee-sereine-a-la-marina-daylmer\/"},"wordCount":452,"publisher":{"@id":"https:\/\/le.nomade.sylvainperrierfotografi.com\/#\/schema\/person\/422f9f9af75b66cb9416a7ef7bc22a92"},"image":{"@id":"https:\/\/le.nomade.sylvainperrierfotografi.com\/journee-sereine-a-la-marina-daylmer\/#primaryimage"},"thumbnailUrl":"https:\/\/i0.wp.com\/le.nomade.sylvainperrierfotografi.com\/wp-content\/uploads\/2024\/05\/P__4634.jpg?fit=2500%2C1406&ssl=1","articleSection":["Paysages \u00c9poustouflants","Photographie et Art Visuel"],"inLanguage":"fr-FR"},{"@type":"WebPage","@id":"https:\/\/le.nomade.sylvainperrierfotografi.com\/journee-sereine-a-la-marina-daylmer\/","url":"https:\/\/le.nomade.sylvainperrierfotografi.com\/journee-sereine-a-la-marina-daylmer\/","name":"Journ\u00e9e Sereine \u00e0 la Marina d\u2019Aylmer - Le Nomade","isPartOf":{"@id":"https:\/\/le.nomade.sylvainperrierfotografi.com\/#website"},"primaryImageOfPage":{"@id":"https:\/\/le.nomade.sylvainperrierfotografi.com\/journee-sereine-a-la-marina-daylmer\/#primaryimage"},"image":{"@id":"https:\/\/le.nomade.sylvainperrierfotografi.com\/journee-sereine-a-la-marina-daylmer\/#primaryimage"},"thumbnailUrl":"https:\/\/i0.wp.com\/le.nomade.sylvainperrierfotografi.com\/wp-content\/uploads\/2024\/05\/P__4634.jpg?fit=2500%2C1406&ssl=1","datePublished":"2024-05-01T15:29:32+00:00","dateModified":"2024-06-07T00:18:59+00:00","description":"Une Journ\u00e9e Sereine \u00e0 la Marina d\u2019Aylmer : Une \u00e9chapp\u00e9e pittoresque dans la qui\u00e9tude du matin. Par une matin\u00e9e ensoleill\u00e9e...","breadcrumb":{"@id":"https:\/\/le.nomade.sylvainperrierfotografi.com\/journee-sereine-a-la-marina-daylmer\/#breadcrumb"},"inLanguage":"fr-FR","potentialAction":[{"@type":"ReadAction","target":["https:\/\/le.nomade.sylvainperrierfotografi.com\/journee-sereine-a-la-marina-daylmer\/"]}]},{"@type":"ImageObject","inLanguage":"fr-FR","@id":"https:\/\/le.nomade.sylvainperrierfotografi.com\/journee-sereine-a-la-marina-daylmer\/#primaryimage","url":"https:\/\/i0.wp.com\/le.nomade.sylvainperrierfotografi.com\/wp-content\/uploads\/2024\/05\/P__4634.jpg?fit=2500%2C1406&ssl=1","contentUrl":"https:\/\/i0.wp.com\/le.nomade.sylvainperrierfotografi.com\/wp-content\/uploads\/2024\/05\/P__4634.jpg?fit=2500%2C1406&ssl=1","width":2500,"height":1406},{"@type":"BreadcrumbList","@id":"https:\/\/le.nomade.sylvainperrierfotografi.com\/journee-sereine-a-la-marina-daylmer\/#breadcrumb","itemListElement":[{"@type":"ListItem","position":1,"name":"Accueil","item":"https:\/\/le.nomade.sylvainperrierfotografi.com\/"},{"@type":"ListItem","position":2,"name":"Journ\u00e9e Sereine \u00e0 la Marina d\u2019Aylmer"}]},{"@type":"WebSite","@id":"https:\/\/le.nomade.sylvainperrierfotografi.com\/#website","url":"https:\/\/le.nomade.sylvainperrierfotografi.com\/","name":"Le Nomade Sylvain Perrier","description":"L\u00e0 o\u00f9 les images rencontrent les mots","publisher":{"@id":"https:\/\/le.nomade.sylvainperrierfotografi.com\/#\/schema\/person\/422f9f9af75b66cb9416a7ef7bc22a92"},"alternateName":"Sylvain Perrier","potentialAction":[{"@type":"SearchAction","target":{"@type":"EntryPoint","urlTemplate":"https:\/\/le.nomade.sylvainperrierfotografi.com\/?s={search_term_string}"},"query-input":{"@type":"PropertyValueSpecification","valueRequired":true,"valueName":"search_term_string"}}],"inLanguage":"fr-FR"},{"@type":["Person","Organization"],"@id":"https:\/\/le.nomade.sylvainperrierfotografi.com\/#\/schema\/person\/422f9f9af75b66cb9416a7ef7bc22a92","name":"nomade","image":{"@type":"ImageObject","inLanguage":"fr-FR","@id":"https:\/\/i0.wp.com\/le.nomade.sylvainperrierfotografi.com\/wp-content\/uploads\/2024\/04\/cropped-Sylvain-Perrier-Photographie-roadtrip.jpg?fit=1056%2C348&ssl=1","url":"https:\/\/i0.wp.com\/le.nomade.sylvainperrierfotografi.com\/wp-content\/uploads\/2024\/04\/cropped-Sylvain-Perrier-Photographie-roadtrip.jpg?fit=1056%2C348&ssl=1","contentUrl":"https:\/\/i0.wp.com\/le.nomade.sylvainperrierfotografi.com\/wp-content\/uploads\/2024\/04\/cropped-Sylvain-Perrier-Photographie-roadtrip.jpg?fit=1056%2C348&ssl=1","width":1056,"height":348,"caption":"nomade"},"logo":{"@id":"https:\/\/i0.wp.com\/le.nomade.sylvainperrierfotografi.com\/wp-content\/uploads\/2024\/04\/cropped-Sylvain-Perrier-Photographie-roadtrip.jpg?fit=1056%2C348&ssl=1"},"sameAs":["https:\/\/le.nomade.sylvainperrierfotografi.com","https:\/\/www.facebook.com\/SylvainPerrierFotografie","https:\/\/www.instagram.com\/sylvainperrierfotografi","https:\/\/www.pinterest.ca\/sylvain_perrier","https:\/\/x.com\/sylvainxperrier","https:\/\/www.youtube.com\/user\/lencadreursylvain","https:\/\/www.tumblr.com\/blog\/sylvainperrierfotografi"]}]}},"jetpack_publicize_connections":[],"jetpack_featured_media_url":"https:\/\/i0.wp.com\/le.nomade.sylvainperrierfotografi.com\/wp-content\/uploads\/2024\/05\/P__4634.jpg?fit=2500%2C1406&ssl=1","jetpack-related-posts":[{"id":169,"url":"https:\/\/le.nomade.sylvainperrierfotografi.com\/fr\/coucher-de-soleil-au-rapides-deschenes\/","url_meta":{"origin":216,"position":0},"title":"Coucher de soleil au Rapides-Desch\u00eanes","author":"nomade","date":"1 mai 2024","format":false,"excerpt":"Le coucher du soleil existe pour nous rappeler la beaut\u00e9 de la vie et la remercier pour un autre jour de v\u00e9cu. Coucher de soleil au Rapides-Desch\u00eanes \u00a0; il incarne un moment de contemplation profonde, o\u00f9 la nature d\u00e9voile toute sa splendeur dans une symphonie de couleurs \u00e9blouissantes. Nich\u00e9 dans\u2026","rel":"","context":"Dans &quot;Paysages \u00c9poustouflants&quot;","block_context":{"text":"Paysages \u00c9poustouflants","link":"https:\/\/le.nomade.sylvainperrierfotografi.com\/fr\/category\/paysages-epoustouflants\/"},"img":{"alt_text":"Coucher de soleil au Rapides-Desch\u00eanes","src":"https:\/\/i0.wp.com\/le.nomade.sylvainperrierfotografi.com\/wp-content\/uploads\/2024\/05\/Coucher-de-soleil-au-Rapides-Deschenes-5259-scaled-1.jpg?fit=1200%2C675&ssl=1&resize=350%2C200","width":350,"height":200,"srcset":"https:\/\/i0.wp.com\/le.nomade.sylvainperrierfotografi.com\/wp-content\/uploads\/2024\/05\/Coucher-de-soleil-au-Rapides-Deschenes-5259-scaled-1.jpg?fit=1200%2C675&ssl=1&resize=350%2C200 1x, https:\/\/i0.wp.com\/le.nomade.sylvainperrierfotografi.com\/wp-content\/uploads\/2024\/05\/Coucher-de-soleil-au-Rapides-Deschenes-5259-scaled-1.jpg?fit=1200%2C675&ssl=1&resize=525%2C300 1.5x, https:\/\/i0.wp.com\/le.nomade.sylvainperrierfotografi.com\/wp-content\/uploads\/2024\/05\/Coucher-de-soleil-au-Rapides-Deschenes-5259-scaled-1.jpg?fit=1200%2C675&ssl=1&resize=700%2C400 2x, https:\/\/i0.wp.com\/le.nomade.sylvainperrierfotografi.com\/wp-content\/uploads\/2024\/05\/Coucher-de-soleil-au-Rapides-Deschenes-5259-scaled-1.jpg?fit=1200%2C675&ssl=1&resize=1050%2C600 3x"},"classes":[]},{"id":685,"url":"https:\/\/le.nomade.sylvainperrierfotografi.com\/fr\/evasion-visuelle-a-la-marina-daylmer\/","url_meta":{"origin":216,"position":1},"title":"\u00c9vasion Visuelle \u00e0 la Marina d&#8217;Aylmer","author":"nomade","date":"11 juin 2024","format":false,"excerpt":"\u00c9vasion Visuelle \u00e0 la Marina d'Aylmer : Instantan\u00e9s de S\u00e9r\u00e9nit\u00e9 Lors d\u2019un cours de photographie \u00e0 la Marina d\u2019Aylmer, j\u2019ai eu l\u2019opportunit\u00e9 de capturer la beaut\u00e9 tranquille de ce lieu et de ses alentours. \u00c0 travers ces dix clich\u00e9s, je vous invite \u00e0 d\u00e9couvrir une s\u00e9rie de moments suspendus, o\u00f9\u2026","rel":"","context":"Dans &quot;Paysages \u00c9poustouflants&quot;","block_context":{"text":"Paysages \u00c9poustouflants","link":"https:\/\/le.nomade.sylvainperrierfotografi.com\/fr\/category\/paysages-epoustouflants\/"},"img":{"alt_text":"\u00c9vasion Visuelle \u00e0 la Marina d'Aylmer","src":"https:\/\/i0.wp.com\/le.nomade.sylvainperrierfotografi.com\/wp-content\/uploads\/2024\/06\/Evasion-Visuelle-a-la-Marina-dAylmer-12.jpg?fit=720%2C1080&ssl=1&resize=350%2C200","width":350,"height":200,"srcset":"https:\/\/i0.wp.com\/le.nomade.sylvainperrierfotografi.com\/wp-content\/uploads\/2024\/06\/Evasion-Visuelle-a-la-Marina-dAylmer-12.jpg?fit=720%2C1080&ssl=1&resize=350%2C200 1x, https:\/\/i0.wp.com\/le.nomade.sylvainperrierfotografi.com\/wp-content\/uploads\/2024\/06\/Evasion-Visuelle-a-la-Marina-dAylmer-12.jpg?fit=720%2C1080&ssl=1&resize=525%2C300 1.5x, https:\/\/i0.wp.com\/le.nomade.sylvainperrierfotografi.com\/wp-content\/uploads\/2024\/06\/Evasion-Visuelle-a-la-Marina-dAylmer-12.jpg?fit=720%2C1080&ssl=1&resize=700%2C400 2x"},"classes":[]},{"id":142,"url":"https:\/\/le.nomade.sylvainperrierfotografi.com\/fr\/la-brume-hivernale\/","url_meta":{"origin":216,"position":2},"title":"La brume hivernale","author":"nomade","date":"1 mai 2024","format":false,"excerpt":"La brume hivernale : C'\u00e9tait un matin d'hiver, et j'avais d\u00e9cid\u00e9 de me rendre au Parc de la Gatineau pour immortaliser sa beaut\u00e9 avec mon drone et ma cam\u00e9ra. Je savais que le parc offrait des paysages \u00e0 couper le souffle avec ses 250 kilom\u00e8tres de sentiers \u00e0 explorer, et\u2026","rel":"","context":"Dans &quot;Paysages \u00c9poustouflants&quot;","block_context":{"text":"Paysages \u00c9poustouflants","link":"https:\/\/le.nomade.sylvainperrierfotografi.com\/fr\/category\/paysages-epoustouflants\/"},"img":{"alt_text":"La brume hivernale","src":"https:\/\/i0.wp.com\/le.nomade.sylvainperrierfotografi.com\/wp-content\/uploads\/2024\/05\/Brume-Hivernale-2.jpg?fit=1200%2C800&ssl=1&resize=350%2C200","width":350,"height":200,"srcset":"https:\/\/i0.wp.com\/le.nomade.sylvainperrierfotografi.com\/wp-content\/uploads\/2024\/05\/Brume-Hivernale-2.jpg?fit=1200%2C800&ssl=1&resize=350%2C200 1x, https:\/\/i0.wp.com\/le.nomade.sylvainperrierfotografi.com\/wp-content\/uploads\/2024\/05\/Brume-Hivernale-2.jpg?fit=1200%2C800&ssl=1&resize=525%2C300 1.5x, https:\/\/i0.wp.com\/le.nomade.sylvainperrierfotografi.com\/wp-content\/uploads\/2024\/05\/Brume-Hivernale-2.jpg?fit=1200%2C800&ssl=1&resize=700%2C400 2x, https:\/\/i0.wp.com\/le.nomade.sylvainperrierfotografi.com\/wp-content\/uploads\/2024\/05\/Brume-Hivernale-2.jpg?fit=1200%2C800&ssl=1&resize=1050%2C600 3x"},"classes":[]},{"id":234,"url":"https:\/\/le.nomade.sylvainperrierfotografi.com\/fr\/couchers-de-soleil-en-outaouais\/","url_meta":{"origin":216,"position":3},"title":"Couchers de Soleil en Outaouais","author":"nomade","date":"1 mai 2024","format":false,"excerpt":"Chaque soir, la nature s'appr\u00eate \u00e0 jouer son acte le plus captivant. Que ce soit \u00e0 la Marina d'Aylmer ou dans les r\u00e9gions recul\u00e9es du Pontiac, le ciel se pare de teintes \u00e9carlates, dor\u00e9es et pourpres, transformant l'horizon en un tableau vivant. Les derniers rayons du soleil se refl\u00e8tent sur\u2026","rel":"","context":"Dans &quot;Paysages \u00c9poustouflants&quot;","block_context":{"text":"Paysages \u00c9poustouflants","link":"https:\/\/le.nomade.sylvainperrierfotografi.com\/fr\/category\/paysages-epoustouflants\/"},"img":{"alt_text":"Couchers de Soleil en Outaouais","src":"https:\/\/i0.wp.com\/le.nomade.sylvainperrierfotografi.com\/wp-content\/uploads\/2024\/05\/Les-Couchers-de-Soleil-de-lOutaouais-2-3.jpg?fit=1200%2C800&ssl=1&resize=350%2C200","width":350,"height":200,"srcset":"https:\/\/i0.wp.com\/le.nomade.sylvainperrierfotografi.com\/wp-content\/uploads\/2024\/05\/Les-Couchers-de-Soleil-de-lOutaouais-2-3.jpg?fit=1200%2C800&ssl=1&resize=350%2C200 1x, https:\/\/i0.wp.com\/le.nomade.sylvainperrierfotografi.com\/wp-content\/uploads\/2024\/05\/Les-Couchers-de-Soleil-de-lOutaouais-2-3.jpg?fit=1200%2C800&ssl=1&resize=525%2C300 1.5x, https:\/\/i0.wp.com\/le.nomade.sylvainperrierfotografi.com\/wp-content\/uploads\/2024\/05\/Les-Couchers-de-Soleil-de-lOutaouais-2-3.jpg?fit=1200%2C800&ssl=1&resize=700%2C400 2x, https:\/\/i0.wp.com\/le.nomade.sylvainperrierfotografi.com\/wp-content\/uploads\/2024\/05\/Les-Couchers-de-Soleil-de-lOutaouais-2-3.jpg?fit=1200%2C800&ssl=1&resize=1050%2C600 3x"},"classes":[]},{"id":718,"url":"https:\/\/le.nomade.sylvainperrierfotografi.com\/fr\/la-beaute-nocturne-capturee-dans-le-vieux-hull\/","url_meta":{"origin":216,"position":4},"title":"La Beaut\u00e9 Nocturne Captur\u00e9e dans le Vieux Hull","author":"nomade","date":"22 juin 2024","format":false,"excerpt":"La Beaut\u00e9 Nocturne Captur\u00e9e dans le Vieux Hull ; Lors d'une balade en soir\u00e9e dans le Vieux Hull, en compagnie de mes amis et \u00e9l\u00e8ves en photographie, nous avons saisi des moments uniques de cette partie pittoresque de la ville. Le soleil se couchait, peignant le ciel de teintes dor\u00e9es,\u2026","rel":"","context":"Dans &quot;Aventures Urbaines&quot;","block_context":{"text":"Aventures Urbaines","link":"https:\/\/le.nomade.sylvainperrierfotografi.com\/fr\/category\/aventures-urbaines\/"},"img":{"alt_text":"La Beaut\u00e9 Nocturne Captur\u00e9e dans le Vieux Hull","src":"https:\/\/i0.wp.com\/le.nomade.sylvainperrierfotografi.com\/wp-content\/uploads\/2024\/06\/La-Beaute-Nocturne-Capturee-dans-le-Vieux-Hull-12.jpg?fit=1200%2C800&ssl=1&resize=350%2C200","width":350,"height":200,"srcset":"https:\/\/i0.wp.com\/le.nomade.sylvainperrierfotografi.com\/wp-content\/uploads\/2024\/06\/La-Beaute-Nocturne-Capturee-dans-le-Vieux-Hull-12.jpg?fit=1200%2C800&ssl=1&resize=350%2C200 1x, https:\/\/i0.wp.com\/le.nomade.sylvainperrierfotografi.com\/wp-content\/uploads\/2024\/06\/La-Beaute-Nocturne-Capturee-dans-le-Vieux-Hull-12.jpg?fit=1200%2C800&ssl=1&resize=525%2C300 1.5x, https:\/\/i0.wp.com\/le.nomade.sylvainperrierfotografi.com\/wp-content\/uploads\/2024\/06\/La-Beaute-Nocturne-Capturee-dans-le-Vieux-Hull-12.jpg?fit=1200%2C800&ssl=1&resize=700%2C400 2x, https:\/\/i0.wp.com\/le.nomade.sylvainperrierfotografi.com\/wp-content\/uploads\/2024\/06\/La-Beaute-Nocturne-Capturee-dans-le-Vieux-Hull-12.jpg?fit=1200%2C800&ssl=1&resize=1050%2C600 3x"},"classes":[]},{"id":157,"url":"https:\/\/le.nomade.sylvainperrierfotografi.com\/fr\/laccalmie\/","url_meta":{"origin":216,"position":5},"title":"L&#8217;Accalmie","author":"nomade","date":"1 mai 2024","format":false,"excerpt":"L\u2019Accalmie et son premier capitaine, \u00c9loi Perron, sont partis presque en m\u00eame temps pour une derni\u00e8re odyss\u00e9e. Une go\u00e9lette mythique Pendant plusieurs ann\u00e9es, le navire de 300 tonnes dormait sur les berges. Bien en vue et dans un secteur pris\u00e9 des touristes, la go\u00e9lette a immortalis\u00e9 par de nombreux photographes\u2026","rel":"","context":"Dans &quot;Paysages \u00c9poustouflants&quot;","block_context":{"text":"Paysages \u00c9poustouflants","link":"https:\/\/le.nomade.sylvainperrierfotografi.com\/fr\/category\/paysages-epoustouflants\/"},"img":{"alt_text":"L'Accalmie","src":"https:\/\/i0.wp.com\/le.nomade.sylvainperrierfotografi.com\/wp-content\/uploads\/2024\/05\/Baie-Saint-Paul-la-Goelette-7.jpg?fit=1200%2C800&ssl=1&resize=350%2C200","width":350,"height":200,"srcset":"https:\/\/i0.wp.com\/le.nomade.sylvainperrierfotografi.com\/wp-content\/uploads\/2024\/05\/Baie-Saint-Paul-la-Goelette-7.jpg?fit=1200%2C800&ssl=1&resize=350%2C200 1x, https:\/\/i0.wp.com\/le.nomade.sylvainperrierfotografi.com\/wp-content\/uploads\/2024\/05\/Baie-Saint-Paul-la-Goelette-7.jpg?fit=1200%2C800&ssl=1&resize=525%2C300 1.5x, https:\/\/i0.wp.com\/le.nomade.sylvainperrierfotografi.com\/wp-content\/uploads\/2024\/05\/Baie-Saint-Paul-la-Goelette-7.jpg?fit=1200%2C800&ssl=1&resize=700%2C400 2x, https:\/\/i0.wp.com\/le.nomade.sylvainperrierfotografi.com\/wp-content\/uploads\/2024\/05\/Baie-Saint-Paul-la-Goelette-7.jpg?fit=1200%2C800&ssl=1&resize=1050%2C600 3x"},"classes":[]}],"jetpack_sharing_enabled":true,"_links":{"self":[{"href":"https:\/\/le.nomade.sylvainperrierfotografi.com\/fr\/wp-json\/wp\/v2\/posts\/216","targetHints":{"allow":["GET"]}}],"collection":[{"href":"https:\/\/le.nomade.sylvainperrierfotografi.com\/fr\/wp-json\/wp\/v2\/posts"}],"about":[{"href":"https:\/\/le.nomade.sylvainperrierfotografi.com\/fr\/wp-json\/wp\/v2\/types\/post"}],"author":[{"embeddable":true,"href":"https:\/\/le.nomade.sylvainperrierfotografi.com\/fr\/wp-json\/wp\/v2\/users\/1"}],"replies":[{"embeddable":true,"href":"https:\/\/le.nomade.sylvainperrierfotografi.com\/fr\/wp-json\/wp\/v2\/comments?post=216"}],"version-history":[{"count":5,"href":"https:\/\/le.nomade.sylvainperrierfotografi.com\/fr\/wp-json\/wp\/v2\/posts\/216\/revisions"}],"predecessor-version":[{"id":616,"href":"https:\/\/le.nomade.sylvainperrierfotografi.com\/fr\/wp-json\/wp\/v2\/posts\/216\/revisions\/616"}],"wp:featuredmedia":[{"embeddable":true,"href":"https:\/\/le.nomade.sylvainperrierfotografi.com\/fr\/wp-json\/wp\/v2\/media\/221"}],"wp:attachment":[{"href":"https:\/\/le.nomade.sylvainperrierfotografi.com\/fr\/wp-json\/wp\/v2\/media?parent=216"}],"wp:term":[{"taxonomy":"category","embeddable":true,"href":"https:\/\/le.nomade.sylvainperrierfotografi.com\/fr\/wp-json\/wp\/v2\/categories?post=216"},{"taxonomy":"post_tag","embeddable":true,"href":"https:\/\/le.nomade.sylvainperrierfotografi.com\/fr\/wp-json\/wp\/v2\/tags?post=216"}],"curies":[{"name":"wp","href":"https:\/\/api.w.org\/{rel}","templated":true}]}}