{"id":234,"date":"2024-05-01T11:43:35","date_gmt":"2024-05-01T15:43:35","guid":{"rendered":"https:\/\/le.nomade.sylvainperrierfotografi.com\/?post_type=jetpack-portfolio&#038;p=234"},"modified":"2024-06-06T22:17:41","modified_gmt":"2024-06-07T02:17:41","slug":"couchers-de-soleil-en-outaouais","status":"publish","type":"post","link":"https:\/\/le.nomade.sylvainperrierfotografi.com\/fr\/couchers-de-soleil-en-outaouais\/","title":{"rendered":"Couchers de Soleil en Outaouais"},"content":{"rendered":"<p class=\"\">Chaque soir, la nature s&#8217;appr\u00eate \u00e0 jouer son acte le plus captivant. Que ce soit \u00e0 la Marina d&#8217;Aylmer ou dans les r\u00e9gions recul\u00e9es du Pontiac, le ciel se pare de teintes \u00e9carlates, dor\u00e9es et pourpres, transformant l&#8217;horizon en un tableau vivant. Les derniers rayons du soleil se refl\u00e8tent sur les eaux tranquilles de la Marina, tandis que les silhouettes des voiliers ajoutent une dimension romantique au paysage.<\/p>\n\n\n\n<div class=\"is-style-rectangular wp-block-jetpack-slideshow aligncenter\" data-autoplay=\"true\" data-delay=\"3\" data-effect=\"slide\"><div class=\"wp-block-jetpack-slideshow_container swiper-container\"><ul class=\"wp-block-jetpack-slideshow_swiper-wrapper swiper-wrapper\"><li class=\"wp-block-jetpack-slideshow_slide swiper-slide\"><figure><img data-recalc-dims=\"1\" loading=\"lazy\" decoding=\"async\" width=\"940\" height=\"529\" alt=\"Couchers de Soleil en Outaouais\" class=\"wp-block-jetpack-slideshow_image wp-image-237\" data-id=\"237\" src=\"https:\/\/i0.wp.com\/le.nomade.sylvainperrierfotografi.com\/wp-content\/uploads\/2024\/05\/Les-Couchers-de-Soleil-de-lOutaouais-7785.jpg?resize=940%2C529&#038;ssl=1\" srcset=\"https:\/\/i0.wp.com\/le.nomade.sylvainperrierfotografi.com\/wp-content\/uploads\/2024\/05\/Les-Couchers-de-Soleil-de-lOutaouais-7785.jpg?resize=1024%2C576&amp;ssl=1 1024w, https:\/\/i0.wp.com\/le.nomade.sylvainperrierfotografi.com\/wp-content\/uploads\/2024\/05\/Les-Couchers-de-Soleil-de-lOutaouais-7785.jpg?resize=300%2C169&amp;ssl=1 300w, https:\/\/i0.wp.com\/le.nomade.sylvainperrierfotografi.com\/wp-content\/uploads\/2024\/05\/Les-Couchers-de-Soleil-de-lOutaouais-7785.jpg?resize=768%2C432&amp;ssl=1 768w, https:\/\/i0.wp.com\/le.nomade.sylvainperrierfotografi.com\/wp-content\/uploads\/2024\/05\/Les-Couchers-de-Soleil-de-lOutaouais-7785.jpg?resize=1536%2C864&amp;ssl=1 1536w, https:\/\/i0.wp.com\/le.nomade.sylvainperrierfotografi.com\/wp-content\/uploads\/2024\/05\/Les-Couchers-de-Soleil-de-lOutaouais-7785.jpg?resize=2048%2C1152&amp;ssl=1 2048w, https:\/\/i0.wp.com\/le.nomade.sylvainperrierfotografi.com\/wp-content\/uploads\/2024\/05\/Les-Couchers-de-Soleil-de-lOutaouais-7785.jpg?resize=450%2C253&amp;ssl=1 450w, https:\/\/i0.wp.com\/le.nomade.sylvainperrierfotografi.com\/wp-content\/uploads\/2024\/05\/Les-Couchers-de-Soleil-de-lOutaouais-7785.jpg?resize=1422%2C800&amp;ssl=1 1422w, https:\/\/i0.wp.com\/le.nomade.sylvainperrierfotografi.com\/wp-content\/uploads\/2024\/05\/Les-Couchers-de-Soleil-de-lOutaouais-7785.jpg?w=1880&amp;ssl=1 1880w\" sizes=\"(max-width: 940px) 100vw, 940px\" \/><\/figure><\/li><li class=\"wp-block-jetpack-slideshow_slide swiper-slide\"><figure><img data-recalc-dims=\"1\" loading=\"lazy\" decoding=\"async\" width=\"940\" height=\"529\" alt=\"Couchers de Soleil en Outaouais\" class=\"wp-block-jetpack-slideshow_image wp-image-238\" data-id=\"238\" src=\"https:\/\/i0.wp.com\/le.nomade.sylvainperrierfotografi.com\/wp-content\/uploads\/2024\/05\/Les-Couchers-de-Soleil-de-lOutaouais-.jpg?resize=940%2C529&#038;ssl=1\" srcset=\"https:\/\/i0.wp.com\/le.nomade.sylvainperrierfotografi.com\/wp-content\/uploads\/2024\/05\/Les-Couchers-de-Soleil-de-lOutaouais-.jpg?resize=1024%2C576&amp;ssl=1 1024w, https:\/\/i0.wp.com\/le.nomade.sylvainperrierfotografi.com\/wp-content\/uploads\/2024\/05\/Les-Couchers-de-Soleil-de-lOutaouais-.jpg?resize=300%2C169&amp;ssl=1 300w, https:\/\/i0.wp.com\/le.nomade.sylvainperrierfotografi.com\/wp-content\/uploads\/2024\/05\/Les-Couchers-de-Soleil-de-lOutaouais-.jpg?resize=768%2C432&amp;ssl=1 768w, https:\/\/i0.wp.com\/le.nomade.sylvainperrierfotografi.com\/wp-content\/uploads\/2024\/05\/Les-Couchers-de-Soleil-de-lOutaouais-.jpg?resize=1536%2C864&amp;ssl=1 1536w, https:\/\/i0.wp.com\/le.nomade.sylvainperrierfotografi.com\/wp-content\/uploads\/2024\/05\/Les-Couchers-de-Soleil-de-lOutaouais-.jpg?resize=2048%2C1152&amp;ssl=1 2048w, https:\/\/i0.wp.com\/le.nomade.sylvainperrierfotografi.com\/wp-content\/uploads\/2024\/05\/Les-Couchers-de-Soleil-de-lOutaouais-.jpg?resize=450%2C253&amp;ssl=1 450w, https:\/\/i0.wp.com\/le.nomade.sylvainperrierfotografi.com\/wp-content\/uploads\/2024\/05\/Les-Couchers-de-Soleil-de-lOutaouais-.jpg?resize=1422%2C800&amp;ssl=1 1422w, https:\/\/i0.wp.com\/le.nomade.sylvainperrierfotografi.com\/wp-content\/uploads\/2024\/05\/Les-Couchers-de-Soleil-de-lOutaouais-.jpg?w=1880&amp;ssl=1 1880w\" sizes=\"(max-width: 940px) 100vw, 940px\" \/><\/figure><\/li><li class=\"wp-block-jetpack-slideshow_slide swiper-slide\"><figure><img data-recalc-dims=\"1\" loading=\"lazy\" decoding=\"async\" width=\"940\" height=\"529\" alt=\"Couchers de Soleil en Outaouais\" class=\"wp-block-jetpack-slideshow_image wp-image-239\" data-id=\"239\" src=\"https:\/\/i0.wp.com\/le.nomade.sylvainperrierfotografi.com\/wp-content\/uploads\/2024\/05\/Les-Couchers-de-Soleil-de-lOutaouais-2.jpg?resize=940%2C529&#038;ssl=1\" srcset=\"https:\/\/i0.wp.com\/le.nomade.sylvainperrierfotografi.com\/wp-content\/uploads\/2024\/05\/Les-Couchers-de-Soleil-de-lOutaouais-2.jpg?resize=1024%2C576&amp;ssl=1 1024w, https:\/\/i0.wp.com\/le.nomade.sylvainperrierfotografi.com\/wp-content\/uploads\/2024\/05\/Les-Couchers-de-Soleil-de-lOutaouais-2.jpg?resize=300%2C169&amp;ssl=1 300w, https:\/\/i0.wp.com\/le.nomade.sylvainperrierfotografi.com\/wp-content\/uploads\/2024\/05\/Les-Couchers-de-Soleil-de-lOutaouais-2.jpg?resize=768%2C432&amp;ssl=1 768w, https:\/\/i0.wp.com\/le.nomade.sylvainperrierfotografi.com\/wp-content\/uploads\/2024\/05\/Les-Couchers-de-Soleil-de-lOutaouais-2.jpg?resize=1536%2C864&amp;ssl=1 1536w, https:\/\/i0.wp.com\/le.nomade.sylvainperrierfotografi.com\/wp-content\/uploads\/2024\/05\/Les-Couchers-de-Soleil-de-lOutaouais-2.jpg?resize=2048%2C1152&amp;ssl=1 2048w, https:\/\/i0.wp.com\/le.nomade.sylvainperrierfotografi.com\/wp-content\/uploads\/2024\/05\/Les-Couchers-de-Soleil-de-lOutaouais-2.jpg?resize=450%2C253&amp;ssl=1 450w, https:\/\/i0.wp.com\/le.nomade.sylvainperrierfotografi.com\/wp-content\/uploads\/2024\/05\/Les-Couchers-de-Soleil-de-lOutaouais-2.jpg?resize=1422%2C800&amp;ssl=1 1422w, https:\/\/i0.wp.com\/le.nomade.sylvainperrierfotografi.com\/wp-content\/uploads\/2024\/05\/Les-Couchers-de-Soleil-de-lOutaouais-2.jpg?w=1880&amp;ssl=1 1880w\" sizes=\"(max-width: 940px) 100vw, 940px\" \/><\/figure><\/li><li class=\"wp-block-jetpack-slideshow_slide swiper-slide\"><figure><img data-recalc-dims=\"1\" loading=\"lazy\" decoding=\"async\" width=\"940\" height=\"627\" alt=\"Couchers de Soleil en Outaouais\" class=\"wp-block-jetpack-slideshow_image wp-image-240\" data-id=\"240\" src=\"https:\/\/i0.wp.com\/le.nomade.sylvainperrierfotografi.com\/wp-content\/uploads\/2024\/05\/Les-Couchers-de-Soleil-de-lOutaouais-2-1.jpg?resize=940%2C627&#038;ssl=1\" srcset=\"https:\/\/i0.wp.com\/le.nomade.sylvainperrierfotografi.com\/wp-content\/uploads\/2024\/05\/Les-Couchers-de-Soleil-de-lOutaouais-2-1.jpg?resize=1024%2C683&amp;ssl=1 1024w, https:\/\/i0.wp.com\/le.nomade.sylvainperrierfotografi.com\/wp-content\/uploads\/2024\/05\/Les-Couchers-de-Soleil-de-lOutaouais-2-1.jpg?resize=300%2C200&amp;ssl=1 300w, https:\/\/i0.wp.com\/le.nomade.sylvainperrierfotografi.com\/wp-content\/uploads\/2024\/05\/Les-Couchers-de-Soleil-de-lOutaouais-2-1.jpg?resize=768%2C512&amp;ssl=1 768w, https:\/\/i0.wp.com\/le.nomade.sylvainperrierfotografi.com\/wp-content\/uploads\/2024\/05\/Les-Couchers-de-Soleil-de-lOutaouais-2-1.jpg?resize=1536%2C1024&amp;ssl=1 1536w, https:\/\/i0.wp.com\/le.nomade.sylvainperrierfotografi.com\/wp-content\/uploads\/2024\/05\/Les-Couchers-de-Soleil-de-lOutaouais-2-1.jpg?resize=2048%2C1366&amp;ssl=1 2048w, https:\/\/i0.wp.com\/le.nomade.sylvainperrierfotografi.com\/wp-content\/uploads\/2024\/05\/Les-Couchers-de-Soleil-de-lOutaouais-2-1.jpg?resize=450%2C300&amp;ssl=1 450w, https:\/\/i0.wp.com\/le.nomade.sylvainperrierfotografi.com\/wp-content\/uploads\/2024\/05\/Les-Couchers-de-Soleil-de-lOutaouais-2-1.jpg?resize=1200%2C800&amp;ssl=1 1200w, https:\/\/i0.wp.com\/le.nomade.sylvainperrierfotografi.com\/wp-content\/uploads\/2024\/05\/Les-Couchers-de-Soleil-de-lOutaouais-2-1.jpg?w=1880&amp;ssl=1 1880w\" sizes=\"(max-width: 940px) 100vw, 940px\" \/><\/figure><\/li><li class=\"wp-block-jetpack-slideshow_slide swiper-slide\"><figure><img data-recalc-dims=\"1\" loading=\"lazy\" decoding=\"async\" width=\"940\" height=\"529\" alt=\"Couchers de Soleil en Outaouais\" class=\"wp-block-jetpack-slideshow_image wp-image-241\" data-id=\"241\" src=\"https:\/\/i0.wp.com\/le.nomade.sylvainperrierfotografi.com\/wp-content\/uploads\/2024\/05\/Les-Couchers-de-Soleil-de-lOutaouais-2-2.jpg?resize=940%2C529&#038;ssl=1\" srcset=\"https:\/\/i0.wp.com\/le.nomade.sylvainperrierfotografi.com\/wp-content\/uploads\/2024\/05\/Les-Couchers-de-Soleil-de-lOutaouais-2-2.jpg?resize=1024%2C576&amp;ssl=1 1024w, https:\/\/i0.wp.com\/le.nomade.sylvainperrierfotografi.com\/wp-content\/uploads\/2024\/05\/Les-Couchers-de-Soleil-de-lOutaouais-2-2.jpg?resize=300%2C169&amp;ssl=1 300w, https:\/\/i0.wp.com\/le.nomade.sylvainperrierfotografi.com\/wp-content\/uploads\/2024\/05\/Les-Couchers-de-Soleil-de-lOutaouais-2-2.jpg?resize=768%2C432&amp;ssl=1 768w, https:\/\/i0.wp.com\/le.nomade.sylvainperrierfotografi.com\/wp-content\/uploads\/2024\/05\/Les-Couchers-de-Soleil-de-lOutaouais-2-2.jpg?resize=1536%2C864&amp;ssl=1 1536w, https:\/\/i0.wp.com\/le.nomade.sylvainperrierfotografi.com\/wp-content\/uploads\/2024\/05\/Les-Couchers-de-Soleil-de-lOutaouais-2-2.jpg?resize=2048%2C1152&amp;ssl=1 2048w, https:\/\/i0.wp.com\/le.nomade.sylvainperrierfotografi.com\/wp-content\/uploads\/2024\/05\/Les-Couchers-de-Soleil-de-lOutaouais-2-2.jpg?resize=450%2C253&amp;ssl=1 450w, https:\/\/i0.wp.com\/le.nomade.sylvainperrierfotografi.com\/wp-content\/uploads\/2024\/05\/Les-Couchers-de-Soleil-de-lOutaouais-2-2.jpg?resize=1422%2C800&amp;ssl=1 1422w, https:\/\/i0.wp.com\/le.nomade.sylvainperrierfotografi.com\/wp-content\/uploads\/2024\/05\/Les-Couchers-de-Soleil-de-lOutaouais-2-2.jpg?w=1880&amp;ssl=1 1880w\" sizes=\"(max-width: 940px) 100vw, 940px\" \/><\/figure><\/li><li class=\"wp-block-jetpack-slideshow_slide swiper-slide\"><figure><img data-recalc-dims=\"1\" loading=\"lazy\" decoding=\"async\" width=\"940\" height=\"627\" alt=\"Couchers de Soleil en Outaouais\" class=\"wp-block-jetpack-slideshow_image wp-image-242\" data-id=\"242\" src=\"https:\/\/i0.wp.com\/le.nomade.sylvainperrierfotografi.com\/wp-content\/uploads\/2024\/05\/Les-Couchers-de-Soleil-de-lOutaouais-2-3.jpg?resize=940%2C627&#038;ssl=1\" srcset=\"https:\/\/i0.wp.com\/le.nomade.sylvainperrierfotografi.com\/wp-content\/uploads\/2024\/05\/Les-Couchers-de-Soleil-de-lOutaouais-2-3.jpg?resize=1024%2C683&amp;ssl=1 1024w, https:\/\/i0.wp.com\/le.nomade.sylvainperrierfotografi.com\/wp-content\/uploads\/2024\/05\/Les-Couchers-de-Soleil-de-lOutaouais-2-3.jpg?resize=300%2C200&amp;ssl=1 300w, https:\/\/i0.wp.com\/le.nomade.sylvainperrierfotografi.com\/wp-content\/uploads\/2024\/05\/Les-Couchers-de-Soleil-de-lOutaouais-2-3.jpg?resize=768%2C512&amp;ssl=1 768w, https:\/\/i0.wp.com\/le.nomade.sylvainperrierfotografi.com\/wp-content\/uploads\/2024\/05\/Les-Couchers-de-Soleil-de-lOutaouais-2-3.jpg?resize=1536%2C1024&amp;ssl=1 1536w, https:\/\/i0.wp.com\/le.nomade.sylvainperrierfotografi.com\/wp-content\/uploads\/2024\/05\/Les-Couchers-de-Soleil-de-lOutaouais-2-3.jpg?resize=2048%2C1366&amp;ssl=1 2048w, https:\/\/i0.wp.com\/le.nomade.sylvainperrierfotografi.com\/wp-content\/uploads\/2024\/05\/Les-Couchers-de-Soleil-de-lOutaouais-2-3.jpg?resize=450%2C300&amp;ssl=1 450w, https:\/\/i0.wp.com\/le.nomade.sylvainperrierfotografi.com\/wp-content\/uploads\/2024\/05\/Les-Couchers-de-Soleil-de-lOutaouais-2-3.jpg?resize=1200%2C800&amp;ssl=1 1200w, https:\/\/i0.wp.com\/le.nomade.sylvainperrierfotografi.com\/wp-content\/uploads\/2024\/05\/Les-Couchers-de-Soleil-de-lOutaouais-2-3.jpg?w=1880&amp;ssl=1 1880w\" sizes=\"(max-width: 940px) 100vw, 940px\" \/><\/figure><\/li><li class=\"wp-block-jetpack-slideshow_slide swiper-slide\"><figure><img data-recalc-dims=\"1\" loading=\"lazy\" decoding=\"async\" width=\"940\" height=\"627\" alt=\"\" class=\"wp-block-jetpack-slideshow_image wp-image-243\" data-id=\"243\" src=\"https:\/\/i0.wp.com\/le.nomade.sylvainperrierfotografi.com\/wp-content\/uploads\/2024\/05\/Les-Couchers-de-Soleil-de-lOutaouais-2-4.jpg?resize=940%2C627&#038;ssl=1\" srcset=\"https:\/\/i0.wp.com\/le.nomade.sylvainperrierfotografi.com\/wp-content\/uploads\/2024\/05\/Les-Couchers-de-Soleil-de-lOutaouais-2-4.jpg?resize=1024%2C683&amp;ssl=1 1024w, https:\/\/i0.wp.com\/le.nomade.sylvainperrierfotografi.com\/wp-content\/uploads\/2024\/05\/Les-Couchers-de-Soleil-de-lOutaouais-2-4.jpg?resize=300%2C200&amp;ssl=1 300w, https:\/\/i0.wp.com\/le.nomade.sylvainperrierfotografi.com\/wp-content\/uploads\/2024\/05\/Les-Couchers-de-Soleil-de-lOutaouais-2-4.jpg?resize=768%2C512&amp;ssl=1 768w, https:\/\/i0.wp.com\/le.nomade.sylvainperrierfotografi.com\/wp-content\/uploads\/2024\/05\/Les-Couchers-de-Soleil-de-lOutaouais-2-4.jpg?resize=1536%2C1024&amp;ssl=1 1536w, https:\/\/i0.wp.com\/le.nomade.sylvainperrierfotografi.com\/wp-content\/uploads\/2024\/05\/Les-Couchers-de-Soleil-de-lOutaouais-2-4.jpg?resize=2048%2C1366&amp;ssl=1 2048w, https:\/\/i0.wp.com\/le.nomade.sylvainperrierfotografi.com\/wp-content\/uploads\/2024\/05\/Les-Couchers-de-Soleil-de-lOutaouais-2-4.jpg?resize=450%2C300&amp;ssl=1 450w, https:\/\/i0.wp.com\/le.nomade.sylvainperrierfotografi.com\/wp-content\/uploads\/2024\/05\/Les-Couchers-de-Soleil-de-lOutaouais-2-4.jpg?resize=1200%2C800&amp;ssl=1 1200w, https:\/\/i0.wp.com\/le.nomade.sylvainperrierfotografi.com\/wp-content\/uploads\/2024\/05\/Les-Couchers-de-Soleil-de-lOutaouais-2-4.jpg?w=1880&amp;ssl=1 1880w\" sizes=\"(max-width: 940px) 100vw, 940px\" \/><\/figure><\/li><li class=\"wp-block-jetpack-slideshow_slide swiper-slide\"><figure><img data-recalc-dims=\"1\" loading=\"lazy\" decoding=\"async\" width=\"940\" height=\"529\" alt=\"Couchers de Soleil en Outaouais\" class=\"wp-block-jetpack-slideshow_image wp-image-244\" data-id=\"244\" src=\"https:\/\/i0.wp.com\/le.nomade.sylvainperrierfotografi.com\/wp-content\/uploads\/2024\/05\/Les-Couchers-de-Soleil-de-lOutaouais-3.jpg?resize=940%2C529&#038;ssl=1\" srcset=\"https:\/\/i0.wp.com\/le.nomade.sylvainperrierfotografi.com\/wp-content\/uploads\/2024\/05\/Les-Couchers-de-Soleil-de-lOutaouais-3.jpg?resize=1024%2C576&amp;ssl=1 1024w, https:\/\/i0.wp.com\/le.nomade.sylvainperrierfotografi.com\/wp-content\/uploads\/2024\/05\/Les-Couchers-de-Soleil-de-lOutaouais-3.jpg?resize=300%2C169&amp;ssl=1 300w, https:\/\/i0.wp.com\/le.nomade.sylvainperrierfotografi.com\/wp-content\/uploads\/2024\/05\/Les-Couchers-de-Soleil-de-lOutaouais-3.jpg?resize=768%2C432&amp;ssl=1 768w, https:\/\/i0.wp.com\/le.nomade.sylvainperrierfotografi.com\/wp-content\/uploads\/2024\/05\/Les-Couchers-de-Soleil-de-lOutaouais-3.jpg?resize=1536%2C864&amp;ssl=1 1536w, https:\/\/i0.wp.com\/le.nomade.sylvainperrierfotografi.com\/wp-content\/uploads\/2024\/05\/Les-Couchers-de-Soleil-de-lOutaouais-3.jpg?resize=2048%2C1152&amp;ssl=1 2048w, https:\/\/i0.wp.com\/le.nomade.sylvainperrierfotografi.com\/wp-content\/uploads\/2024\/05\/Les-Couchers-de-Soleil-de-lOutaouais-3.jpg?resize=450%2C253&amp;ssl=1 450w, https:\/\/i0.wp.com\/le.nomade.sylvainperrierfotografi.com\/wp-content\/uploads\/2024\/05\/Les-Couchers-de-Soleil-de-lOutaouais-3.jpg?resize=1422%2C800&amp;ssl=1 1422w, https:\/\/i0.wp.com\/le.nomade.sylvainperrierfotografi.com\/wp-content\/uploads\/2024\/05\/Les-Couchers-de-Soleil-de-lOutaouais-3.jpg?w=1880&amp;ssl=1 1880w\" sizes=\"(max-width: 940px) 100vw, 940px\" \/><\/figure><\/li><li class=\"wp-block-jetpack-slideshow_slide swiper-slide\"><figure><img data-recalc-dims=\"1\" loading=\"lazy\" decoding=\"async\" width=\"940\" height=\"529\" alt=\"Couchers de Soleil en Outaouais\" class=\"wp-block-jetpack-slideshow_image wp-image-245\" data-id=\"245\" src=\"https:\/\/i0.wp.com\/le.nomade.sylvainperrierfotografi.com\/wp-content\/uploads\/2024\/05\/Les-Couchers-de-Soleil-de-lOutaouais-4.jpg?resize=940%2C529&#038;ssl=1\" srcset=\"https:\/\/i0.wp.com\/le.nomade.sylvainperrierfotografi.com\/wp-content\/uploads\/2024\/05\/Les-Couchers-de-Soleil-de-lOutaouais-4.jpg?resize=1024%2C576&amp;ssl=1 1024w, https:\/\/i0.wp.com\/le.nomade.sylvainperrierfotografi.com\/wp-content\/uploads\/2024\/05\/Les-Couchers-de-Soleil-de-lOutaouais-4.jpg?resize=300%2C169&amp;ssl=1 300w, https:\/\/i0.wp.com\/le.nomade.sylvainperrierfotografi.com\/wp-content\/uploads\/2024\/05\/Les-Couchers-de-Soleil-de-lOutaouais-4.jpg?resize=768%2C432&amp;ssl=1 768w, https:\/\/i0.wp.com\/le.nomade.sylvainperrierfotografi.com\/wp-content\/uploads\/2024\/05\/Les-Couchers-de-Soleil-de-lOutaouais-4.jpg?resize=1536%2C864&amp;ssl=1 1536w, https:\/\/i0.wp.com\/le.nomade.sylvainperrierfotografi.com\/wp-content\/uploads\/2024\/05\/Les-Couchers-de-Soleil-de-lOutaouais-4.jpg?resize=2048%2C1152&amp;ssl=1 2048w, https:\/\/i0.wp.com\/le.nomade.sylvainperrierfotografi.com\/wp-content\/uploads\/2024\/05\/Les-Couchers-de-Soleil-de-lOutaouais-4.jpg?resize=450%2C253&amp;ssl=1 450w, https:\/\/i0.wp.com\/le.nomade.sylvainperrierfotografi.com\/wp-content\/uploads\/2024\/05\/Les-Couchers-de-Soleil-de-lOutaouais-4.jpg?resize=1422%2C800&amp;ssl=1 1422w, https:\/\/i0.wp.com\/le.nomade.sylvainperrierfotografi.com\/wp-content\/uploads\/2024\/05\/Les-Couchers-de-Soleil-de-lOutaouais-4.jpg?w=1880&amp;ssl=1 1880w\" sizes=\"(max-width: 940px) 100vw, 940px\" \/><\/figure><\/li><li class=\"wp-block-jetpack-slideshow_slide swiper-slide\"><figure><img data-recalc-dims=\"1\" loading=\"lazy\" decoding=\"async\" width=\"683\" height=\"1024\" alt=\"Couchers de Soleil en Outaouais\" class=\"wp-block-jetpack-slideshow_image wp-image-247\" data-id=\"247\" src=\"https:\/\/i0.wp.com\/le.nomade.sylvainperrierfotografi.com\/wp-content\/uploads\/2024\/05\/Les-Couchers-de-Soleil-de-lOutaouais-5.jpg?resize=683%2C1024&#038;ssl=1\" srcset=\"https:\/\/i0.wp.com\/le.nomade.sylvainperrierfotografi.com\/wp-content\/uploads\/2024\/05\/Les-Couchers-de-Soleil-de-lOutaouais-5.jpg?resize=683%2C1024&amp;ssl=1 683w, https:\/\/i0.wp.com\/le.nomade.sylvainperrierfotografi.com\/wp-content\/uploads\/2024\/05\/Les-Couchers-de-Soleil-de-lOutaouais-5.jpg?resize=200%2C300&amp;ssl=1 200w, https:\/\/i0.wp.com\/le.nomade.sylvainperrierfotografi.com\/wp-content\/uploads\/2024\/05\/Les-Couchers-de-Soleil-de-lOutaouais-5.jpg?resize=768%2C1152&amp;ssl=1 768w, https:\/\/i0.wp.com\/le.nomade.sylvainperrierfotografi.com\/wp-content\/uploads\/2024\/05\/Les-Couchers-de-Soleil-de-lOutaouais-5.jpg?resize=1024%2C1536&amp;ssl=1 1024w, https:\/\/i0.wp.com\/le.nomade.sylvainperrierfotografi.com\/wp-content\/uploads\/2024\/05\/Les-Couchers-de-Soleil-de-lOutaouais-5.jpg?resize=1366%2C2048&amp;ssl=1 1366w, https:\/\/i0.wp.com\/le.nomade.sylvainperrierfotografi.com\/wp-content\/uploads\/2024\/05\/Les-Couchers-de-Soleil-de-lOutaouais-5.jpg?resize=450%2C675&amp;ssl=1 450w, https:\/\/i0.wp.com\/le.nomade.sylvainperrierfotografi.com\/wp-content\/uploads\/2024\/05\/Les-Couchers-de-Soleil-de-lOutaouais-5.jpg?resize=533%2C800&amp;ssl=1 533w, https:\/\/i0.wp.com\/le.nomade.sylvainperrierfotografi.com\/wp-content\/uploads\/2024\/05\/Les-Couchers-de-Soleil-de-lOutaouais-5.jpg?w=1667&amp;ssl=1 1667w\" sizes=\"(max-width: 683px) 100vw, 683px\" \/><\/figure><\/li><\/ul><a class=\"wp-block-jetpack-slideshow_button-prev swiper-button-prev swiper-button-white\" role=\"button\"><\/a><a class=\"wp-block-jetpack-slideshow_button-next swiper-button-next swiper-button-white\" role=\"button\"><\/a><a aria-label=\"Pause Slideshow\" class=\"wp-block-jetpack-slideshow_button-pause\" role=\"button\"><\/a><div class=\"wp-block-jetpack-slideshow_pagination swiper-pagination swiper-pagination-white\"><\/div><\/div><\/div>\n\n\n\n<p class=\"\">Dans le Pontiac, la ruralit\u00e9 du paysage offre une toile de fond diff\u00e9rente, mais tout aussi \u00e9mouvante. Les couchers de soleil l\u00e0-bas sont un spectacle discret, un doux adieu au jour qui se couche sur les champs dor\u00e9s et les for\u00eats verdoyantes.<\/p>\n\n\n\n<p class=\"\">Chaque coucher de soleil est unique, comme un po\u00e8me silencieux que la nature \u00e9crit et r\u00e9\u00e9crit chaque jour. \u00c0 travers mon objectif, j&#8217;ai essay\u00e9 de capturer cette po\u00e9sie, de saisir ces moments de tranquillit\u00e9 et d&#8217;\u00e9merveillement. Le coucher de soleil est plus qu&#8217;un spectacle visuel ; c&#8217;est un rappel de la beaut\u00e9 \u00e9ph\u00e9m\u00e8re de notre monde, un symbole de la fin et du renouveau. Et \u00e0 travers mon voyage dans l&#8217;Outaouais, j&#8217;ai appris \u00e0 appr\u00e9cier ces moments, \u00e0 me perdre dans la s\u00e9r\u00e9nit\u00e9 qu&#8217;ils offrent, \u00e0 les capturer et \u00e0 les partager avec le monde.<\/p>\n\n\n\n<p class=\"nfd-wb-animate nfd-wb-zoom-in-short nfd-delay-450\"><span class=\"aligncenter\"><img data-recalc-dims=\"1\" loading=\"lazy\" decoding=\"async\" data-attachment-id=\"246\" data-permalink=\"https:\/\/le.nomade.sylvainperrierfotografi.com\/fr\/couchers-de-soleil-en-outaouais\/les-couchers-de-soleil-de-loutaouais-4-1\/\" data-orig-file=\"https:\/\/i0.wp.com\/le.nomade.sylvainperrierfotografi.com\/wp-content\/uploads\/2024\/05\/Les-Couchers-de-Soleil-de-lOutaouais-4-1.jpg?fit=2500%2C1406&amp;ssl=1\" data-orig-size=\"2500,1406\" data-comments-opened=\"1\" data-image-meta=\"{&quot;aperture&quot;:&quot;2&quot;,&quot;credit&quot;:&quot;Sylvain Perrier&quot;,&quot;camera&quot;:&quot;Canon EOS R6&quot;,&quot;caption&quot;:&quot;&quot;,&quot;created_timestamp&quot;:&quot;1651449313&quot;,&quot;copyright&quot;:&quot;sylvain perrier&quot;,&quot;focal_length&quot;:&quot;35&quot;,&quot;iso&quot;:&quot;100&quot;,&quot;shutter_speed&quot;:&quot;0.000625&quot;,&quot;title&quot;:&quot;&quot;,&quot;orientation&quot;:&quot;1&quot;}\" data-image-title=\"Les-Couchers-de-Soleil-de-lOutaouais-4-1\" data-image-description=\"&lt;p&gt;Couchers de Soleil en Outaouais&lt;\/p&gt;\" data-image-caption=\"\" data-large-file=\"https:\/\/i0.wp.com\/le.nomade.sylvainperrierfotografi.com\/wp-content\/uploads\/2024\/05\/Les-Couchers-de-Soleil-de-lOutaouais-4-1.jpg?fit=940%2C529&amp;ssl=1\" width=\"940\" height=\"529\" class=\"aligncenter size-full wp-image-246\" src=\"https:\/\/i0.wp.com\/le.nomade.sylvainperrierfotografi.com\/wp-content\/uploads\/2024\/05\/Les-Couchers-de-Soleil-de-lOutaouais-4-1.jpg?resize=940%2C529&#038;ssl=1\" alt=\"Couchers de Soleil en Outaouais\" srcset=\"https:\/\/i0.wp.com\/le.nomade.sylvainperrierfotografi.com\/wp-content\/uploads\/2024\/05\/Les-Couchers-de-Soleil-de-lOutaouais-4-1.jpg?w=2500&amp;ssl=1 2500w, https:\/\/i0.wp.com\/le.nomade.sylvainperrierfotografi.com\/wp-content\/uploads\/2024\/05\/Les-Couchers-de-Soleil-de-lOutaouais-4-1.jpg?resize=300%2C169&amp;ssl=1 300w, https:\/\/i0.wp.com\/le.nomade.sylvainperrierfotografi.com\/wp-content\/uploads\/2024\/05\/Les-Couchers-de-Soleil-de-lOutaouais-4-1.jpg?resize=1024%2C576&amp;ssl=1 1024w, https:\/\/i0.wp.com\/le.nomade.sylvainperrierfotografi.com\/wp-content\/uploads\/2024\/05\/Les-Couchers-de-Soleil-de-lOutaouais-4-1.jpg?resize=768%2C432&amp;ssl=1 768w, https:\/\/i0.wp.com\/le.nomade.sylvainperrierfotografi.com\/wp-content\/uploads\/2024\/05\/Les-Couchers-de-Soleil-de-lOutaouais-4-1.jpg?resize=1536%2C864&amp;ssl=1 1536w, https:\/\/i0.wp.com\/le.nomade.sylvainperrierfotografi.com\/wp-content\/uploads\/2024\/05\/Les-Couchers-de-Soleil-de-lOutaouais-4-1.jpg?resize=2048%2C1152&amp;ssl=1 2048w, https:\/\/i0.wp.com\/le.nomade.sylvainperrierfotografi.com\/wp-content\/uploads\/2024\/05\/Les-Couchers-de-Soleil-de-lOutaouais-4-1.jpg?resize=450%2C253&amp;ssl=1 450w, https:\/\/i0.wp.com\/le.nomade.sylvainperrierfotografi.com\/wp-content\/uploads\/2024\/05\/Les-Couchers-de-Soleil-de-lOutaouais-4-1.jpg?resize=1422%2C800&amp;ssl=1 1422w, https:\/\/i0.wp.com\/le.nomade.sylvainperrierfotografi.com\/wp-content\/uploads\/2024\/05\/Les-Couchers-de-Soleil-de-lOutaouais-4-1.jpg?w=1880&amp;ssl=1 1880w\" sizes=\"auto, (max-width: 940px) 100vw, 940px\" \/><\/span><\/p>\n\n\n\n<p class=\"\">Le road trip est une qu\u00eate de d\u00e9couverte, une immersion dans l&#8217;inconnu. Au cours de mes p\u00e9riples \u00e0 travers l&#8217;Outaouais, je me suis trouv\u00e9 captiv\u00e9 par un spectacle naturel fascinant : les couchers de soleil. <\/p>\n\n\n\n<hr class=\"wp-block-separator has-alpha-channel-opacity\"\/>","protected":false},"excerpt":{"rendered":"<p>Chaque soir, la nature s&#8217;appr\u00eate \u00e0 jouer son acte le plus captivant. Que ce soit \u00e0 la Marina [&hellip;]<\/p>\n","protected":false},"author":1,"featured_media":242,"comment_status":"closed","ping_status":"closed","sticky":false,"template":"","format":"standard","meta":{"nf_dc_page":"","_jetpack_memberships_contains_paid_content":false,"footnotes":"","jetpack_publicize_message":"","jetpack_publicize_feature_enabled":true,"jetpack_social_post_already_shared":false,"jetpack_social_options":{"image_generator_settings":{"template":"highway","default_image_id":0,"font":"","enabled":false},"version":2}},"categories":[57],"tags":[],"class_list":["post-234","post","type-post","status-publish","format-standard","has-post-thumbnail","hentry","category-paysages-epoustouflants"],"yoast_head":"<!-- This site is optimized with the Yoast SEO plugin v27.4 - https:\/\/yoast.com\/product\/yoast-seo-wordpress\/ -->\n<title>Couchers de Soleil en Outaouais - Le Nomade<\/title>\n<meta name=\"description\" content=\"Les Couchers de Soleil en Outaouais : Un Spectacle \u00c9blouissant. Le road trip est une qu\u00eate de d\u00e9couverte...\" \/>\n<meta name=\"robots\" content=\"index, follow, max-snippet:-1, max-image-preview:large, max-video-preview:-1\" \/>\n<link rel=\"canonical\" href=\"https:\/\/le.nomade.sylvainperrierfotografi.com\/fr\/couchers-de-soleil-en-outaouais\/\" \/>\n<meta property=\"og:locale\" content=\"fr_FR\" \/>\n<meta property=\"og:type\" content=\"article\" \/>\n<meta property=\"og:title\" content=\"Les Couchers de Soleil en Outaouais\" \/>\n<meta property=\"og:description\" content=\"Les Couchers de Soleil en Outaouais : Un Spectacle \u00c9blouissant. Le road trip est une qu\u00eate de d\u00e9couverte...\" \/>\n<meta property=\"og:url\" content=\"https:\/\/le.nomade.sylvainperrierfotografi.com\/fr\/couchers-de-soleil-en-outaouais\/\" \/>\n<meta property=\"og:site_name\" content=\"Le Nomade\" \/>\n<meta property=\"article:publisher\" content=\"https:\/\/www.facebook.com\/SylvainPerrierFotografie\" \/>\n<meta property=\"article:author\" content=\"https:\/\/www.facebook.com\/SylvainPerrierFotografie\" \/>\n<meta property=\"article:published_time\" content=\"2024-05-01T15:43:35+00:00\" \/>\n<meta property=\"article:modified_time\" content=\"2024-06-07T02:17:41+00:00\" \/>\n<meta property=\"og:image\" content=\"https:\/\/le.nomade.sylvainperrierfotografi.com\/wp-content\/uploads\/2024\/05\/Les-Couchers-de-Soleil-de-lOutaouais-2-3.jpg\" \/>\n\t<meta property=\"og:image:width\" content=\"2500\" \/>\n\t<meta property=\"og:image:height\" content=\"1667\" \/>\n\t<meta property=\"og:image:type\" content=\"image\/jpeg\" \/>\n<meta name=\"author\" content=\"nomade\" \/>\n<meta name=\"twitter:card\" content=\"summary_large_image\" \/>\n<meta name=\"twitter:title\" content=\"Les Couchers de Soleil en Outaouais\" \/>\n<meta name=\"twitter:description\" content=\"Les Couchers de Soleil en Outaouais : Un Spectacle \u00c9blouissant. Le road trip est une qu\u00eate de d\u00e9couverte...\" \/>\n<meta name=\"twitter:image\" content=\"https:\/\/i0.wp.com\/le.nomade.sylvainperrierfotografi.com\/wp-content\/uploads\/2024\/05\/Les-Couchers-de-Soleil-de-lOutaouais-2-3.jpg?fit=2500%2C1667&ssl=1\" \/>\n<meta name=\"twitter:creator\" content=\"@sylvainxperrier\" \/>\n<meta name=\"twitter:site\" content=\"@sylvainxperrier\" \/>\n<meta name=\"twitter:label1\" content=\"\u00c9crit par\" \/>\n\t<meta name=\"twitter:data1\" content=\"nomade\" \/>\n\t<meta name=\"twitter:label2\" content=\"Dur\u00e9e de lecture estim\u00e9e\" \/>\n\t<meta name=\"twitter:data2\" content=\"4 minutes\" \/>\n<script type=\"application\/ld+json\" class=\"yoast-schema-graph\">{\"@context\":\"https:\\\/\\\/schema.org\",\"@graph\":[{\"@type\":\"Article\",\"@id\":\"https:\\\/\\\/le.nomade.sylvainperrierfotografi.com\\\/couchers-de-soleil-en-outaouais\\\/#article\",\"isPartOf\":{\"@id\":\"https:\\\/\\\/le.nomade.sylvainperrierfotografi.com\\\/couchers-de-soleil-en-outaouais\\\/\"},\"author\":{\"name\":\"nomade\",\"@id\":\"https:\\\/\\\/le.nomade.sylvainperrierfotografi.com\\\/#\\\/schema\\\/person\\\/422f9f9af75b66cb9416a7ef7bc22a92\"},\"headline\":\"Couchers de Soleil en Outaouais\",\"datePublished\":\"2024-05-01T15:43:35+00:00\",\"dateModified\":\"2024-06-07T02:17:41+00:00\",\"mainEntityOfPage\":{\"@id\":\"https:\\\/\\\/le.nomade.sylvainperrierfotografi.com\\\/couchers-de-soleil-en-outaouais\\\/\"},\"wordCount\":266,\"publisher\":{\"@id\":\"https:\\\/\\\/le.nomade.sylvainperrierfotografi.com\\\/#\\\/schema\\\/person\\\/422f9f9af75b66cb9416a7ef7bc22a92\"},\"image\":{\"@id\":\"https:\\\/\\\/le.nomade.sylvainperrierfotografi.com\\\/couchers-de-soleil-en-outaouais\\\/#primaryimage\"},\"thumbnailUrl\":\"https:\\\/\\\/i0.wp.com\\\/le.nomade.sylvainperrierfotografi.com\\\/wp-content\\\/uploads\\\/2024\\\/05\\\/Les-Couchers-de-Soleil-de-lOutaouais-2-3.jpg?fit=2500%2C1667&ssl=1\",\"articleSection\":[\"Paysages \u00c9poustouflants\"],\"inLanguage\":\"fr-FR\"},{\"@type\":\"WebPage\",\"@id\":\"https:\\\/\\\/le.nomade.sylvainperrierfotografi.com\\\/couchers-de-soleil-en-outaouais\\\/\",\"url\":\"https:\\\/\\\/le.nomade.sylvainperrierfotografi.com\\\/couchers-de-soleil-en-outaouais\\\/\",\"name\":\"Couchers de Soleil en Outaouais - Le Nomade\",\"isPartOf\":{\"@id\":\"https:\\\/\\\/le.nomade.sylvainperrierfotografi.com\\\/#website\"},\"primaryImageOfPage\":{\"@id\":\"https:\\\/\\\/le.nomade.sylvainperrierfotografi.com\\\/couchers-de-soleil-en-outaouais\\\/#primaryimage\"},\"image\":{\"@id\":\"https:\\\/\\\/le.nomade.sylvainperrierfotografi.com\\\/couchers-de-soleil-en-outaouais\\\/#primaryimage\"},\"thumbnailUrl\":\"https:\\\/\\\/i0.wp.com\\\/le.nomade.sylvainperrierfotografi.com\\\/wp-content\\\/uploads\\\/2024\\\/05\\\/Les-Couchers-de-Soleil-de-lOutaouais-2-3.jpg?fit=2500%2C1667&ssl=1\",\"datePublished\":\"2024-05-01T15:43:35+00:00\",\"dateModified\":\"2024-06-07T02:17:41+00:00\",\"description\":\"Les Couchers de Soleil en Outaouais : Un Spectacle \u00c9blouissant. Le road trip est une qu\u00eate de d\u00e9couverte...\",\"breadcrumb\":{\"@id\":\"https:\\\/\\\/le.nomade.sylvainperrierfotografi.com\\\/couchers-de-soleil-en-outaouais\\\/#breadcrumb\"},\"inLanguage\":\"fr-FR\",\"potentialAction\":[{\"@type\":\"ReadAction\",\"target\":[\"https:\\\/\\\/le.nomade.sylvainperrierfotografi.com\\\/couchers-de-soleil-en-outaouais\\\/\"]}]},{\"@type\":\"ImageObject\",\"inLanguage\":\"fr-FR\",\"@id\":\"https:\\\/\\\/le.nomade.sylvainperrierfotografi.com\\\/couchers-de-soleil-en-outaouais\\\/#primaryimage\",\"url\":\"https:\\\/\\\/i0.wp.com\\\/le.nomade.sylvainperrierfotografi.com\\\/wp-content\\\/uploads\\\/2024\\\/05\\\/Les-Couchers-de-Soleil-de-lOutaouais-2-3.jpg?fit=2500%2C1667&ssl=1\",\"contentUrl\":\"https:\\\/\\\/i0.wp.com\\\/le.nomade.sylvainperrierfotografi.com\\\/wp-content\\\/uploads\\\/2024\\\/05\\\/Les-Couchers-de-Soleil-de-lOutaouais-2-3.jpg?fit=2500%2C1667&ssl=1\",\"width\":2500,\"height\":1667,\"caption\":\"Couchers de Soleil en Outaouais\"},{\"@type\":\"BreadcrumbList\",\"@id\":\"https:\\\/\\\/le.nomade.sylvainperrierfotografi.com\\\/couchers-de-soleil-en-outaouais\\\/#breadcrumb\",\"itemListElement\":[{\"@type\":\"ListItem\",\"position\":1,\"name\":\"Accueil\",\"item\":\"https:\\\/\\\/le.nomade.sylvainperrierfotografi.com\\\/\"},{\"@type\":\"ListItem\",\"position\":2,\"name\":\"Couchers de Soleil en Outaouais\"}]},{\"@type\":\"WebSite\",\"@id\":\"https:\\\/\\\/le.nomade.sylvainperrierfotografi.com\\\/#website\",\"url\":\"https:\\\/\\\/le.nomade.sylvainperrierfotografi.com\\\/\",\"name\":\"Le Nomade Sylvain Perrier\",\"description\":\"L\u00e0 o\u00f9 les images rencontrent les mots\",\"publisher\":{\"@id\":\"https:\\\/\\\/le.nomade.sylvainperrierfotografi.com\\\/#\\\/schema\\\/person\\\/422f9f9af75b66cb9416a7ef7bc22a92\"},\"alternateName\":\"Sylvain Perrier\",\"potentialAction\":[{\"@type\":\"SearchAction\",\"target\":{\"@type\":\"EntryPoint\",\"urlTemplate\":\"https:\\\/\\\/le.nomade.sylvainperrierfotografi.com\\\/?s={search_term_string}\"},\"query-input\":{\"@type\":\"PropertyValueSpecification\",\"valueRequired\":true,\"valueName\":\"search_term_string\"}}],\"inLanguage\":\"fr-FR\"},{\"@type\":[\"Person\",\"Organization\"],\"@id\":\"https:\\\/\\\/le.nomade.sylvainperrierfotografi.com\\\/#\\\/schema\\\/person\\\/422f9f9af75b66cb9416a7ef7bc22a92\",\"name\":\"nomade\",\"image\":{\"@type\":\"ImageObject\",\"inLanguage\":\"fr-FR\",\"@id\":\"https:\\\/\\\/i0.wp.com\\\/le.nomade.sylvainperrierfotografi.com\\\/wp-content\\\/uploads\\\/2024\\\/04\\\/cropped-Sylvain-Perrier-Photographie-roadtrip.jpg?fit=1056%2C348&ssl=1\",\"url\":\"https:\\\/\\\/i0.wp.com\\\/le.nomade.sylvainperrierfotografi.com\\\/wp-content\\\/uploads\\\/2024\\\/04\\\/cropped-Sylvain-Perrier-Photographie-roadtrip.jpg?fit=1056%2C348&ssl=1\",\"contentUrl\":\"https:\\\/\\\/i0.wp.com\\\/le.nomade.sylvainperrierfotografi.com\\\/wp-content\\\/uploads\\\/2024\\\/04\\\/cropped-Sylvain-Perrier-Photographie-roadtrip.jpg?fit=1056%2C348&ssl=1\",\"width\":1056,\"height\":348,\"caption\":\"nomade\"},\"logo\":{\"@id\":\"https:\\\/\\\/i0.wp.com\\\/le.nomade.sylvainperrierfotografi.com\\\/wp-content\\\/uploads\\\/2024\\\/04\\\/cropped-Sylvain-Perrier-Photographie-roadtrip.jpg?fit=1056%2C348&ssl=1\"},\"sameAs\":[\"https:\\\/\\\/le.nomade.sylvainperrierfotografi.com\",\"https:\\\/\\\/www.facebook.com\\\/SylvainPerrierFotografie\",\"https:\\\/\\\/www.instagram.com\\\/sylvainperrierfotografi\",\"https:\\\/\\\/www.pinterest.ca\\\/sylvain_perrier\",\"https:\\\/\\\/x.com\\\/sylvainxperrier\",\"https:\\\/\\\/www.youtube.com\\\/user\\\/lencadreursylvain\",\"https:\\\/\\\/www.tumblr.com\\\/blog\\\/sylvainperrierfotografi\"]}]}<\/script>\n<!-- \/ Yoast SEO plugin. -->","yoast_head_json":{"title":"Couchers de Soleil en Outaouais - Le Nomade","description":"Les Couchers de Soleil en Outaouais : Un Spectacle \u00c9blouissant. Le road trip est une qu\u00eate de d\u00e9couverte...","robots":{"index":"index","follow":"follow","max-snippet":"max-snippet:-1","max-image-preview":"max-image-preview:large","max-video-preview":"max-video-preview:-1"},"canonical":"https:\/\/le.nomade.sylvainperrierfotografi.com\/fr\/couchers-de-soleil-en-outaouais\/","og_locale":"fr_FR","og_type":"article","og_title":"Les Couchers de Soleil en Outaouais","og_description":"Les Couchers de Soleil en Outaouais : Un Spectacle \u00c9blouissant. Le road trip est une qu\u00eate de d\u00e9couverte...","og_url":"https:\/\/le.nomade.sylvainperrierfotografi.com\/fr\/couchers-de-soleil-en-outaouais\/","og_site_name":"Le Nomade","article_publisher":"https:\/\/www.facebook.com\/SylvainPerrierFotografie","article_author":"https:\/\/www.facebook.com\/SylvainPerrierFotografie","article_published_time":"2024-05-01T15:43:35+00:00","article_modified_time":"2024-06-07T02:17:41+00:00","og_image":[{"width":2500,"height":1667,"url":"https:\/\/le.nomade.sylvainperrierfotografi.com\/wp-content\/uploads\/2024\/05\/Les-Couchers-de-Soleil-de-lOutaouais-2-3.jpg","type":"image\/jpeg"}],"author":"nomade","twitter_card":"summary_large_image","twitter_title":"Les Couchers de Soleil en Outaouais","twitter_description":"Les Couchers de Soleil en Outaouais : Un Spectacle \u00c9blouissant. Le road trip est une qu\u00eate de d\u00e9couverte...","twitter_image":"https:\/\/i0.wp.com\/le.nomade.sylvainperrierfotografi.com\/wp-content\/uploads\/2024\/05\/Les-Couchers-de-Soleil-de-lOutaouais-2-3.jpg?fit=2500%2C1667&ssl=1","twitter_creator":"@sylvainxperrier","twitter_site":"@sylvainxperrier","twitter_misc":{"\u00c9crit par":"nomade","Dur\u00e9e de lecture estim\u00e9e":"4 minutes"},"schema":{"@context":"https:\/\/schema.org","@graph":[{"@type":"Article","@id":"https:\/\/le.nomade.sylvainperrierfotografi.com\/couchers-de-soleil-en-outaouais\/#article","isPartOf":{"@id":"https:\/\/le.nomade.sylvainperrierfotografi.com\/couchers-de-soleil-en-outaouais\/"},"author":{"name":"nomade","@id":"https:\/\/le.nomade.sylvainperrierfotografi.com\/#\/schema\/person\/422f9f9af75b66cb9416a7ef7bc22a92"},"headline":"Couchers de Soleil en Outaouais","datePublished":"2024-05-01T15:43:35+00:00","dateModified":"2024-06-07T02:17:41+00:00","mainEntityOfPage":{"@id":"https:\/\/le.nomade.sylvainperrierfotografi.com\/couchers-de-soleil-en-outaouais\/"},"wordCount":266,"publisher":{"@id":"https:\/\/le.nomade.sylvainperrierfotografi.com\/#\/schema\/person\/422f9f9af75b66cb9416a7ef7bc22a92"},"image":{"@id":"https:\/\/le.nomade.sylvainperrierfotografi.com\/couchers-de-soleil-en-outaouais\/#primaryimage"},"thumbnailUrl":"https:\/\/i0.wp.com\/le.nomade.sylvainperrierfotografi.com\/wp-content\/uploads\/2024\/05\/Les-Couchers-de-Soleil-de-lOutaouais-2-3.jpg?fit=2500%2C1667&ssl=1","articleSection":["Paysages \u00c9poustouflants"],"inLanguage":"fr-FR"},{"@type":"WebPage","@id":"https:\/\/le.nomade.sylvainperrierfotografi.com\/couchers-de-soleil-en-outaouais\/","url":"https:\/\/le.nomade.sylvainperrierfotografi.com\/couchers-de-soleil-en-outaouais\/","name":"Couchers de Soleil en Outaouais - Le Nomade","isPartOf":{"@id":"https:\/\/le.nomade.sylvainperrierfotografi.com\/#website"},"primaryImageOfPage":{"@id":"https:\/\/le.nomade.sylvainperrierfotografi.com\/couchers-de-soleil-en-outaouais\/#primaryimage"},"image":{"@id":"https:\/\/le.nomade.sylvainperrierfotografi.com\/couchers-de-soleil-en-outaouais\/#primaryimage"},"thumbnailUrl":"https:\/\/i0.wp.com\/le.nomade.sylvainperrierfotografi.com\/wp-content\/uploads\/2024\/05\/Les-Couchers-de-Soleil-de-lOutaouais-2-3.jpg?fit=2500%2C1667&ssl=1","datePublished":"2024-05-01T15:43:35+00:00","dateModified":"2024-06-07T02:17:41+00:00","description":"Les Couchers de Soleil en Outaouais : Un Spectacle \u00c9blouissant. Le road trip est une qu\u00eate de d\u00e9couverte...","breadcrumb":{"@id":"https:\/\/le.nomade.sylvainperrierfotografi.com\/couchers-de-soleil-en-outaouais\/#breadcrumb"},"inLanguage":"fr-FR","potentialAction":[{"@type":"ReadAction","target":["https:\/\/le.nomade.sylvainperrierfotografi.com\/couchers-de-soleil-en-outaouais\/"]}]},{"@type":"ImageObject","inLanguage":"fr-FR","@id":"https:\/\/le.nomade.sylvainperrierfotografi.com\/couchers-de-soleil-en-outaouais\/#primaryimage","url":"https:\/\/i0.wp.com\/le.nomade.sylvainperrierfotografi.com\/wp-content\/uploads\/2024\/05\/Les-Couchers-de-Soleil-de-lOutaouais-2-3.jpg?fit=2500%2C1667&ssl=1","contentUrl":"https:\/\/i0.wp.com\/le.nomade.sylvainperrierfotografi.com\/wp-content\/uploads\/2024\/05\/Les-Couchers-de-Soleil-de-lOutaouais-2-3.jpg?fit=2500%2C1667&ssl=1","width":2500,"height":1667,"caption":"Couchers de Soleil en Outaouais"},{"@type":"BreadcrumbList","@id":"https:\/\/le.nomade.sylvainperrierfotografi.com\/couchers-de-soleil-en-outaouais\/#breadcrumb","itemListElement":[{"@type":"ListItem","position":1,"name":"Accueil","item":"https:\/\/le.nomade.sylvainperrierfotografi.com\/"},{"@type":"ListItem","position":2,"name":"Couchers de Soleil en Outaouais"}]},{"@type":"WebSite","@id":"https:\/\/le.nomade.sylvainperrierfotografi.com\/#website","url":"https:\/\/le.nomade.sylvainperrierfotografi.com\/","name":"Le Nomade Sylvain Perrier","description":"L\u00e0 o\u00f9 les images rencontrent les mots","publisher":{"@id":"https:\/\/le.nomade.sylvainperrierfotografi.com\/#\/schema\/person\/422f9f9af75b66cb9416a7ef7bc22a92"},"alternateName":"Sylvain Perrier","potentialAction":[{"@type":"SearchAction","target":{"@type":"EntryPoint","urlTemplate":"https:\/\/le.nomade.sylvainperrierfotografi.com\/?s={search_term_string}"},"query-input":{"@type":"PropertyValueSpecification","valueRequired":true,"valueName":"search_term_string"}}],"inLanguage":"fr-FR"},{"@type":["Person","Organization"],"@id":"https:\/\/le.nomade.sylvainperrierfotografi.com\/#\/schema\/person\/422f9f9af75b66cb9416a7ef7bc22a92","name":"nomade","image":{"@type":"ImageObject","inLanguage":"fr-FR","@id":"https:\/\/i0.wp.com\/le.nomade.sylvainperrierfotografi.com\/wp-content\/uploads\/2024\/04\/cropped-Sylvain-Perrier-Photographie-roadtrip.jpg?fit=1056%2C348&ssl=1","url":"https:\/\/i0.wp.com\/le.nomade.sylvainperrierfotografi.com\/wp-content\/uploads\/2024\/04\/cropped-Sylvain-Perrier-Photographie-roadtrip.jpg?fit=1056%2C348&ssl=1","contentUrl":"https:\/\/i0.wp.com\/le.nomade.sylvainperrierfotografi.com\/wp-content\/uploads\/2024\/04\/cropped-Sylvain-Perrier-Photographie-roadtrip.jpg?fit=1056%2C348&ssl=1","width":1056,"height":348,"caption":"nomade"},"logo":{"@id":"https:\/\/i0.wp.com\/le.nomade.sylvainperrierfotografi.com\/wp-content\/uploads\/2024\/04\/cropped-Sylvain-Perrier-Photographie-roadtrip.jpg?fit=1056%2C348&ssl=1"},"sameAs":["https:\/\/le.nomade.sylvainperrierfotografi.com","https:\/\/www.facebook.com\/SylvainPerrierFotografie","https:\/\/www.instagram.com\/sylvainperrierfotografi","https:\/\/www.pinterest.ca\/sylvain_perrier","https:\/\/x.com\/sylvainxperrier","https:\/\/www.youtube.com\/user\/lencadreursylvain","https:\/\/www.tumblr.com\/blog\/sylvainperrierfotografi"]}]}},"jetpack_publicize_connections":[],"jetpack_featured_media_url":"https:\/\/i0.wp.com\/le.nomade.sylvainperrierfotografi.com\/wp-content\/uploads\/2024\/05\/Les-Couchers-de-Soleil-de-lOutaouais-2-3.jpg?fit=2500%2C1667&ssl=1","jetpack-related-posts":[{"id":216,"url":"https:\/\/le.nomade.sylvainperrierfotografi.com\/fr\/journee-sereine-a-la-marina-daylmer\/","url_meta":{"origin":234,"position":0},"title":"Journ\u00e9e Sereine \u00e0 la Marina d\u2019Aylmer","author":"nomade","date":"1 mai 2024","format":false,"excerpt":"La photographie, c'est capturer l'\u00e2me d'un instant \u00e9ph\u00e9m\u00e8re. Chaque image est une histoire silencieuse, racont\u00e9e par la lumi\u00e8re. Une Journ\u00e9e Sereine \u00e0 la Marina d\u2019Aylmer : Une \u00e9chapp\u00e9e pittoresque dans la qui\u00e9tude du matin Par une matin\u00e9e ensoleill\u00e9e, sous un ciel azur\u00e9 orn\u00e9 de quelques nuages \u00e9pars, je me suis\u2026","rel":"","context":"Dans &quot;Paysages \u00c9poustouflants&quot;","block_context":{"text":"Paysages \u00c9poustouflants","link":"https:\/\/le.nomade.sylvainperrierfotografi.com\/fr\/category\/paysages-epoustouflants\/"},"img":{"alt_text":"","src":"https:\/\/i0.wp.com\/le.nomade.sylvainperrierfotografi.com\/wp-content\/uploads\/2024\/05\/P__4634.jpg?fit=1200%2C675&ssl=1&resize=350%2C200","width":350,"height":200,"srcset":"https:\/\/i0.wp.com\/le.nomade.sylvainperrierfotografi.com\/wp-content\/uploads\/2024\/05\/P__4634.jpg?fit=1200%2C675&ssl=1&resize=350%2C200 1x, https:\/\/i0.wp.com\/le.nomade.sylvainperrierfotografi.com\/wp-content\/uploads\/2024\/05\/P__4634.jpg?fit=1200%2C675&ssl=1&resize=525%2C300 1.5x, https:\/\/i0.wp.com\/le.nomade.sylvainperrierfotografi.com\/wp-content\/uploads\/2024\/05\/P__4634.jpg?fit=1200%2C675&ssl=1&resize=700%2C400 2x, https:\/\/i0.wp.com\/le.nomade.sylvainperrierfotografi.com\/wp-content\/uploads\/2024\/05\/P__4634.jpg?fit=1200%2C675&ssl=1&resize=1050%2C600 3x"},"classes":[]},{"id":169,"url":"https:\/\/le.nomade.sylvainperrierfotografi.com\/fr\/coucher-de-soleil-au-rapides-deschenes\/","url_meta":{"origin":234,"position":1},"title":"Coucher de soleil au Rapides-Desch\u00eanes","author":"nomade","date":"1 mai 2024","format":false,"excerpt":"Le coucher du soleil existe pour nous rappeler la beaut\u00e9 de la vie et la remercier pour un autre jour de v\u00e9cu. Coucher de soleil au Rapides-Desch\u00eanes \u00a0; il incarne un moment de contemplation profonde, o\u00f9 la nature d\u00e9voile toute sa splendeur dans une symphonie de couleurs \u00e9blouissantes. Nich\u00e9 dans\u2026","rel":"","context":"Dans &quot;Paysages \u00c9poustouflants&quot;","block_context":{"text":"Paysages \u00c9poustouflants","link":"https:\/\/le.nomade.sylvainperrierfotografi.com\/fr\/category\/paysages-epoustouflants\/"},"img":{"alt_text":"Coucher de soleil au Rapides-Desch\u00eanes","src":"https:\/\/i0.wp.com\/le.nomade.sylvainperrierfotografi.com\/wp-content\/uploads\/2024\/05\/Coucher-de-soleil-au-Rapides-Deschenes-5259-scaled-1.jpg?fit=1200%2C675&ssl=1&resize=350%2C200","width":350,"height":200,"srcset":"https:\/\/i0.wp.com\/le.nomade.sylvainperrierfotografi.com\/wp-content\/uploads\/2024\/05\/Coucher-de-soleil-au-Rapides-Deschenes-5259-scaled-1.jpg?fit=1200%2C675&ssl=1&resize=350%2C200 1x, https:\/\/i0.wp.com\/le.nomade.sylvainperrierfotografi.com\/wp-content\/uploads\/2024\/05\/Coucher-de-soleil-au-Rapides-Deschenes-5259-scaled-1.jpg?fit=1200%2C675&ssl=1&resize=525%2C300 1.5x, https:\/\/i0.wp.com\/le.nomade.sylvainperrierfotografi.com\/wp-content\/uploads\/2024\/05\/Coucher-de-soleil-au-Rapides-Deschenes-5259-scaled-1.jpg?fit=1200%2C675&ssl=1&resize=700%2C400 2x, https:\/\/i0.wp.com\/le.nomade.sylvainperrierfotografi.com\/wp-content\/uploads\/2024\/05\/Coucher-de-soleil-au-Rapides-Deschenes-5259-scaled-1.jpg?fit=1200%2C675&ssl=1&resize=1050%2C600 3x"},"classes":[]},{"id":685,"url":"https:\/\/le.nomade.sylvainperrierfotografi.com\/fr\/evasion-visuelle-a-la-marina-daylmer\/","url_meta":{"origin":234,"position":2},"title":"\u00c9vasion Visuelle \u00e0 la Marina d&#8217;Aylmer","author":"nomade","date":"11 juin 2024","format":false,"excerpt":"\u00c9vasion Visuelle \u00e0 la Marina d'Aylmer : Instantan\u00e9s de S\u00e9r\u00e9nit\u00e9 Lors d\u2019un cours de photographie \u00e0 la Marina d\u2019Aylmer, j\u2019ai eu l\u2019opportunit\u00e9 de capturer la beaut\u00e9 tranquille de ce lieu et de ses alentours. \u00c0 travers ces dix clich\u00e9s, je vous invite \u00e0 d\u00e9couvrir une s\u00e9rie de moments suspendus, o\u00f9\u2026","rel":"","context":"Dans &quot;Paysages \u00c9poustouflants&quot;","block_context":{"text":"Paysages \u00c9poustouflants","link":"https:\/\/le.nomade.sylvainperrierfotografi.com\/fr\/category\/paysages-epoustouflants\/"},"img":{"alt_text":"\u00c9vasion Visuelle \u00e0 la Marina d'Aylmer","src":"https:\/\/i0.wp.com\/le.nomade.sylvainperrierfotografi.com\/wp-content\/uploads\/2024\/06\/Evasion-Visuelle-a-la-Marina-dAylmer-12.jpg?fit=720%2C1080&ssl=1&resize=350%2C200","width":350,"height":200,"srcset":"https:\/\/i0.wp.com\/le.nomade.sylvainperrierfotografi.com\/wp-content\/uploads\/2024\/06\/Evasion-Visuelle-a-la-Marina-dAylmer-12.jpg?fit=720%2C1080&ssl=1&resize=350%2C200 1x, https:\/\/i0.wp.com\/le.nomade.sylvainperrierfotografi.com\/wp-content\/uploads\/2024\/06\/Evasion-Visuelle-a-la-Marina-dAylmer-12.jpg?fit=720%2C1080&ssl=1&resize=525%2C300 1.5x, https:\/\/i0.wp.com\/le.nomade.sylvainperrierfotografi.com\/wp-content\/uploads\/2024\/06\/Evasion-Visuelle-a-la-Marina-dAylmer-12.jpg?fit=720%2C1080&ssl=1&resize=700%2C400 2x"},"classes":[]},{"id":51,"url":"https:\/\/le.nomade.sylvainperrierfotografi.com\/fr\/cuba-les-portes-de-havane\/","url_meta":{"origin":234,"position":3},"title":"Cuba &#8211; Les portes de Havane","author":"nomade","date":"30 avril 2024","format":false,"excerpt":"Cuba- Les Portes de la Havane s'ouvre \u00e0 vous. La capitale cubaine de La Havane est une ville vibrante et riche en culture avec une histoire fascinante datant du 16e si\u00e8cle. Bord\u00e9 de rues pav\u00e9es, d\u2019une architecture pittoresque et de voitures am\u00e9ricaines classiques, vous vous sentirez transport\u00e9 dans le pass\u00e9\u2026","rel":"","context":"Dans &quot;Aventures Urbaines&quot;","block_context":{"text":"Aventures Urbaines","link":"https:\/\/le.nomade.sylvainperrierfotografi.com\/fr\/category\/aventures-urbaines\/"},"img":{"alt_text":"Cuba - Les portes de Havane","src":"https:\/\/i0.wp.com\/le.nomade.sylvainperrierfotografi.com\/wp-content\/uploads\/2024\/04\/Cuba-porte-1.jpg?fit=800%2C1200&ssl=1&resize=350%2C200","width":350,"height":200,"srcset":"https:\/\/i0.wp.com\/le.nomade.sylvainperrierfotografi.com\/wp-content\/uploads\/2024\/04\/Cuba-porte-1.jpg?fit=800%2C1200&ssl=1&resize=350%2C200 1x, https:\/\/i0.wp.com\/le.nomade.sylvainperrierfotografi.com\/wp-content\/uploads\/2024\/04\/Cuba-porte-1.jpg?fit=800%2C1200&ssl=1&resize=525%2C300 1.5x, https:\/\/i0.wp.com\/le.nomade.sylvainperrierfotografi.com\/wp-content\/uploads\/2024\/04\/Cuba-porte-1.jpg?fit=800%2C1200&ssl=1&resize=700%2C400 2x"},"classes":[]},{"id":142,"url":"https:\/\/le.nomade.sylvainperrierfotografi.com\/fr\/la-brume-hivernale\/","url_meta":{"origin":234,"position":4},"title":"La brume hivernale","author":"nomade","date":"1 mai 2024","format":false,"excerpt":"La brume hivernale : C'\u00e9tait un matin d'hiver, et j'avais d\u00e9cid\u00e9 de me rendre au Parc de la Gatineau pour immortaliser sa beaut\u00e9 avec mon drone et ma cam\u00e9ra. Je savais que le parc offrait des paysages \u00e0 couper le souffle avec ses 250 kilom\u00e8tres de sentiers \u00e0 explorer, et\u2026","rel":"","context":"Dans &quot;Paysages \u00c9poustouflants&quot;","block_context":{"text":"Paysages \u00c9poustouflants","link":"https:\/\/le.nomade.sylvainperrierfotografi.com\/fr\/category\/paysages-epoustouflants\/"},"img":{"alt_text":"La brume hivernale","src":"https:\/\/i0.wp.com\/le.nomade.sylvainperrierfotografi.com\/wp-content\/uploads\/2024\/05\/Brume-Hivernale-2.jpg?fit=1200%2C800&ssl=1&resize=350%2C200","width":350,"height":200,"srcset":"https:\/\/i0.wp.com\/le.nomade.sylvainperrierfotografi.com\/wp-content\/uploads\/2024\/05\/Brume-Hivernale-2.jpg?fit=1200%2C800&ssl=1&resize=350%2C200 1x, https:\/\/i0.wp.com\/le.nomade.sylvainperrierfotografi.com\/wp-content\/uploads\/2024\/05\/Brume-Hivernale-2.jpg?fit=1200%2C800&ssl=1&resize=525%2C300 1.5x, https:\/\/i0.wp.com\/le.nomade.sylvainperrierfotografi.com\/wp-content\/uploads\/2024\/05\/Brume-Hivernale-2.jpg?fit=1200%2C800&ssl=1&resize=700%2C400 2x, https:\/\/i0.wp.com\/le.nomade.sylvainperrierfotografi.com\/wp-content\/uploads\/2024\/05\/Brume-Hivernale-2.jpg?fit=1200%2C800&ssl=1&resize=1050%2C600 3x"},"classes":[]},{"id":133,"url":"https:\/\/le.nomade.sylvainperrierfotografi.com\/fr\/le-pont-couvert-de-wakefield\/","url_meta":{"origin":234,"position":5},"title":"Le pont couvert de Wakefield","author":"nomade","date":"1 mai 2024","format":false,"excerpt":"Le Pont couvert de Wakefield, \u00e9galement connu sous le nom de Pont Gendron, a une riche histoire qui remonte \u00e0 son \u00e9tablissement initial en 1915. Il \u00e9tait l'un des premiers ponts couverts \u00e0 relier les deux rives de la rivi\u00e8re Gatineau, facilitant une connexion cruciale avec la communaut\u00e9 agricole en\u2026","rel":"","context":"Dans &quot;Paysages \u00c9poustouflants&quot;","block_context":{"text":"Paysages \u00c9poustouflants","link":"https:\/\/le.nomade.sylvainperrierfotografi.com\/fr\/category\/paysages-epoustouflants\/"},"img":{"alt_text":"Le pont couvert de Wakefield","src":"https:\/\/i0.wp.com\/le.nomade.sylvainperrierfotografi.com\/wp-content\/uploads\/2024\/05\/Le-pont-couvert-de-Wakefield.jpg?fit=1200%2C900&ssl=1&resize=350%2C200","width":350,"height":200,"srcset":"https:\/\/i0.wp.com\/le.nomade.sylvainperrierfotografi.com\/wp-content\/uploads\/2024\/05\/Le-pont-couvert-de-Wakefield.jpg?fit=1200%2C900&ssl=1&resize=350%2C200 1x, https:\/\/i0.wp.com\/le.nomade.sylvainperrierfotografi.com\/wp-content\/uploads\/2024\/05\/Le-pont-couvert-de-Wakefield.jpg?fit=1200%2C900&ssl=1&resize=525%2C300 1.5x, https:\/\/i0.wp.com\/le.nomade.sylvainperrierfotografi.com\/wp-content\/uploads\/2024\/05\/Le-pont-couvert-de-Wakefield.jpg?fit=1200%2C900&ssl=1&resize=700%2C400 2x, https:\/\/i0.wp.com\/le.nomade.sylvainperrierfotografi.com\/wp-content\/uploads\/2024\/05\/Le-pont-couvert-de-Wakefield.jpg?fit=1200%2C900&ssl=1&resize=1050%2C600 3x"},"classes":[]}],"jetpack_sharing_enabled":true,"_links":{"self":[{"href":"https:\/\/le.nomade.sylvainperrierfotografi.com\/fr\/wp-json\/wp\/v2\/posts\/234","targetHints":{"allow":["GET"]}}],"collection":[{"href":"https:\/\/le.nomade.sylvainperrierfotografi.com\/fr\/wp-json\/wp\/v2\/posts"}],"about":[{"href":"https:\/\/le.nomade.sylvainperrierfotografi.com\/fr\/wp-json\/wp\/v2\/types\/post"}],"author":[{"embeddable":true,"href":"https:\/\/le.nomade.sylvainperrierfotografi.com\/fr\/wp-json\/wp\/v2\/users\/1"}],"replies":[{"embeddable":true,"href":"https:\/\/le.nomade.sylvainperrierfotografi.com\/fr\/wp-json\/wp\/v2\/comments?post=234"}],"version-history":[{"count":5,"href":"https:\/\/le.nomade.sylvainperrierfotografi.com\/fr\/wp-json\/wp\/v2\/posts\/234\/revisions"}],"predecessor-version":[{"id":659,"href":"https:\/\/le.nomade.sylvainperrierfotografi.com\/fr\/wp-json\/wp\/v2\/posts\/234\/revisions\/659"}],"wp:featuredmedia":[{"embeddable":true,"href":"https:\/\/le.nomade.sylvainperrierfotografi.com\/fr\/wp-json\/wp\/v2\/media\/242"}],"wp:attachment":[{"href":"https:\/\/le.nomade.sylvainperrierfotografi.com\/fr\/wp-json\/wp\/v2\/media?parent=234"}],"wp:term":[{"taxonomy":"category","embeddable":true,"href":"https:\/\/le.nomade.sylvainperrierfotografi.com\/fr\/wp-json\/wp\/v2\/categories?post=234"},{"taxonomy":"post_tag","embeddable":true,"href":"https:\/\/le.nomade.sylvainperrierfotografi.com\/fr\/wp-json\/wp\/v2\/tags?post=234"}],"curies":[{"name":"wp","href":"https:\/\/api.w.org\/{rel}","templated":true}]}}