{"id":370,"date":"2024-05-17T17:14:33","date_gmt":"2024-05-17T21:14:33","guid":{"rendered":"https:\/\/le.nomade.sylvainperrierfotografi.com\/?post_type=jetpack-portfolio&#038;p=370"},"modified":"2024-06-06T19:32:04","modified_gmt":"2024-06-06T23:32:04","slug":"la-vie-dans-les-rues-de-la-havane","status":"publish","type":"post","link":"https:\/\/le.nomade.sylvainperrierfotografi.com\/fr\/la-vie-dans-les-rues-de-la-havane\/","title":{"rendered":"La Vie dans les Rues de La Havane"},"content":{"rendered":"<p class=\"\">Les rues de La Havane, capitale mythique de Cuba, sont un m\u00e9lange fascinant d\u2019histoire, de culture et de vie quotidienne. En parcourant ses rues, on d\u00e9couvre un monde fig\u00e9 dans le temps, mais aussi vibrant de modernit\u00e9 et de contradictions.<\/p>\n\n\n<div class=\"wp-block-image\">\n<figure class=\"aligncenter\"><img data-recalc-dims=\"1\" loading=\"lazy\" decoding=\"async\" width=\"940\" height=\"624\" data-attachment-id=\"376\" data-permalink=\"https:\/\/le.nomade.sylvainperrierfotografi.com\/fr\/la-vie-dans-les-rues-de-la-havane\/cuba-havane-16\/\" data-orig-file=\"https:\/\/i0.wp.com\/le.nomade.sylvainperrierfotografi.com\/wp-content\/uploads\/2024\/05\/Cuba-Havane-16.jpg?fit=2500%2C1660&amp;ssl=1\" data-orig-size=\"2500,1660\" data-comments-opened=\"1\" data-image-meta=\"{&quot;aperture&quot;:&quot;7.1&quot;,&quot;credit&quot;:&quot;Sylvain Perrier&quot;,&quot;camera&quot;:&quot;NIKON D300&quot;,&quot;caption&quot;:&quot;&quot;,&quot;created_timestamp&quot;:&quot;1326795780&quot;,&quot;copyright&quot;:&quot;Sylvain Perrier&quot;,&quot;focal_length&quot;:&quot;22&quot;,&quot;iso&quot;:&quot;200&quot;,&quot;shutter_speed&quot;:&quot;0.02&quot;,&quot;title&quot;:&quot;&quot;,&quot;orientation&quot;:&quot;0&quot;}\" data-image-title=\"La Vie dans les Rues de La Havane\" data-image-description=\"&lt;p&gt;La Vie dans les Rues de La Havane&lt;\/p&gt;\" data-image-caption=\"\" data-large-file=\"https:\/\/i0.wp.com\/le.nomade.sylvainperrierfotografi.com\/wp-content\/uploads\/2024\/05\/Cuba-Havane-16.jpg?fit=940%2C624&amp;ssl=1\" src=\"https:\/\/i0.wp.com\/le.nomade.sylvainperrierfotografi.com\/wp-content\/uploads\/2024\/05\/Cuba-Havane-16.jpg?resize=940%2C624&#038;ssl=1\" alt=\"La Vie dans les Rues de La Havane\" class=\"wp-image-376\" srcset=\"https:\/\/i0.wp.com\/le.nomade.sylvainperrierfotografi.com\/wp-content\/uploads\/2024\/05\/Cuba-Havane-16.jpg?w=2500&amp;ssl=1 2500w, https:\/\/i0.wp.com\/le.nomade.sylvainperrierfotografi.com\/wp-content\/uploads\/2024\/05\/Cuba-Havane-16.jpg?resize=300%2C199&amp;ssl=1 300w, https:\/\/i0.wp.com\/le.nomade.sylvainperrierfotografi.com\/wp-content\/uploads\/2024\/05\/Cuba-Havane-16.jpg?resize=1024%2C680&amp;ssl=1 1024w, https:\/\/i0.wp.com\/le.nomade.sylvainperrierfotografi.com\/wp-content\/uploads\/2024\/05\/Cuba-Havane-16.jpg?resize=768%2C510&amp;ssl=1 768w, https:\/\/i0.wp.com\/le.nomade.sylvainperrierfotografi.com\/wp-content\/uploads\/2024\/05\/Cuba-Havane-16.jpg?resize=1536%2C1020&amp;ssl=1 1536w, https:\/\/i0.wp.com\/le.nomade.sylvainperrierfotografi.com\/wp-content\/uploads\/2024\/05\/Cuba-Havane-16.jpg?resize=2048%2C1360&amp;ssl=1 2048w, https:\/\/i0.wp.com\/le.nomade.sylvainperrierfotografi.com\/wp-content\/uploads\/2024\/05\/Cuba-Havane-16.jpg?resize=18%2C12&amp;ssl=1 18w, https:\/\/i0.wp.com\/le.nomade.sylvainperrierfotografi.com\/wp-content\/uploads\/2024\/05\/Cuba-Havane-16.jpg?resize=450%2C299&amp;ssl=1 450w, https:\/\/i0.wp.com\/le.nomade.sylvainperrierfotografi.com\/wp-content\/uploads\/2024\/05\/Cuba-Havane-16.jpg?resize=1205%2C800&amp;ssl=1 1205w, https:\/\/i0.wp.com\/le.nomade.sylvainperrierfotografi.com\/wp-content\/uploads\/2024\/05\/Cuba-Havane-16.jpg?w=1880&amp;ssl=1 1880w\" sizes=\"auto, (max-width: 940px) 100vw, 940px\" \/><figcaption class=\"wp-element-caption\"><em>La Vie dans les Rues de La Havane<\/em><\/figcaption><\/figure>\n<\/div>\n\n\n<h3 class=\"wp-block-heading has-text-align-left\"><strong>Un Voyage dans le Temps<\/strong><\/h3>\n\n\n\n<p class=\"\">La Habana Vieja, le centre historique de la ville, est un tr\u00e9sor d&#8217;architecture coloniale espagnole datant du XVIe si\u00e8cle. Ce quartier, class\u00e9 au patrimoine mondial de l\u2019UNESCO, est le c\u0153ur battant de la ville. Les b\u00e2timents aux fa\u00e7ades d\u00e9lav\u00e9es racontent des histoires de gloire pass\u00e9e, tandis que le linge qui s\u00e8che sur les balcons t\u00e9moigne de la vie actuelle de ses habitants.<\/p>\n\n\n\n<figure class=\"wp-block-gallery has-nested-images columns-2 is-cropped wp-block-gallery-1 is-layout-flex wp-block-gallery-is-layout-flex\">\n<figure class=\"wp-block-image size-large\"><img data-recalc-dims=\"1\" loading=\"lazy\" decoding=\"async\" width=\"940\" height=\"821\" data-attachment-id=\"378\" data-permalink=\"https:\/\/le.nomade.sylvainperrierfotografi.com\/fr\/la-vie-dans-les-rues-de-la-havane\/retour-a-la-maison\/\" data-orig-file=\"https:\/\/i0.wp.com\/le.nomade.sylvainperrierfotografi.com\/wp-content\/uploads\/2024\/05\/retour-a-la-maison.jpg?fit=2500%2C2182&amp;ssl=1\" data-orig-size=\"2500,2182\" data-comments-opened=\"1\" data-image-meta=\"{&quot;aperture&quot;:&quot;3.2&quot;,&quot;credit&quot;:&quot;Sylvain Perrier&quot;,&quot;camera&quot;:&quot;Canon EOS DIGITAL REBEL XSi&quot;,&quot;caption&quot;:&quot;&quot;,&quot;created_timestamp&quot;:&quot;1326805108&quot;,&quot;copyright&quot;:&quot;&quot;,&quot;focal_length&quot;:&quot;135&quot;,&quot;iso&quot;:&quot;200&quot;,&quot;shutter_speed&quot;:&quot;0.0005&quot;,&quot;title&quot;:&quot;&quot;,&quot;orientation&quot;:&quot;0&quot;}\" data-image-title=\"La Vie dans les Rues de La Havane\" data-image-description=\"\" data-image-caption=\"\" data-large-file=\"https:\/\/i0.wp.com\/le.nomade.sylvainperrierfotografi.com\/wp-content\/uploads\/2024\/05\/retour-a-la-maison.jpg?fit=940%2C821&amp;ssl=1\" data-id=\"378\" src=\"https:\/\/i0.wp.com\/le.nomade.sylvainperrierfotografi.com\/wp-content\/uploads\/2024\/05\/retour-a-la-maison.jpg?resize=940%2C821&#038;ssl=1\" alt=\"\" class=\"wp-image-378\" srcset=\"https:\/\/i0.wp.com\/le.nomade.sylvainperrierfotografi.com\/wp-content\/uploads\/2024\/05\/retour-a-la-maison.jpg?resize=1024%2C894&amp;ssl=1 1024w, https:\/\/i0.wp.com\/le.nomade.sylvainperrierfotografi.com\/wp-content\/uploads\/2024\/05\/retour-a-la-maison.jpg?resize=300%2C262&amp;ssl=1 300w, https:\/\/i0.wp.com\/le.nomade.sylvainperrierfotografi.com\/wp-content\/uploads\/2024\/05\/retour-a-la-maison.jpg?resize=768%2C670&amp;ssl=1 768w, https:\/\/i0.wp.com\/le.nomade.sylvainperrierfotografi.com\/wp-content\/uploads\/2024\/05\/retour-a-la-maison.jpg?resize=1536%2C1341&amp;ssl=1 1536w, https:\/\/i0.wp.com\/le.nomade.sylvainperrierfotografi.com\/wp-content\/uploads\/2024\/05\/retour-a-la-maison.jpg?resize=2048%2C1787&amp;ssl=1 2048w, https:\/\/i0.wp.com\/le.nomade.sylvainperrierfotografi.com\/wp-content\/uploads\/2024\/05\/retour-a-la-maison.jpg?resize=14%2C12&amp;ssl=1 14w, https:\/\/i0.wp.com\/le.nomade.sylvainperrierfotografi.com\/wp-content\/uploads\/2024\/05\/retour-a-la-maison.jpg?resize=450%2C393&amp;ssl=1 450w, https:\/\/i0.wp.com\/le.nomade.sylvainperrierfotografi.com\/wp-content\/uploads\/2024\/05\/retour-a-la-maison.jpg?resize=917%2C800&amp;ssl=1 917w, https:\/\/i0.wp.com\/le.nomade.sylvainperrierfotografi.com\/wp-content\/uploads\/2024\/05\/retour-a-la-maison.jpg?w=1880&amp;ssl=1 1880w\" sizes=\"auto, (max-width: 940px) 100vw, 940px\" \/><\/figure>\n\n\n\n<figure class=\"wp-block-image size-large\"><img data-recalc-dims=\"1\" loading=\"lazy\" decoding=\"async\" width=\"940\" height=\"765\" data-attachment-id=\"379\" data-permalink=\"https:\/\/le.nomade.sylvainperrierfotografi.com\/fr\/la-vie-dans-les-rues-de-la-havane\/retour-a-la-maison-2\/\" data-orig-file=\"https:\/\/i0.wp.com\/le.nomade.sylvainperrierfotografi.com\/wp-content\/uploads\/2024\/05\/retour-a-la-maison-2.jpg?fit=2500%2C2033&amp;ssl=1\" data-orig-size=\"2500,2033\" data-comments-opened=\"1\" data-image-meta=\"{&quot;aperture&quot;:&quot;6.3&quot;,&quot;credit&quot;:&quot;Sylvain Perrier&quot;,&quot;camera&quot;:&quot;Canon EOS DIGITAL REBEL XSi&quot;,&quot;caption&quot;:&quot;&quot;,&quot;created_timestamp&quot;:&quot;1326805163&quot;,&quot;copyright&quot;:&quot;&quot;,&quot;focal_length&quot;:&quot;135&quot;,&quot;iso&quot;:&quot;200&quot;,&quot;shutter_speed&quot;:&quot;0.001&quot;,&quot;title&quot;:&quot;&quot;,&quot;orientation&quot;:&quot;0&quot;}\" data-image-title=\"La Vie dans les Rues de La Havane\" data-image-description=\"&lt;p&gt;La Vie dans les Rues de La Havane&lt;\/p&gt;\" data-image-caption=\"\" data-large-file=\"https:\/\/i0.wp.com\/le.nomade.sylvainperrierfotografi.com\/wp-content\/uploads\/2024\/05\/retour-a-la-maison-2.jpg?fit=940%2C765&amp;ssl=1\" data-id=\"379\" src=\"https:\/\/i0.wp.com\/le.nomade.sylvainperrierfotografi.com\/wp-content\/uploads\/2024\/05\/retour-a-la-maison-2.jpg?resize=940%2C765&#038;ssl=1\" alt=\"La Vie dans les Rues de La Havane\" class=\"wp-image-379\" srcset=\"https:\/\/i0.wp.com\/le.nomade.sylvainperrierfotografi.com\/wp-content\/uploads\/2024\/05\/retour-a-la-maison-2.jpg?resize=1024%2C833&amp;ssl=1 1024w, https:\/\/i0.wp.com\/le.nomade.sylvainperrierfotografi.com\/wp-content\/uploads\/2024\/05\/retour-a-la-maison-2.jpg?resize=300%2C244&amp;ssl=1 300w, https:\/\/i0.wp.com\/le.nomade.sylvainperrierfotografi.com\/wp-content\/uploads\/2024\/05\/retour-a-la-maison-2.jpg?resize=768%2C625&amp;ssl=1 768w, https:\/\/i0.wp.com\/le.nomade.sylvainperrierfotografi.com\/wp-content\/uploads\/2024\/05\/retour-a-la-maison-2.jpg?resize=1536%2C1249&amp;ssl=1 1536w, https:\/\/i0.wp.com\/le.nomade.sylvainperrierfotografi.com\/wp-content\/uploads\/2024\/05\/retour-a-la-maison-2.jpg?resize=2048%2C1665&amp;ssl=1 2048w, https:\/\/i0.wp.com\/le.nomade.sylvainperrierfotografi.com\/wp-content\/uploads\/2024\/05\/retour-a-la-maison-2.jpg?resize=15%2C12&amp;ssl=1 15w, https:\/\/i0.wp.com\/le.nomade.sylvainperrierfotografi.com\/wp-content\/uploads\/2024\/05\/retour-a-la-maison-2.jpg?resize=450%2C366&amp;ssl=1 450w, https:\/\/i0.wp.com\/le.nomade.sylvainperrierfotografi.com\/wp-content\/uploads\/2024\/05\/retour-a-la-maison-2.jpg?resize=984%2C800&amp;ssl=1 984w, https:\/\/i0.wp.com\/le.nomade.sylvainperrierfotografi.com\/wp-content\/uploads\/2024\/05\/retour-a-la-maison-2.jpg?w=1880&amp;ssl=1 1880w\" sizes=\"auto, (max-width: 940px) 100vw, 940px\" \/><\/figure>\n<figcaption class=\"blocks-gallery-caption wp-element-caption\"><em>Un Voyage dans le Temps<\/em><\/figcaption><\/figure>\n\n\n\n<h3 class=\"wp-block-heading\"><strong>La Tranquillit\u00e9 des Rues<\/strong><\/h3>\n\n\n\n<p class=\"\">Les ruelles \u00e9troites et pav\u00e9es de La Havane sont souvent le th\u00e9\u00e2tre de sc\u00e8nes paisibles. Un chien endormi sur le trottoir, indiff\u00e9rent \u00e0 l&#8217;agitation environnante, symbolise cette tranquillit\u00e9 paradoxale de la ville.<\/p>\n\n\n<div class=\"wp-block-image\">\n<figure class=\"aligncenter\"><img data-recalc-dims=\"1\" loading=\"lazy\" decoding=\"async\" width=\"940\" height=\"636\" data-attachment-id=\"373\" data-permalink=\"https:\/\/le.nomade.sylvainperrierfotografi.com\/fr\/la-vie-dans-les-rues-de-la-havane\/chien\/\" data-orig-file=\"https:\/\/i0.wp.com\/le.nomade.sylvainperrierfotografi.com\/wp-content\/uploads\/2024\/05\/Chien.jpg?fit=2500%2C1691&amp;ssl=1\" data-orig-size=\"2500,1691\" data-comments-opened=\"1\" data-image-meta=\"{&quot;aperture&quot;:&quot;6.3&quot;,&quot;credit&quot;:&quot;Sylvain Perrier&quot;,&quot;camera&quot;:&quot;Canon EOS DIGITAL REBEL XSi&quot;,&quot;caption&quot;:&quot;&quot;,&quot;created_timestamp&quot;:&quot;1326812574&quot;,&quot;copyright&quot;:&quot;&quot;,&quot;focal_length&quot;:&quot;135&quot;,&quot;iso&quot;:&quot;800&quot;,&quot;shutter_speed&quot;:&quot;0.008&quot;,&quot;title&quot;:&quot;&quot;,&quot;orientation&quot;:&quot;0&quot;}\" data-image-title=\"La Vie dans les Rues de La Havane\" data-image-description=\"&lt;p&gt;La Vie dans les Rues de La Havane&lt;\/p&gt;\" data-image-caption=\"\" data-large-file=\"https:\/\/i0.wp.com\/le.nomade.sylvainperrierfotografi.com\/wp-content\/uploads\/2024\/05\/Chien.jpg?fit=940%2C636&amp;ssl=1\" src=\"https:\/\/i0.wp.com\/le.nomade.sylvainperrierfotografi.com\/wp-content\/uploads\/2024\/05\/Chien.jpg?resize=940%2C636&#038;ssl=1\" alt=\"La Vie dans les Rues de La Havane\" class=\"wp-image-373\" srcset=\"https:\/\/i0.wp.com\/le.nomade.sylvainperrierfotografi.com\/wp-content\/uploads\/2024\/05\/Chien.jpg?w=2500&amp;ssl=1 2500w, https:\/\/i0.wp.com\/le.nomade.sylvainperrierfotografi.com\/wp-content\/uploads\/2024\/05\/Chien.jpg?resize=300%2C203&amp;ssl=1 300w, https:\/\/i0.wp.com\/le.nomade.sylvainperrierfotografi.com\/wp-content\/uploads\/2024\/05\/Chien.jpg?resize=1024%2C693&amp;ssl=1 1024w, https:\/\/i0.wp.com\/le.nomade.sylvainperrierfotografi.com\/wp-content\/uploads\/2024\/05\/Chien.jpg?resize=768%2C519&amp;ssl=1 768w, https:\/\/i0.wp.com\/le.nomade.sylvainperrierfotografi.com\/wp-content\/uploads\/2024\/05\/Chien.jpg?resize=1536%2C1039&amp;ssl=1 1536w, https:\/\/i0.wp.com\/le.nomade.sylvainperrierfotografi.com\/wp-content\/uploads\/2024\/05\/Chien.jpg?resize=2048%2C1385&amp;ssl=1 2048w, https:\/\/i0.wp.com\/le.nomade.sylvainperrierfotografi.com\/wp-content\/uploads\/2024\/05\/Chien.jpg?resize=18%2C12&amp;ssl=1 18w, https:\/\/i0.wp.com\/le.nomade.sylvainperrierfotografi.com\/wp-content\/uploads\/2024\/05\/Chien.jpg?resize=450%2C304&amp;ssl=1 450w, https:\/\/i0.wp.com\/le.nomade.sylvainperrierfotografi.com\/wp-content\/uploads\/2024\/05\/Chien.jpg?resize=1183%2C800&amp;ssl=1 1183w, https:\/\/i0.wp.com\/le.nomade.sylvainperrierfotografi.com\/wp-content\/uploads\/2024\/05\/Chien.jpg?w=1880&amp;ssl=1 1880w\" sizes=\"auto, (max-width: 940px) 100vw, 940px\" \/><figcaption class=\"wp-element-caption\"><em>La Tranquillit\u00e9 des Rues<\/em><\/figcaption><\/figure>\n<\/div>\n\n\n<h3 class=\"wp-block-heading has-text-align-left\"><strong>Le Charme des Vieux Quartiers<\/strong><\/h3>\n\n\n\n<p class=\"\">Les balades dans les quartiers plus anciens de La Havane r\u00e9v\u00e8lent une ville anim\u00e9e et pleine de charme. Les b\u00e2timents, bien que marqu\u00e9s par le temps, d\u00e9gagent une aura de grandeur et d&#8217;authenticit\u00e9. La juxtaposition entre les vieilles structures et les nouvelles constructions refl\u00e8te les changements que la ville traverse.<\/p>\n\n\n<div class=\"wp-block-image\">\n<figure class=\"aligncenter\"><img data-recalc-dims=\"1\" loading=\"lazy\" decoding=\"async\" width=\"940\" height=\"940\" data-attachment-id=\"374\" data-permalink=\"https:\/\/le.nomade.sylvainperrierfotografi.com\/fr\/la-vie-dans-les-rues-de-la-havane\/cuba-havane\/\" data-orig-file=\"https:\/\/i0.wp.com\/le.nomade.sylvainperrierfotografi.com\/wp-content\/uploads\/2024\/05\/Cuba-Havane.jpg?fit=2500%2C2500&amp;ssl=1\" data-orig-size=\"2500,2500\" data-comments-opened=\"1\" data-image-meta=\"{&quot;aperture&quot;:&quot;6.3&quot;,&quot;credit&quot;:&quot;Sylvain Perrier&quot;,&quot;camera&quot;:&quot;NIKON D300&quot;,&quot;caption&quot;:&quot;&quot;,&quot;created_timestamp&quot;:&quot;1326794543&quot;,&quot;copyright&quot;:&quot;Sylvain Perrier&quot;,&quot;focal_length&quot;:&quot;22&quot;,&quot;iso&quot;:&quot;200&quot;,&quot;shutter_speed&quot;:&quot;0.00625&quot;,&quot;title&quot;:&quot;&quot;,&quot;orientation&quot;:&quot;0&quot;}\" data-image-title=\"La Vie dans les Rues de La Havane\" data-image-description=\"&lt;p&gt;La Vie dans les Rues de La Havane&lt;\/p&gt;\" data-image-caption=\"\" data-large-file=\"https:\/\/i0.wp.com\/le.nomade.sylvainperrierfotografi.com\/wp-content\/uploads\/2024\/05\/Cuba-Havane.jpg?fit=940%2C940&amp;ssl=1\" src=\"https:\/\/i0.wp.com\/le.nomade.sylvainperrierfotografi.com\/wp-content\/uploads\/2024\/05\/Cuba-Havane.jpg?resize=940%2C940&#038;ssl=1\" alt=\"La Vie dans les Rues de La Havane\" class=\"wp-image-374\" srcset=\"https:\/\/i0.wp.com\/le.nomade.sylvainperrierfotografi.com\/wp-content\/uploads\/2024\/05\/Cuba-Havane.jpg?w=2500&amp;ssl=1 2500w, https:\/\/i0.wp.com\/le.nomade.sylvainperrierfotografi.com\/wp-content\/uploads\/2024\/05\/Cuba-Havane.jpg?resize=300%2C300&amp;ssl=1 300w, https:\/\/i0.wp.com\/le.nomade.sylvainperrierfotografi.com\/wp-content\/uploads\/2024\/05\/Cuba-Havane.jpg?resize=1024%2C1024&amp;ssl=1 1024w, https:\/\/i0.wp.com\/le.nomade.sylvainperrierfotografi.com\/wp-content\/uploads\/2024\/05\/Cuba-Havane.jpg?resize=150%2C150&amp;ssl=1 150w, https:\/\/i0.wp.com\/le.nomade.sylvainperrierfotografi.com\/wp-content\/uploads\/2024\/05\/Cuba-Havane.jpg?resize=768%2C768&amp;ssl=1 768w, https:\/\/i0.wp.com\/le.nomade.sylvainperrierfotografi.com\/wp-content\/uploads\/2024\/05\/Cuba-Havane.jpg?resize=1536%2C1536&amp;ssl=1 1536w, https:\/\/i0.wp.com\/le.nomade.sylvainperrierfotografi.com\/wp-content\/uploads\/2024\/05\/Cuba-Havane.jpg?resize=2048%2C2048&amp;ssl=1 2048w, https:\/\/i0.wp.com\/le.nomade.sylvainperrierfotografi.com\/wp-content\/uploads\/2024\/05\/Cuba-Havane.jpg?resize=12%2C12&amp;ssl=1 12w, https:\/\/i0.wp.com\/le.nomade.sylvainperrierfotografi.com\/wp-content\/uploads\/2024\/05\/Cuba-Havane.jpg?resize=450%2C450&amp;ssl=1 450w, https:\/\/i0.wp.com\/le.nomade.sylvainperrierfotografi.com\/wp-content\/uploads\/2024\/05\/Cuba-Havane.jpg?resize=800%2C800&amp;ssl=1 800w, https:\/\/i0.wp.com\/le.nomade.sylvainperrierfotografi.com\/wp-content\/uploads\/2024\/05\/Cuba-Havane.jpg?resize=50%2C50&amp;ssl=1 50w, https:\/\/i0.wp.com\/le.nomade.sylvainperrierfotografi.com\/wp-content\/uploads\/2024\/05\/Cuba-Havane.jpg?w=1880&amp;ssl=1 1880w\" sizes=\"auto, (max-width: 940px) 100vw, 940px\" \/><figcaption class=\"wp-element-caption\"><em>Le Charme des Vieux Quartiers<\/em><\/figcaption><\/figure>\n<\/div>\n\n\n<h3 class=\"wp-block-heading has-text-align-left\"><strong>La Vie Quotidienne<\/strong><\/h3>\n\n\n\n<p class=\"\">Au d\u00e9tour de chaque rue, la vie quotidienne des Havaneros se d\u00e9roule. Les vendeurs ambulants proposent leurs produits frais, les enfants jouent dans les ruelles, et les familles discutent devant leur maison. Ces sc\u00e8nes de vie capturent l&#8217;essence de la culture cubaine, faite de r\u00e9silience, de joie et de communaut\u00e9.<\/p>\n\n\n<div class=\"wp-block-image\">\n<figure class=\"aligncenter\"><img data-recalc-dims=\"1\" decoding=\"async\" data-attachment-id=\"380\" data-permalink=\"https:\/\/le.nomade.sylvainperrierfotografi.com\/fr\/la-vie-dans-les-rues-de-la-havane\/rue-de-cuba-5\/\" data-orig-file=\"https:\/\/i0.wp.com\/le.nomade.sylvainperrierfotografi.com\/wp-content\/uploads\/2024\/05\/Rue-de-Cuba-5-e1717715625379.jpg?fit=2470%2C1733&amp;ssl=1\" data-orig-size=\"2470,1733\" data-comments-opened=\"1\" data-image-meta=\"{&quot;aperture&quot;:&quot;5.6&quot;,&quot;credit&quot;:&quot;Sylvain Perrier&quot;,&quot;camera&quot;:&quot;Canon EOS DIGITAL REBEL XSi&quot;,&quot;caption&quot;:&quot;&quot;,&quot;created_timestamp&quot;:&quot;1326808157&quot;,&quot;copyright&quot;:&quot;&quot;,&quot;focal_length&quot;:&quot;10&quot;,&quot;iso&quot;:&quot;200&quot;,&quot;shutter_speed&quot;:&quot;0.004&quot;,&quot;title&quot;:&quot;&quot;,&quot;orientation&quot;:&quot;0&quot;}\" data-image-title=\"Rue-de-Cuba-5\" data-image-description=\"\" data-image-caption=\"\" data-large-file=\"https:\/\/i0.wp.com\/le.nomade.sylvainperrierfotografi.com\/wp-content\/uploads\/2024\/05\/Rue-de-Cuba-5-e1717715625379.jpg?fit=940%2C660&amp;ssl=1\" src=\"https:\/\/i0.wp.com\/le.nomade.sylvainperrierfotografi.com\/wp-content\/uploads\/2024\/05\/Rue-de-Cuba-5.jpg?w=940&#038;ssl=1\" alt=\"\" class=\"wp-image-380\"\/><figcaption class=\"wp-element-caption\"><em>La Vie Quotidienne<\/em><\/figcaption><\/figure>\n<\/div>\n\n\n<h3 class=\"wp-block-heading has-text-align-left\"><strong>L&#8217;Industrie Moderne<\/strong><\/h3>\n\n\n\n<p class=\"\">M\u00eame dans cette ville historique, des \u00e9l\u00e9ments de modernit\u00e9 sont pr\u00e9sents. Les taxis tricycles, les voitures anciennes am\u00e9ricaines, et les bus modernes se partagent les routes, cr\u00e9ant un tableau unique de mobilit\u00e9 urbaine.<\/p>\n\n\n\n<div class=\"wp-block-jetpack-slideshow aligncenter\" data-autoplay=\"true\" data-delay=\"3\" data-effect=\"slide\"><div class=\"wp-block-jetpack-slideshow_container swiper-container\"><ul class=\"wp-block-jetpack-slideshow_swiper-wrapper swiper-wrapper\"><li class=\"wp-block-jetpack-slideshow_slide swiper-slide\"><figure><img data-recalc-dims=\"1\" loading=\"lazy\" decoding=\"async\" width=\"940\" height=\"624\" alt=\"La Vie dans les Rues de La Havane\" class=\"wp-block-jetpack-slideshow_image wp-image-377\" data-id=\"377\" src=\"https:\/\/i0.wp.com\/le.nomade.sylvainperrierfotografi.com\/wp-content\/uploads\/2024\/05\/Cuba-Havane-18.jpg?resize=940%2C624&#038;ssl=1\" srcset=\"https:\/\/i0.wp.com\/le.nomade.sylvainperrierfotografi.com\/wp-content\/uploads\/2024\/05\/Cuba-Havane-18.jpg?w=2500&amp;ssl=1 2500w, https:\/\/i0.wp.com\/le.nomade.sylvainperrierfotografi.com\/wp-content\/uploads\/2024\/05\/Cuba-Havane-18.jpg?resize=300%2C199&amp;ssl=1 300w, https:\/\/i0.wp.com\/le.nomade.sylvainperrierfotografi.com\/wp-content\/uploads\/2024\/05\/Cuba-Havane-18.jpg?resize=1024%2C680&amp;ssl=1 1024w, https:\/\/i0.wp.com\/le.nomade.sylvainperrierfotografi.com\/wp-content\/uploads\/2024\/05\/Cuba-Havane-18.jpg?resize=768%2C510&amp;ssl=1 768w, https:\/\/i0.wp.com\/le.nomade.sylvainperrierfotografi.com\/wp-content\/uploads\/2024\/05\/Cuba-Havane-18.jpg?resize=1536%2C1020&amp;ssl=1 1536w, https:\/\/i0.wp.com\/le.nomade.sylvainperrierfotografi.com\/wp-content\/uploads\/2024\/05\/Cuba-Havane-18.jpg?resize=2048%2C1360&amp;ssl=1 2048w, https:\/\/i0.wp.com\/le.nomade.sylvainperrierfotografi.com\/wp-content\/uploads\/2024\/05\/Cuba-Havane-18.jpg?resize=18%2C12&amp;ssl=1 18w, https:\/\/i0.wp.com\/le.nomade.sylvainperrierfotografi.com\/wp-content\/uploads\/2024\/05\/Cuba-Havane-18.jpg?resize=450%2C299&amp;ssl=1 450w, https:\/\/i0.wp.com\/le.nomade.sylvainperrierfotografi.com\/wp-content\/uploads\/2024\/05\/Cuba-Havane-18.jpg?resize=1205%2C800&amp;ssl=1 1205w, https:\/\/i0.wp.com\/le.nomade.sylvainperrierfotografi.com\/wp-content\/uploads\/2024\/05\/Cuba-Havane-18.jpg?w=1880&amp;ssl=1 1880w\" sizes=\"(max-width: 940px) 100vw, 940px\" \/><\/figure><\/li><li class=\"wp-block-jetpack-slideshow_slide swiper-slide\"><figure><img data-recalc-dims=\"1\" loading=\"lazy\" decoding=\"async\" width=\"940\" height=\"1416\" alt=\"La Vie dans les Rues de La Havane\" class=\"wp-block-jetpack-slideshow_image wp-image-375\" data-id=\"375\" src=\"https:\/\/i0.wp.com\/le.nomade.sylvainperrierfotografi.com\/wp-content\/uploads\/2024\/05\/Cuba-Havane-6.jpg?resize=940%2C1416&#038;ssl=1\" srcset=\"https:\/\/i0.wp.com\/le.nomade.sylvainperrierfotografi.com\/wp-content\/uploads\/2024\/05\/Cuba-Havane-6.jpg?w=1660&amp;ssl=1 1660w, https:\/\/i0.wp.com\/le.nomade.sylvainperrierfotografi.com\/wp-content\/uploads\/2024\/05\/Cuba-Havane-6.jpg?resize=199%2C300&amp;ssl=1 199w, https:\/\/i0.wp.com\/le.nomade.sylvainperrierfotografi.com\/wp-content\/uploads\/2024\/05\/Cuba-Havane-6.jpg?resize=680%2C1024&amp;ssl=1 680w, https:\/\/i0.wp.com\/le.nomade.sylvainperrierfotografi.com\/wp-content\/uploads\/2024\/05\/Cuba-Havane-6.jpg?resize=768%2C1157&amp;ssl=1 768w, https:\/\/i0.wp.com\/le.nomade.sylvainperrierfotografi.com\/wp-content\/uploads\/2024\/05\/Cuba-Havane-6.jpg?resize=1020%2C1536&amp;ssl=1 1020w, https:\/\/i0.wp.com\/le.nomade.sylvainperrierfotografi.com\/wp-content\/uploads\/2024\/05\/Cuba-Havane-6.jpg?resize=1360%2C2048&amp;ssl=1 1360w, https:\/\/i0.wp.com\/le.nomade.sylvainperrierfotografi.com\/wp-content\/uploads\/2024\/05\/Cuba-Havane-6.jpg?resize=8%2C12&amp;ssl=1 8w, https:\/\/i0.wp.com\/le.nomade.sylvainperrierfotografi.com\/wp-content\/uploads\/2024\/05\/Cuba-Havane-6.jpg?resize=450%2C678&amp;ssl=1 450w, https:\/\/i0.wp.com\/le.nomade.sylvainperrierfotografi.com\/wp-content\/uploads\/2024\/05\/Cuba-Havane-6.jpg?resize=531%2C800&amp;ssl=1 531w\" sizes=\"(max-width: 940px) 100vw, 940px\" \/><\/figure><\/li><li class=\"wp-block-jetpack-slideshow_slide swiper-slide\"><figure><img data-recalc-dims=\"1\" loading=\"lazy\" decoding=\"async\" width=\"940\" height=\"716\" alt=\"\" class=\"wp-block-jetpack-slideshow_image wp-image-381\" data-id=\"381\" src=\"https:\/\/i0.wp.com\/le.nomade.sylvainperrierfotografi.com\/wp-content\/uploads\/2024\/05\/Rue-de-Cuba-9.jpg?resize=940%2C716&#038;ssl=1\" srcset=\"https:\/\/i0.wp.com\/le.nomade.sylvainperrierfotografi.com\/wp-content\/uploads\/2024\/05\/Rue-de-Cuba-9.jpg?w=2500&amp;ssl=1 2500w, https:\/\/i0.wp.com\/le.nomade.sylvainperrierfotografi.com\/wp-content\/uploads\/2024\/05\/Rue-de-Cuba-9.jpg?resize=300%2C228&amp;ssl=1 300w, https:\/\/i0.wp.com\/le.nomade.sylvainperrierfotografi.com\/wp-content\/uploads\/2024\/05\/Rue-de-Cuba-9.jpg?resize=1024%2C779&amp;ssl=1 1024w, https:\/\/i0.wp.com\/le.nomade.sylvainperrierfotografi.com\/wp-content\/uploads\/2024\/05\/Rue-de-Cuba-9.jpg?resize=768%2C585&amp;ssl=1 768w, https:\/\/i0.wp.com\/le.nomade.sylvainperrierfotografi.com\/wp-content\/uploads\/2024\/05\/Rue-de-Cuba-9.jpg?resize=1536%2C1169&amp;ssl=1 1536w, https:\/\/i0.wp.com\/le.nomade.sylvainperrierfotografi.com\/wp-content\/uploads\/2024\/05\/Rue-de-Cuba-9.jpg?resize=2048%2C1559&amp;ssl=1 2048w, https:\/\/i0.wp.com\/le.nomade.sylvainperrierfotografi.com\/wp-content\/uploads\/2024\/05\/Rue-de-Cuba-9.jpg?resize=16%2C12&amp;ssl=1 16w, https:\/\/i0.wp.com\/le.nomade.sylvainperrierfotografi.com\/wp-content\/uploads\/2024\/05\/Rue-de-Cuba-9.jpg?resize=450%2C343&amp;ssl=1 450w, https:\/\/i0.wp.com\/le.nomade.sylvainperrierfotografi.com\/wp-content\/uploads\/2024\/05\/Rue-de-Cuba-9.jpg?resize=1051%2C800&amp;ssl=1 1051w, https:\/\/i0.wp.com\/le.nomade.sylvainperrierfotografi.com\/wp-content\/uploads\/2024\/05\/Rue-de-Cuba-9.jpg?w=1880&amp;ssl=1 1880w\" sizes=\"(max-width: 940px) 100vw, 940px\" \/><\/figure><\/li><li class=\"wp-block-jetpack-slideshow_slide swiper-slide\"><figure><img data-recalc-dims=\"1\" loading=\"lazy\" decoding=\"async\" width=\"940\" height=\"627\" alt=\"La Vie dans les Rues de La Havane\" class=\"wp-block-jetpack-slideshow_image wp-image-372\" data-id=\"372\" src=\"https:\/\/i0.wp.com\/le.nomade.sylvainperrierfotografi.com\/wp-content\/uploads\/2024\/05\/Batisse-2.jpg?resize=940%2C627&#038;ssl=1\" srcset=\"https:\/\/i0.wp.com\/le.nomade.sylvainperrierfotografi.com\/wp-content\/uploads\/2024\/05\/Batisse-2.jpg?w=2500&amp;ssl=1 2500w, https:\/\/i0.wp.com\/le.nomade.sylvainperrierfotografi.com\/wp-content\/uploads\/2024\/05\/Batisse-2.jpg?resize=300%2C200&amp;ssl=1 300w, https:\/\/i0.wp.com\/le.nomade.sylvainperrierfotografi.com\/wp-content\/uploads\/2024\/05\/Batisse-2.jpg?resize=1024%2C683&amp;ssl=1 1024w, https:\/\/i0.wp.com\/le.nomade.sylvainperrierfotografi.com\/wp-content\/uploads\/2024\/05\/Batisse-2.jpg?resize=768%2C512&amp;ssl=1 768w, https:\/\/i0.wp.com\/le.nomade.sylvainperrierfotografi.com\/wp-content\/uploads\/2024\/05\/Batisse-2.jpg?resize=1536%2C1024&amp;ssl=1 1536w, https:\/\/i0.wp.com\/le.nomade.sylvainperrierfotografi.com\/wp-content\/uploads\/2024\/05\/Batisse-2.jpg?resize=2048%2C1366&amp;ssl=1 2048w, https:\/\/i0.wp.com\/le.nomade.sylvainperrierfotografi.com\/wp-content\/uploads\/2024\/05\/Batisse-2.jpg?resize=18%2C12&amp;ssl=1 18w, https:\/\/i0.wp.com\/le.nomade.sylvainperrierfotografi.com\/wp-content\/uploads\/2024\/05\/Batisse-2.jpg?resize=450%2C300&amp;ssl=1 450w, https:\/\/i0.wp.com\/le.nomade.sylvainperrierfotografi.com\/wp-content\/uploads\/2024\/05\/Batisse-2.jpg?resize=1200%2C800&amp;ssl=1 1200w, https:\/\/i0.wp.com\/le.nomade.sylvainperrierfotografi.com\/wp-content\/uploads\/2024\/05\/Batisse-2.jpg?w=1880&amp;ssl=1 1880w\" sizes=\"(max-width: 940px) 100vw, 940px\" \/><figcaption class=\"wp-block-jetpack-slideshow_caption gallery-caption\">L&#8217;Industrie Moderne<\/figcaption><\/figure><\/li><\/ul><a class=\"wp-block-jetpack-slideshow_button-prev swiper-button-prev swiper-button-white\" role=\"button\"><\/a><a class=\"wp-block-jetpack-slideshow_button-next swiper-button-next swiper-button-white\" role=\"button\"><\/a><a aria-label=\"Pause Slideshow\" class=\"wp-block-jetpack-slideshow_button-pause\" role=\"button\"><\/a><div class=\"wp-block-jetpack-slideshow_pagination swiper-pagination swiper-pagination-white\"><\/div><\/div><\/div>\n\n\n\n<h3 class=\"wp-block-heading\">Conclusion<\/h3>\n\n\n\n<p class=\"\">Les rues de La Havane sont un voyage \u00e0 travers le temps et l&#8217;espace, o\u00f9 chaque coin de rue raconte une histoire. La juxtaposition de l&#8217;ancien et du nouveau, la richesse culturelle et l&#8217;\u00e9nergie vibrante de ses habitants font de cette ville un lieu unique et fascinant. En explorant ces rues, on ne peut qu&#8217;\u00eatre touch\u00e9 par l&#8217;authenticit\u00e9 et la beaut\u00e9 brute de La Havane.<\/p>\n\n\n\n<div class=\"wp-block-jetpack-slideshow aligncenter\" data-autoplay=\"true\" data-delay=\"3\" data-effect=\"slide\"><div class=\"wp-block-jetpack-slideshow_container swiper-container\"><ul class=\"wp-block-jetpack-slideshow_swiper-wrapper swiper-wrapper\"><li class=\"wp-block-jetpack-slideshow_slide swiper-slide\"><figure><img data-recalc-dims=\"1\" loading=\"lazy\" decoding=\"async\" width=\"940\" height=\"1325\" alt=\"\" class=\"wp-block-jetpack-slideshow_image wp-image-386\" data-id=\"386\" src=\"https:\/\/i0.wp.com\/le.nomade.sylvainperrierfotografi.com\/wp-content\/uploads\/2024\/05\/Batisse-3.jpg?resize=940%2C1325&#038;ssl=1\" srcset=\"https:\/\/i0.wp.com\/le.nomade.sylvainperrierfotografi.com\/wp-content\/uploads\/2024\/05\/Batisse-3.jpg?w=1773&amp;ssl=1 1773w, https:\/\/i0.wp.com\/le.nomade.sylvainperrierfotografi.com\/wp-content\/uploads\/2024\/05\/Batisse-3.jpg?resize=213%2C300&amp;ssl=1 213w, https:\/\/i0.wp.com\/le.nomade.sylvainperrierfotografi.com\/wp-content\/uploads\/2024\/05\/Batisse-3.jpg?resize=726%2C1024&amp;ssl=1 726w, https:\/\/i0.wp.com\/le.nomade.sylvainperrierfotografi.com\/wp-content\/uploads\/2024\/05\/Batisse-3.jpg?resize=768%2C1083&amp;ssl=1 768w, https:\/\/i0.wp.com\/le.nomade.sylvainperrierfotografi.com\/wp-content\/uploads\/2024\/05\/Batisse-3.jpg?resize=1089%2C1536&amp;ssl=1 1089w, https:\/\/i0.wp.com\/le.nomade.sylvainperrierfotografi.com\/wp-content\/uploads\/2024\/05\/Batisse-3.jpg?resize=1452%2C2048&amp;ssl=1 1452w, https:\/\/i0.wp.com\/le.nomade.sylvainperrierfotografi.com\/wp-content\/uploads\/2024\/05\/Batisse-3.jpg?resize=9%2C12&amp;ssl=1 9w, https:\/\/i0.wp.com\/le.nomade.sylvainperrierfotografi.com\/wp-content\/uploads\/2024\/05\/Batisse-3.jpg?resize=450%2C635&amp;ssl=1 450w, https:\/\/i0.wp.com\/le.nomade.sylvainperrierfotografi.com\/wp-content\/uploads\/2024\/05\/Batisse-3.jpg?resize=567%2C800&amp;ssl=1 567w\" sizes=\"(max-width: 940px) 100vw, 940px\" \/><\/figure><\/li><li class=\"wp-block-jetpack-slideshow_slide swiper-slide\"><figure><img data-recalc-dims=\"1\" loading=\"lazy\" decoding=\"async\" width=\"940\" height=\"627\" alt=\"\" class=\"wp-block-jetpack-slideshow_image wp-image-383\" data-id=\"383\" src=\"https:\/\/i0.wp.com\/le.nomade.sylvainperrierfotografi.com\/wp-content\/uploads\/2024\/05\/Balcon.jpg?resize=940%2C627&#038;ssl=1\" srcset=\"https:\/\/i0.wp.com\/le.nomade.sylvainperrierfotografi.com\/wp-content\/uploads\/2024\/05\/Balcon.jpg?w=2500&amp;ssl=1 2500w, https:\/\/i0.wp.com\/le.nomade.sylvainperrierfotografi.com\/wp-content\/uploads\/2024\/05\/Balcon.jpg?resize=300%2C200&amp;ssl=1 300w, https:\/\/i0.wp.com\/le.nomade.sylvainperrierfotografi.com\/wp-content\/uploads\/2024\/05\/Balcon.jpg?resize=1024%2C683&amp;ssl=1 1024w, https:\/\/i0.wp.com\/le.nomade.sylvainperrierfotografi.com\/wp-content\/uploads\/2024\/05\/Balcon.jpg?resize=768%2C512&amp;ssl=1 768w, https:\/\/i0.wp.com\/le.nomade.sylvainperrierfotografi.com\/wp-content\/uploads\/2024\/05\/Balcon.jpg?resize=1536%2C1024&amp;ssl=1 1536w, https:\/\/i0.wp.com\/le.nomade.sylvainperrierfotografi.com\/wp-content\/uploads\/2024\/05\/Balcon.jpg?resize=2048%2C1366&amp;ssl=1 2048w, https:\/\/i0.wp.com\/le.nomade.sylvainperrierfotografi.com\/wp-content\/uploads\/2024\/05\/Balcon.jpg?resize=18%2C12&amp;ssl=1 18w, https:\/\/i0.wp.com\/le.nomade.sylvainperrierfotografi.com\/wp-content\/uploads\/2024\/05\/Balcon.jpg?resize=450%2C300&amp;ssl=1 450w, https:\/\/i0.wp.com\/le.nomade.sylvainperrierfotografi.com\/wp-content\/uploads\/2024\/05\/Balcon.jpg?resize=1200%2C800&amp;ssl=1 1200w, https:\/\/i0.wp.com\/le.nomade.sylvainperrierfotografi.com\/wp-content\/uploads\/2024\/05\/Balcon.jpg?w=1880&amp;ssl=1 1880w\" sizes=\"(max-width: 940px) 100vw, 940px\" \/><\/figure><\/li><li class=\"wp-block-jetpack-slideshow_slide swiper-slide\"><figure><img data-recalc-dims=\"1\" loading=\"lazy\" decoding=\"async\" width=\"940\" height=\"627\" alt=\"\" class=\"wp-block-jetpack-slideshow_image wp-image-384\" data-id=\"384\" src=\"https:\/\/i0.wp.com\/le.nomade.sylvainperrierfotografi.com\/wp-content\/uploads\/2024\/05\/Balcon-2.jpg?resize=940%2C627&#038;ssl=1\" srcset=\"https:\/\/i0.wp.com\/le.nomade.sylvainperrierfotografi.com\/wp-content\/uploads\/2024\/05\/Balcon-2.jpg?w=2500&amp;ssl=1 2500w, https:\/\/i0.wp.com\/le.nomade.sylvainperrierfotografi.com\/wp-content\/uploads\/2024\/05\/Balcon-2.jpg?resize=300%2C200&amp;ssl=1 300w, https:\/\/i0.wp.com\/le.nomade.sylvainperrierfotografi.com\/wp-content\/uploads\/2024\/05\/Balcon-2.jpg?resize=1024%2C683&amp;ssl=1 1024w, https:\/\/i0.wp.com\/le.nomade.sylvainperrierfotografi.com\/wp-content\/uploads\/2024\/05\/Balcon-2.jpg?resize=768%2C512&amp;ssl=1 768w, https:\/\/i0.wp.com\/le.nomade.sylvainperrierfotografi.com\/wp-content\/uploads\/2024\/05\/Balcon-2.jpg?resize=1536%2C1024&amp;ssl=1 1536w, https:\/\/i0.wp.com\/le.nomade.sylvainperrierfotografi.com\/wp-content\/uploads\/2024\/05\/Balcon-2.jpg?resize=2048%2C1366&amp;ssl=1 2048w, https:\/\/i0.wp.com\/le.nomade.sylvainperrierfotografi.com\/wp-content\/uploads\/2024\/05\/Balcon-2.jpg?resize=18%2C12&amp;ssl=1 18w, https:\/\/i0.wp.com\/le.nomade.sylvainperrierfotografi.com\/wp-content\/uploads\/2024\/05\/Balcon-2.jpg?resize=450%2C300&amp;ssl=1 450w, https:\/\/i0.wp.com\/le.nomade.sylvainperrierfotografi.com\/wp-content\/uploads\/2024\/05\/Balcon-2.jpg?resize=1200%2C800&amp;ssl=1 1200w, https:\/\/i0.wp.com\/le.nomade.sylvainperrierfotografi.com\/wp-content\/uploads\/2024\/05\/Balcon-2.jpg?w=1880&amp;ssl=1 1880w\" sizes=\"(max-width: 940px) 100vw, 940px\" \/><\/figure><\/li><li class=\"wp-block-jetpack-slideshow_slide swiper-slide\"><figure><img data-recalc-dims=\"1\" loading=\"lazy\" decoding=\"async\" width=\"940\" height=\"1477\" alt=\"\" class=\"wp-block-jetpack-slideshow_image wp-image-387\" data-id=\"387\" src=\"https:\/\/i0.wp.com\/le.nomade.sylvainperrierfotografi.com\/wp-content\/uploads\/2024\/05\/Capitol.jpg?resize=940%2C1477&#038;ssl=1\" srcset=\"https:\/\/i0.wp.com\/le.nomade.sylvainperrierfotografi.com\/wp-content\/uploads\/2024\/05\/Capitol.jpg?w=1591&amp;ssl=1 1591w, https:\/\/i0.wp.com\/le.nomade.sylvainperrierfotografi.com\/wp-content\/uploads\/2024\/05\/Capitol.jpg?resize=191%2C300&amp;ssl=1 191w, https:\/\/i0.wp.com\/le.nomade.sylvainperrierfotografi.com\/wp-content\/uploads\/2024\/05\/Capitol.jpg?resize=652%2C1024&amp;ssl=1 652w, https:\/\/i0.wp.com\/le.nomade.sylvainperrierfotografi.com\/wp-content\/uploads\/2024\/05\/Capitol.jpg?resize=768%2C1207&amp;ssl=1 768w, https:\/\/i0.wp.com\/le.nomade.sylvainperrierfotografi.com\/wp-content\/uploads\/2024\/05\/Capitol.jpg?resize=978%2C1536&amp;ssl=1 978w, https:\/\/i0.wp.com\/le.nomade.sylvainperrierfotografi.com\/wp-content\/uploads\/2024\/05\/Capitol.jpg?resize=1303%2C2048&amp;ssl=1 1303w, https:\/\/i0.wp.com\/le.nomade.sylvainperrierfotografi.com\/wp-content\/uploads\/2024\/05\/Capitol.jpg?resize=8%2C12&amp;ssl=1 8w, https:\/\/i0.wp.com\/le.nomade.sylvainperrierfotografi.com\/wp-content\/uploads\/2024\/05\/Capitol.jpg?resize=450%2C707&amp;ssl=1 450w, https:\/\/i0.wp.com\/le.nomade.sylvainperrierfotografi.com\/wp-content\/uploads\/2024\/05\/Capitol.jpg?resize=509%2C800&amp;ssl=1 509w\" sizes=\"(max-width: 940px) 100vw, 940px\" \/><\/figure><\/li><li class=\"wp-block-jetpack-slideshow_slide swiper-slide\"><figure><img data-recalc-dims=\"1\" loading=\"lazy\" decoding=\"async\" width=\"940\" height=\"627\" alt=\"\" class=\"wp-block-jetpack-slideshow_image wp-image-382\" data-id=\"382\" src=\"https:\/\/i0.wp.com\/le.nomade.sylvainperrierfotografi.com\/wp-content\/uploads\/2024\/05\/Corde-a-linge.jpg?resize=940%2C627&#038;ssl=1\" srcset=\"https:\/\/i0.wp.com\/le.nomade.sylvainperrierfotografi.com\/wp-content\/uploads\/2024\/05\/Corde-a-linge.jpg?w=2500&amp;ssl=1 2500w, https:\/\/i0.wp.com\/le.nomade.sylvainperrierfotografi.com\/wp-content\/uploads\/2024\/05\/Corde-a-linge.jpg?resize=300%2C200&amp;ssl=1 300w, https:\/\/i0.wp.com\/le.nomade.sylvainperrierfotografi.com\/wp-content\/uploads\/2024\/05\/Corde-a-linge.jpg?resize=1024%2C683&amp;ssl=1 1024w, https:\/\/i0.wp.com\/le.nomade.sylvainperrierfotografi.com\/wp-content\/uploads\/2024\/05\/Corde-a-linge.jpg?resize=768%2C512&amp;ssl=1 768w, https:\/\/i0.wp.com\/le.nomade.sylvainperrierfotografi.com\/wp-content\/uploads\/2024\/05\/Corde-a-linge.jpg?resize=1536%2C1024&amp;ssl=1 1536w, https:\/\/i0.wp.com\/le.nomade.sylvainperrierfotografi.com\/wp-content\/uploads\/2024\/05\/Corde-a-linge.jpg?resize=2048%2C1366&amp;ssl=1 2048w, https:\/\/i0.wp.com\/le.nomade.sylvainperrierfotografi.com\/wp-content\/uploads\/2024\/05\/Corde-a-linge.jpg?resize=18%2C12&amp;ssl=1 18w, https:\/\/i0.wp.com\/le.nomade.sylvainperrierfotografi.com\/wp-content\/uploads\/2024\/05\/Corde-a-linge.jpg?resize=450%2C300&amp;ssl=1 450w, https:\/\/i0.wp.com\/le.nomade.sylvainperrierfotografi.com\/wp-content\/uploads\/2024\/05\/Corde-a-linge.jpg?resize=1200%2C800&amp;ssl=1 1200w, https:\/\/i0.wp.com\/le.nomade.sylvainperrierfotografi.com\/wp-content\/uploads\/2024\/05\/Corde-a-linge.jpg?w=1880&amp;ssl=1 1880w\" sizes=\"(max-width: 940px) 100vw, 940px\" \/><\/figure><\/li><li class=\"wp-block-jetpack-slideshow_slide swiper-slide\"><figure><img data-recalc-dims=\"1\" loading=\"lazy\" decoding=\"async\" width=\"940\" height=\"624\" alt=\"\" class=\"wp-block-jetpack-slideshow_image wp-image-385\" data-id=\"385\" src=\"https:\/\/i0.wp.com\/le.nomade.sylvainperrierfotografi.com\/wp-content\/uploads\/2024\/05\/Batisse.jpg?resize=940%2C624&#038;ssl=1\" srcset=\"https:\/\/i0.wp.com\/le.nomade.sylvainperrierfotografi.com\/wp-content\/uploads\/2024\/05\/Batisse.jpg?w=2500&amp;ssl=1 2500w, https:\/\/i0.wp.com\/le.nomade.sylvainperrierfotografi.com\/wp-content\/uploads\/2024\/05\/Batisse.jpg?resize=300%2C199&amp;ssl=1 300w, https:\/\/i0.wp.com\/le.nomade.sylvainperrierfotografi.com\/wp-content\/uploads\/2024\/05\/Batisse.jpg?resize=1024%2C680&amp;ssl=1 1024w, https:\/\/i0.wp.com\/le.nomade.sylvainperrierfotografi.com\/wp-content\/uploads\/2024\/05\/Batisse.jpg?resize=768%2C510&amp;ssl=1 768w, https:\/\/i0.wp.com\/le.nomade.sylvainperrierfotografi.com\/wp-content\/uploads\/2024\/05\/Batisse.jpg?resize=1536%2C1020&amp;ssl=1 1536w, https:\/\/i0.wp.com\/le.nomade.sylvainperrierfotografi.com\/wp-content\/uploads\/2024\/05\/Batisse.jpg?resize=2048%2C1360&amp;ssl=1 2048w, https:\/\/i0.wp.com\/le.nomade.sylvainperrierfotografi.com\/wp-content\/uploads\/2024\/05\/Batisse.jpg?resize=18%2C12&amp;ssl=1 18w, https:\/\/i0.wp.com\/le.nomade.sylvainperrierfotografi.com\/wp-content\/uploads\/2024\/05\/Batisse.jpg?resize=450%2C299&amp;ssl=1 450w, https:\/\/i0.wp.com\/le.nomade.sylvainperrierfotografi.com\/wp-content\/uploads\/2024\/05\/Batisse.jpg?resize=1205%2C800&amp;ssl=1 1205w, https:\/\/i0.wp.com\/le.nomade.sylvainperrierfotografi.com\/wp-content\/uploads\/2024\/05\/Batisse.jpg?w=1880&amp;ssl=1 1880w\" sizes=\"(max-width: 940px) 100vw, 940px\" \/><\/figure><\/li><li class=\"wp-block-jetpack-slideshow_slide swiper-slide\"><figure><img data-recalc-dims=\"1\" loading=\"lazy\" decoding=\"async\" width=\"940\" height=\"627\" alt=\"\" class=\"wp-block-jetpack-slideshow_image wp-image-389\" data-id=\"389\" src=\"https:\/\/i0.wp.com\/le.nomade.sylvainperrierfotografi.com\/wp-content\/uploads\/2024\/05\/Corde-a-linge-2.jpg?resize=940%2C627&#038;ssl=1\" srcset=\"https:\/\/i0.wp.com\/le.nomade.sylvainperrierfotografi.com\/wp-content\/uploads\/2024\/05\/Corde-a-linge-2.jpg?w=2500&amp;ssl=1 2500w, https:\/\/i0.wp.com\/le.nomade.sylvainperrierfotografi.com\/wp-content\/uploads\/2024\/05\/Corde-a-linge-2.jpg?resize=300%2C200&amp;ssl=1 300w, https:\/\/i0.wp.com\/le.nomade.sylvainperrierfotografi.com\/wp-content\/uploads\/2024\/05\/Corde-a-linge-2.jpg?resize=1024%2C683&amp;ssl=1 1024w, https:\/\/i0.wp.com\/le.nomade.sylvainperrierfotografi.com\/wp-content\/uploads\/2024\/05\/Corde-a-linge-2.jpg?resize=768%2C512&amp;ssl=1 768w, https:\/\/i0.wp.com\/le.nomade.sylvainperrierfotografi.com\/wp-content\/uploads\/2024\/05\/Corde-a-linge-2.jpg?resize=1536%2C1024&amp;ssl=1 1536w, https:\/\/i0.wp.com\/le.nomade.sylvainperrierfotografi.com\/wp-content\/uploads\/2024\/05\/Corde-a-linge-2.jpg?resize=2048%2C1366&amp;ssl=1 2048w, https:\/\/i0.wp.com\/le.nomade.sylvainperrierfotografi.com\/wp-content\/uploads\/2024\/05\/Corde-a-linge-2.jpg?resize=18%2C12&amp;ssl=1 18w, https:\/\/i0.wp.com\/le.nomade.sylvainperrierfotografi.com\/wp-content\/uploads\/2024\/05\/Corde-a-linge-2.jpg?resize=450%2C300&amp;ssl=1 450w, https:\/\/i0.wp.com\/le.nomade.sylvainperrierfotografi.com\/wp-content\/uploads\/2024\/05\/Corde-a-linge-2.jpg?resize=1200%2C800&amp;ssl=1 1200w, https:\/\/i0.wp.com\/le.nomade.sylvainperrierfotografi.com\/wp-content\/uploads\/2024\/05\/Corde-a-linge-2.jpg?w=1880&amp;ssl=1 1880w\" sizes=\"(max-width: 940px) 100vw, 940px\" \/><figcaption class=\"wp-block-jetpack-slideshow_caption gallery-caption\">La Vie dans les Rues de La Havane<\/figcaption><\/figure><\/li><\/ul><a class=\"wp-block-jetpack-slideshow_button-prev swiper-button-prev swiper-button-white\" role=\"button\"><\/a><a class=\"wp-block-jetpack-slideshow_button-next swiper-button-next swiper-button-white\" role=\"button\"><\/a><a aria-label=\"Pause Slideshow\" class=\"wp-block-jetpack-slideshow_button-pause\" role=\"button\"><\/a><div class=\"wp-block-jetpack-slideshow_pagination swiper-pagination swiper-pagination-white\"><\/div><\/div><\/div>\n\n\n\n<p class=\"\">Je suis ravi de partager ces images et ces histoires avec vous, et j&#8217;esp\u00e8re que vous appr\u00e9cierez cette plong\u00e9e dans la vie quotidienne de La Havane. Bient\u00f4t, une galerie d&#8217;images avec 21 autres photos viendra compl\u00e9ter cette collection, offrant encore plus de perspectives sur cette ville incroyable. Restez \u00e0 l&#8217;aff\u00fbt pour d\u00e9couvrir ces nouvelles images et continuer \u00e0 explorer La Havane \u00e0 travers mon objectif.<\/p>\n\n\n\n<div class=\"wp-block-jetpack-slideshow aligncenter\" data-autoplay=\"true\" data-delay=\"3\" data-effect=\"slide\"><div class=\"wp-block-jetpack-slideshow_container swiper-container\"><ul class=\"wp-block-jetpack-slideshow_swiper-wrapper swiper-wrapper\"><li class=\"wp-block-jetpack-slideshow_slide swiper-slide\"><figure><img data-recalc-dims=\"1\" loading=\"lazy\" decoding=\"async\" width=\"940\" height=\"690\" alt=\"\" class=\"wp-block-jetpack-slideshow_image wp-image-390\" data-id=\"390\" src=\"https:\/\/i0.wp.com\/le.nomade.sylvainperrierfotografi.com\/wp-content\/uploads\/2024\/05\/Corde-a-linge-3.jpg?resize=940%2C690&#038;ssl=1\" srcset=\"https:\/\/i0.wp.com\/le.nomade.sylvainperrierfotografi.com\/wp-content\/uploads\/2024\/05\/Corde-a-linge-3.jpg?w=2500&amp;ssl=1 2500w, https:\/\/i0.wp.com\/le.nomade.sylvainperrierfotografi.com\/wp-content\/uploads\/2024\/05\/Corde-a-linge-3.jpg?resize=300%2C220&amp;ssl=1 300w, https:\/\/i0.wp.com\/le.nomade.sylvainperrierfotografi.com\/wp-content\/uploads\/2024\/05\/Corde-a-linge-3.jpg?resize=1024%2C752&amp;ssl=1 1024w, https:\/\/i0.wp.com\/le.nomade.sylvainperrierfotografi.com\/wp-content\/uploads\/2024\/05\/Corde-a-linge-3.jpg?resize=768%2C564&amp;ssl=1 768w, https:\/\/i0.wp.com\/le.nomade.sylvainperrierfotografi.com\/wp-content\/uploads\/2024\/05\/Corde-a-linge-3.jpg?resize=1536%2C1128&amp;ssl=1 1536w, https:\/\/i0.wp.com\/le.nomade.sylvainperrierfotografi.com\/wp-content\/uploads\/2024\/05\/Corde-a-linge-3.jpg?resize=2048%2C1504&amp;ssl=1 2048w, https:\/\/i0.wp.com\/le.nomade.sylvainperrierfotografi.com\/wp-content\/uploads\/2024\/05\/Corde-a-linge-3.jpg?resize=16%2C12&amp;ssl=1 16w, https:\/\/i0.wp.com\/le.nomade.sylvainperrierfotografi.com\/wp-content\/uploads\/2024\/05\/Corde-a-linge-3.jpg?resize=450%2C330&amp;ssl=1 450w, https:\/\/i0.wp.com\/le.nomade.sylvainperrierfotografi.com\/wp-content\/uploads\/2024\/05\/Corde-a-linge-3.jpg?resize=1089%2C800&amp;ssl=1 1089w, https:\/\/i0.wp.com\/le.nomade.sylvainperrierfotografi.com\/wp-content\/uploads\/2024\/05\/Corde-a-linge-3.jpg?w=1880&amp;ssl=1 1880w\" sizes=\"(max-width: 940px) 100vw, 940px\" \/><\/figure><\/li><li class=\"wp-block-jetpack-slideshow_slide swiper-slide\"><figure><img data-recalc-dims=\"1\" loading=\"lazy\" decoding=\"async\" width=\"940\" height=\"627\" alt=\"\" class=\"wp-block-jetpack-slideshow_image wp-image-391\" data-id=\"391\" src=\"https:\/\/i0.wp.com\/le.nomade.sylvainperrierfotografi.com\/wp-content\/uploads\/2024\/05\/Corde-a-linge-4.jpg?resize=940%2C627&#038;ssl=1\" srcset=\"https:\/\/i0.wp.com\/le.nomade.sylvainperrierfotografi.com\/wp-content\/uploads\/2024\/05\/Corde-a-linge-4.jpg?w=2500&amp;ssl=1 2500w, https:\/\/i0.wp.com\/le.nomade.sylvainperrierfotografi.com\/wp-content\/uploads\/2024\/05\/Corde-a-linge-4.jpg?resize=300%2C200&amp;ssl=1 300w, https:\/\/i0.wp.com\/le.nomade.sylvainperrierfotografi.com\/wp-content\/uploads\/2024\/05\/Corde-a-linge-4.jpg?resize=1024%2C683&amp;ssl=1 1024w, https:\/\/i0.wp.com\/le.nomade.sylvainperrierfotografi.com\/wp-content\/uploads\/2024\/05\/Corde-a-linge-4.jpg?resize=768%2C512&amp;ssl=1 768w, https:\/\/i0.wp.com\/le.nomade.sylvainperrierfotografi.com\/wp-content\/uploads\/2024\/05\/Corde-a-linge-4.jpg?resize=1536%2C1024&amp;ssl=1 1536w, https:\/\/i0.wp.com\/le.nomade.sylvainperrierfotografi.com\/wp-content\/uploads\/2024\/05\/Corde-a-linge-4.jpg?resize=2048%2C1366&amp;ssl=1 2048w, https:\/\/i0.wp.com\/le.nomade.sylvainperrierfotografi.com\/wp-content\/uploads\/2024\/05\/Corde-a-linge-4.jpg?resize=18%2C12&amp;ssl=1 18w, https:\/\/i0.wp.com\/le.nomade.sylvainperrierfotografi.com\/wp-content\/uploads\/2024\/05\/Corde-a-linge-4.jpg?resize=450%2C300&amp;ssl=1 450w, https:\/\/i0.wp.com\/le.nomade.sylvainperrierfotografi.com\/wp-content\/uploads\/2024\/05\/Corde-a-linge-4.jpg?resize=1200%2C800&amp;ssl=1 1200w, https:\/\/i0.wp.com\/le.nomade.sylvainperrierfotografi.com\/wp-content\/uploads\/2024\/05\/Corde-a-linge-4.jpg?w=1880&amp;ssl=1 1880w\" sizes=\"(max-width: 940px) 100vw, 940px\" \/><\/figure><\/li><li class=\"wp-block-jetpack-slideshow_slide swiper-slide\"><figure><img data-recalc-dims=\"1\" loading=\"lazy\" decoding=\"async\" width=\"940\" height=\"624\" alt=\"\" class=\"wp-block-jetpack-slideshow_image wp-image-392\" data-id=\"392\" src=\"https:\/\/i0.wp.com\/le.nomade.sylvainperrierfotografi.com\/wp-content\/uploads\/2024\/05\/Cuba-Havane-2.jpg?resize=940%2C624&#038;ssl=1\" srcset=\"https:\/\/i0.wp.com\/le.nomade.sylvainperrierfotografi.com\/wp-content\/uploads\/2024\/05\/Cuba-Havane-2.jpg?w=2500&amp;ssl=1 2500w, https:\/\/i0.wp.com\/le.nomade.sylvainperrierfotografi.com\/wp-content\/uploads\/2024\/05\/Cuba-Havane-2.jpg?resize=300%2C199&amp;ssl=1 300w, https:\/\/i0.wp.com\/le.nomade.sylvainperrierfotografi.com\/wp-content\/uploads\/2024\/05\/Cuba-Havane-2.jpg?resize=1024%2C680&amp;ssl=1 1024w, https:\/\/i0.wp.com\/le.nomade.sylvainperrierfotografi.com\/wp-content\/uploads\/2024\/05\/Cuba-Havane-2.jpg?resize=768%2C510&amp;ssl=1 768w, https:\/\/i0.wp.com\/le.nomade.sylvainperrierfotografi.com\/wp-content\/uploads\/2024\/05\/Cuba-Havane-2.jpg?resize=1536%2C1020&amp;ssl=1 1536w, https:\/\/i0.wp.com\/le.nomade.sylvainperrierfotografi.com\/wp-content\/uploads\/2024\/05\/Cuba-Havane-2.jpg?resize=2048%2C1360&amp;ssl=1 2048w, https:\/\/i0.wp.com\/le.nomade.sylvainperrierfotografi.com\/wp-content\/uploads\/2024\/05\/Cuba-Havane-2.jpg?resize=18%2C12&amp;ssl=1 18w, https:\/\/i0.wp.com\/le.nomade.sylvainperrierfotografi.com\/wp-content\/uploads\/2024\/05\/Cuba-Havane-2.jpg?resize=450%2C299&amp;ssl=1 450w, https:\/\/i0.wp.com\/le.nomade.sylvainperrierfotografi.com\/wp-content\/uploads\/2024\/05\/Cuba-Havane-2.jpg?resize=1205%2C800&amp;ssl=1 1205w, https:\/\/i0.wp.com\/le.nomade.sylvainperrierfotografi.com\/wp-content\/uploads\/2024\/05\/Cuba-Havane-2.jpg?w=1880&amp;ssl=1 1880w\" sizes=\"(max-width: 940px) 100vw, 940px\" \/><\/figure><\/li><li class=\"wp-block-jetpack-slideshow_slide swiper-slide\"><figure><img data-recalc-dims=\"1\" loading=\"lazy\" decoding=\"async\" width=\"940\" height=\"1416\" alt=\"\" class=\"wp-block-jetpack-slideshow_image wp-image-393\" data-id=\"393\" src=\"https:\/\/i0.wp.com\/le.nomade.sylvainperrierfotografi.com\/wp-content\/uploads\/2024\/05\/Cuba-Havane-4.jpg?resize=940%2C1416&#038;ssl=1\" srcset=\"https:\/\/i0.wp.com\/le.nomade.sylvainperrierfotografi.com\/wp-content\/uploads\/2024\/05\/Cuba-Havane-4.jpg?w=1660&amp;ssl=1 1660w, https:\/\/i0.wp.com\/le.nomade.sylvainperrierfotografi.com\/wp-content\/uploads\/2024\/05\/Cuba-Havane-4.jpg?resize=199%2C300&amp;ssl=1 199w, https:\/\/i0.wp.com\/le.nomade.sylvainperrierfotografi.com\/wp-content\/uploads\/2024\/05\/Cuba-Havane-4.jpg?resize=680%2C1024&amp;ssl=1 680w, https:\/\/i0.wp.com\/le.nomade.sylvainperrierfotografi.com\/wp-content\/uploads\/2024\/05\/Cuba-Havane-4.jpg?resize=768%2C1157&amp;ssl=1 768w, https:\/\/i0.wp.com\/le.nomade.sylvainperrierfotografi.com\/wp-content\/uploads\/2024\/05\/Cuba-Havane-4.jpg?resize=1020%2C1536&amp;ssl=1 1020w, https:\/\/i0.wp.com\/le.nomade.sylvainperrierfotografi.com\/wp-content\/uploads\/2024\/05\/Cuba-Havane-4.jpg?resize=1360%2C2048&amp;ssl=1 1360w, https:\/\/i0.wp.com\/le.nomade.sylvainperrierfotografi.com\/wp-content\/uploads\/2024\/05\/Cuba-Havane-4.jpg?resize=8%2C12&amp;ssl=1 8w, https:\/\/i0.wp.com\/le.nomade.sylvainperrierfotografi.com\/wp-content\/uploads\/2024\/05\/Cuba-Havane-4.jpg?resize=450%2C678&amp;ssl=1 450w, https:\/\/i0.wp.com\/le.nomade.sylvainperrierfotografi.com\/wp-content\/uploads\/2024\/05\/Cuba-Havane-4.jpg?resize=531%2C800&amp;ssl=1 531w\" sizes=\"(max-width: 940px) 100vw, 940px\" \/><\/figure><\/li><li class=\"wp-block-jetpack-slideshow_slide swiper-slide\"><figure><img data-recalc-dims=\"1\" loading=\"lazy\" decoding=\"async\" width=\"940\" height=\"625\" alt=\"\" class=\"wp-block-jetpack-slideshow_image wp-image-394\" data-id=\"394\" src=\"https:\/\/i0.wp.com\/le.nomade.sylvainperrierfotografi.com\/wp-content\/uploads\/2024\/05\/Cuba-Havane-7.jpg?resize=940%2C625&#038;ssl=1\" srcset=\"https:\/\/i0.wp.com\/le.nomade.sylvainperrierfotografi.com\/wp-content\/uploads\/2024\/05\/Cuba-Havane-7.jpg?w=2500&amp;ssl=1 2500w, https:\/\/i0.wp.com\/le.nomade.sylvainperrierfotografi.com\/wp-content\/uploads\/2024\/05\/Cuba-Havane-7.jpg?resize=300%2C199&amp;ssl=1 300w, https:\/\/i0.wp.com\/le.nomade.sylvainperrierfotografi.com\/wp-content\/uploads\/2024\/05\/Cuba-Havane-7.jpg?resize=1024%2C680&amp;ssl=1 1024w, https:\/\/i0.wp.com\/le.nomade.sylvainperrierfotografi.com\/wp-content\/uploads\/2024\/05\/Cuba-Havane-7.jpg?resize=768%2C510&amp;ssl=1 768w, https:\/\/i0.wp.com\/le.nomade.sylvainperrierfotografi.com\/wp-content\/uploads\/2024\/05\/Cuba-Havane-7.jpg?resize=1536%2C1021&amp;ssl=1 1536w, https:\/\/i0.wp.com\/le.nomade.sylvainperrierfotografi.com\/wp-content\/uploads\/2024\/05\/Cuba-Havane-7.jpg?resize=2048%2C1361&amp;ssl=1 2048w, https:\/\/i0.wp.com\/le.nomade.sylvainperrierfotografi.com\/wp-content\/uploads\/2024\/05\/Cuba-Havane-7.jpg?resize=18%2C12&amp;ssl=1 18w, https:\/\/i0.wp.com\/le.nomade.sylvainperrierfotografi.com\/wp-content\/uploads\/2024\/05\/Cuba-Havane-7.jpg?resize=450%2C299&amp;ssl=1 450w, https:\/\/i0.wp.com\/le.nomade.sylvainperrierfotografi.com\/wp-content\/uploads\/2024\/05\/Cuba-Havane-7.jpg?resize=1204%2C800&amp;ssl=1 1204w, https:\/\/i0.wp.com\/le.nomade.sylvainperrierfotografi.com\/wp-content\/uploads\/2024\/05\/Cuba-Havane-7.jpg?w=1880&amp;ssl=1 1880w\" sizes=\"(max-width: 940px) 100vw, 940px\" \/><\/figure><\/li><li class=\"wp-block-jetpack-slideshow_slide swiper-slide\"><figure><img data-recalc-dims=\"1\" loading=\"lazy\" decoding=\"async\" width=\"940\" height=\"1217\" alt=\"\" class=\"wp-block-jetpack-slideshow_image wp-image-395\" data-id=\"395\" src=\"https:\/\/i0.wp.com\/le.nomade.sylvainperrierfotografi.com\/wp-content\/uploads\/2024\/05\/Cuba-Havane-9.jpg?resize=940%2C1217&#038;ssl=1\" srcset=\"https:\/\/i0.wp.com\/le.nomade.sylvainperrierfotografi.com\/wp-content\/uploads\/2024\/05\/Cuba-Havane-9.jpg?w=1931&amp;ssl=1 1931w, https:\/\/i0.wp.com\/le.nomade.sylvainperrierfotografi.com\/wp-content\/uploads\/2024\/05\/Cuba-Havane-9.jpg?resize=232%2C300&amp;ssl=1 232w, https:\/\/i0.wp.com\/le.nomade.sylvainperrierfotografi.com\/wp-content\/uploads\/2024\/05\/Cuba-Havane-9.jpg?resize=791%2C1024&amp;ssl=1 791w, https:\/\/i0.wp.com\/le.nomade.sylvainperrierfotografi.com\/wp-content\/uploads\/2024\/05\/Cuba-Havane-9.jpg?resize=768%2C994&amp;ssl=1 768w, https:\/\/i0.wp.com\/le.nomade.sylvainperrierfotografi.com\/wp-content\/uploads\/2024\/05\/Cuba-Havane-9.jpg?resize=1186%2C1536&amp;ssl=1 1186w, https:\/\/i0.wp.com\/le.nomade.sylvainperrierfotografi.com\/wp-content\/uploads\/2024\/05\/Cuba-Havane-9.jpg?resize=1582%2C2048&amp;ssl=1 1582w, https:\/\/i0.wp.com\/le.nomade.sylvainperrierfotografi.com\/wp-content\/uploads\/2024\/05\/Cuba-Havane-9.jpg?resize=9%2C12&amp;ssl=1 9w, https:\/\/i0.wp.com\/le.nomade.sylvainperrierfotografi.com\/wp-content\/uploads\/2024\/05\/Cuba-Havane-9.jpg?resize=450%2C583&amp;ssl=1 450w, https:\/\/i0.wp.com\/le.nomade.sylvainperrierfotografi.com\/wp-content\/uploads\/2024\/05\/Cuba-Havane-9.jpg?resize=618%2C800&amp;ssl=1 618w, https:\/\/i0.wp.com\/le.nomade.sylvainperrierfotografi.com\/wp-content\/uploads\/2024\/05\/Cuba-Havane-9.jpg?w=1880&amp;ssl=1 1880w\" sizes=\"(max-width: 940px) 100vw, 940px\" \/><\/figure><\/li><li class=\"wp-block-jetpack-slideshow_slide swiper-slide\"><figure><img data-recalc-dims=\"1\" loading=\"lazy\" decoding=\"async\" width=\"940\" height=\"624\" alt=\"\" class=\"wp-block-jetpack-slideshow_image wp-image-396\" data-id=\"396\" src=\"https:\/\/i0.wp.com\/le.nomade.sylvainperrierfotografi.com\/wp-content\/uploads\/2024\/05\/Cuba-Havane-12.jpg?resize=940%2C624&#038;ssl=1\" srcset=\"https:\/\/i0.wp.com\/le.nomade.sylvainperrierfotografi.com\/wp-content\/uploads\/2024\/05\/Cuba-Havane-12.jpg?w=2500&amp;ssl=1 2500w, https:\/\/i0.wp.com\/le.nomade.sylvainperrierfotografi.com\/wp-content\/uploads\/2024\/05\/Cuba-Havane-12.jpg?resize=300%2C199&amp;ssl=1 300w, https:\/\/i0.wp.com\/le.nomade.sylvainperrierfotografi.com\/wp-content\/uploads\/2024\/05\/Cuba-Havane-12.jpg?resize=1024%2C680&amp;ssl=1 1024w, https:\/\/i0.wp.com\/le.nomade.sylvainperrierfotografi.com\/wp-content\/uploads\/2024\/05\/Cuba-Havane-12.jpg?resize=768%2C510&amp;ssl=1 768w, https:\/\/i0.wp.com\/le.nomade.sylvainperrierfotografi.com\/wp-content\/uploads\/2024\/05\/Cuba-Havane-12.jpg?resize=1536%2C1020&amp;ssl=1 1536w, https:\/\/i0.wp.com\/le.nomade.sylvainperrierfotografi.com\/wp-content\/uploads\/2024\/05\/Cuba-Havane-12.jpg?resize=2048%2C1360&amp;ssl=1 2048w, https:\/\/i0.wp.com\/le.nomade.sylvainperrierfotografi.com\/wp-content\/uploads\/2024\/05\/Cuba-Havane-12.jpg?resize=18%2C12&amp;ssl=1 18w, https:\/\/i0.wp.com\/le.nomade.sylvainperrierfotografi.com\/wp-content\/uploads\/2024\/05\/Cuba-Havane-12.jpg?resize=450%2C299&amp;ssl=1 450w, https:\/\/i0.wp.com\/le.nomade.sylvainperrierfotografi.com\/wp-content\/uploads\/2024\/05\/Cuba-Havane-12.jpg?resize=1205%2C800&amp;ssl=1 1205w, https:\/\/i0.wp.com\/le.nomade.sylvainperrierfotografi.com\/wp-content\/uploads\/2024\/05\/Cuba-Havane-12.jpg?w=1880&amp;ssl=1 1880w\" sizes=\"(max-width: 940px) 100vw, 940px\" \/><\/figure><\/li><li class=\"wp-block-jetpack-slideshow_slide swiper-slide\"><figure><img data-recalc-dims=\"1\" loading=\"lazy\" decoding=\"async\" width=\"940\" height=\"755\" alt=\"\" class=\"wp-block-jetpack-slideshow_image wp-image-397\" data-id=\"397\" src=\"https:\/\/i0.wp.com\/le.nomade.sylvainperrierfotografi.com\/wp-content\/uploads\/2024\/05\/Cuba-Havane-13.jpg?resize=940%2C755&#038;ssl=1\" srcset=\"https:\/\/i0.wp.com\/le.nomade.sylvainperrierfotografi.com\/wp-content\/uploads\/2024\/05\/Cuba-Havane-13.jpg?w=2500&amp;ssl=1 2500w, https:\/\/i0.wp.com\/le.nomade.sylvainperrierfotografi.com\/wp-content\/uploads\/2024\/05\/Cuba-Havane-13.jpg?resize=300%2C241&amp;ssl=1 300w, https:\/\/i0.wp.com\/le.nomade.sylvainperrierfotografi.com\/wp-content\/uploads\/2024\/05\/Cuba-Havane-13.jpg?resize=1024%2C822&amp;ssl=1 1024w, https:\/\/i0.wp.com\/le.nomade.sylvainperrierfotografi.com\/wp-content\/uploads\/2024\/05\/Cuba-Havane-13.jpg?resize=768%2C617&amp;ssl=1 768w, https:\/\/i0.wp.com\/le.nomade.sylvainperrierfotografi.com\/wp-content\/uploads\/2024\/05\/Cuba-Havane-13.jpg?resize=1536%2C1234&amp;ssl=1 1536w, https:\/\/i0.wp.com\/le.nomade.sylvainperrierfotografi.com\/wp-content\/uploads\/2024\/05\/Cuba-Havane-13.jpg?resize=2048%2C1645&amp;ssl=1 2048w, https:\/\/i0.wp.com\/le.nomade.sylvainperrierfotografi.com\/wp-content\/uploads\/2024\/05\/Cuba-Havane-13.jpg?resize=15%2C12&amp;ssl=1 15w, https:\/\/i0.wp.com\/le.nomade.sylvainperrierfotografi.com\/wp-content\/uploads\/2024\/05\/Cuba-Havane-13.jpg?resize=450%2C361&amp;ssl=1 450w, https:\/\/i0.wp.com\/le.nomade.sylvainperrierfotografi.com\/wp-content\/uploads\/2024\/05\/Cuba-Havane-13.jpg?resize=996%2C800&amp;ssl=1 996w, https:\/\/i0.wp.com\/le.nomade.sylvainperrierfotografi.com\/wp-content\/uploads\/2024\/05\/Cuba-Havane-13.jpg?w=1880&amp;ssl=1 1880w\" sizes=\"(max-width: 940px) 100vw, 940px\" \/><\/figure><\/li><li class=\"wp-block-jetpack-slideshow_slide swiper-slide\"><figure><img data-recalc-dims=\"1\" loading=\"lazy\" decoding=\"async\" width=\"940\" height=\"624\" alt=\"\" class=\"wp-block-jetpack-slideshow_image wp-image-398\" data-id=\"398\" src=\"https:\/\/i0.wp.com\/le.nomade.sylvainperrierfotografi.com\/wp-content\/uploads\/2024\/05\/Cuba-Havane-14.jpg?resize=940%2C624&#038;ssl=1\" srcset=\"https:\/\/i0.wp.com\/le.nomade.sylvainperrierfotografi.com\/wp-content\/uploads\/2024\/05\/Cuba-Havane-14.jpg?w=2500&amp;ssl=1 2500w, https:\/\/i0.wp.com\/le.nomade.sylvainperrierfotografi.com\/wp-content\/uploads\/2024\/05\/Cuba-Havane-14.jpg?resize=300%2C199&amp;ssl=1 300w, https:\/\/i0.wp.com\/le.nomade.sylvainperrierfotografi.com\/wp-content\/uploads\/2024\/05\/Cuba-Havane-14.jpg?resize=1024%2C680&amp;ssl=1 1024w, https:\/\/i0.wp.com\/le.nomade.sylvainperrierfotografi.com\/wp-content\/uploads\/2024\/05\/Cuba-Havane-14.jpg?resize=768%2C510&amp;ssl=1 768w, https:\/\/i0.wp.com\/le.nomade.sylvainperrierfotografi.com\/wp-content\/uploads\/2024\/05\/Cuba-Havane-14.jpg?resize=1536%2C1020&amp;ssl=1 1536w, https:\/\/i0.wp.com\/le.nomade.sylvainperrierfotografi.com\/wp-content\/uploads\/2024\/05\/Cuba-Havane-14.jpg?resize=2048%2C1360&amp;ssl=1 2048w, https:\/\/i0.wp.com\/le.nomade.sylvainperrierfotografi.com\/wp-content\/uploads\/2024\/05\/Cuba-Havane-14.jpg?resize=18%2C12&amp;ssl=1 18w, https:\/\/i0.wp.com\/le.nomade.sylvainperrierfotografi.com\/wp-content\/uploads\/2024\/05\/Cuba-Havane-14.jpg?resize=450%2C299&amp;ssl=1 450w, https:\/\/i0.wp.com\/le.nomade.sylvainperrierfotografi.com\/wp-content\/uploads\/2024\/05\/Cuba-Havane-14.jpg?resize=1205%2C800&amp;ssl=1 1205w, https:\/\/i0.wp.com\/le.nomade.sylvainperrierfotografi.com\/wp-content\/uploads\/2024\/05\/Cuba-Havane-14.jpg?w=1880&amp;ssl=1 1880w\" sizes=\"(max-width: 940px) 100vw, 940px\" \/><\/figure><\/li><li class=\"wp-block-jetpack-slideshow_slide swiper-slide\"><figure><img data-recalc-dims=\"1\" loading=\"lazy\" decoding=\"async\" width=\"940\" height=\"1416\" alt=\"\" class=\"wp-block-jetpack-slideshow_image wp-image-399\" data-id=\"399\" src=\"https:\/\/i0.wp.com\/le.nomade.sylvainperrierfotografi.com\/wp-content\/uploads\/2024\/05\/Cuba-Havane-15.jpg?resize=940%2C1416&#038;ssl=1\" srcset=\"https:\/\/i0.wp.com\/le.nomade.sylvainperrierfotografi.com\/wp-content\/uploads\/2024\/05\/Cuba-Havane-15.jpg?w=1660&amp;ssl=1 1660w, https:\/\/i0.wp.com\/le.nomade.sylvainperrierfotografi.com\/wp-content\/uploads\/2024\/05\/Cuba-Havane-15.jpg?resize=199%2C300&amp;ssl=1 199w, https:\/\/i0.wp.com\/le.nomade.sylvainperrierfotografi.com\/wp-content\/uploads\/2024\/05\/Cuba-Havane-15.jpg?resize=680%2C1024&amp;ssl=1 680w, https:\/\/i0.wp.com\/le.nomade.sylvainperrierfotografi.com\/wp-content\/uploads\/2024\/05\/Cuba-Havane-15.jpg?resize=768%2C1157&amp;ssl=1 768w, https:\/\/i0.wp.com\/le.nomade.sylvainperrierfotografi.com\/wp-content\/uploads\/2024\/05\/Cuba-Havane-15.jpg?resize=1020%2C1536&amp;ssl=1 1020w, https:\/\/i0.wp.com\/le.nomade.sylvainperrierfotografi.com\/wp-content\/uploads\/2024\/05\/Cuba-Havane-15.jpg?resize=1360%2C2048&amp;ssl=1 1360w, https:\/\/i0.wp.com\/le.nomade.sylvainperrierfotografi.com\/wp-content\/uploads\/2024\/05\/Cuba-Havane-15.jpg?resize=8%2C12&amp;ssl=1 8w, https:\/\/i0.wp.com\/le.nomade.sylvainperrierfotografi.com\/wp-content\/uploads\/2024\/05\/Cuba-Havane-15.jpg?resize=450%2C678&amp;ssl=1 450w, https:\/\/i0.wp.com\/le.nomade.sylvainperrierfotografi.com\/wp-content\/uploads\/2024\/05\/Cuba-Havane-15.jpg?resize=531%2C800&amp;ssl=1 531w\" sizes=\"(max-width: 940px) 100vw, 940px\" \/><\/figure><\/li><li class=\"wp-block-jetpack-slideshow_slide swiper-slide\"><figure><img data-recalc-dims=\"1\" loading=\"lazy\" decoding=\"async\" width=\"940\" height=\"624\" alt=\"\" class=\"wp-block-jetpack-slideshow_image wp-image-400\" data-id=\"400\" src=\"https:\/\/i0.wp.com\/le.nomade.sylvainperrierfotografi.com\/wp-content\/uploads\/2024\/05\/Cuba-Havane-17.jpg?resize=940%2C624&#038;ssl=1\" srcset=\"https:\/\/i0.wp.com\/le.nomade.sylvainperrierfotografi.com\/wp-content\/uploads\/2024\/05\/Cuba-Havane-17.jpg?w=2500&amp;ssl=1 2500w, https:\/\/i0.wp.com\/le.nomade.sylvainperrierfotografi.com\/wp-content\/uploads\/2024\/05\/Cuba-Havane-17.jpg?resize=300%2C199&amp;ssl=1 300w, https:\/\/i0.wp.com\/le.nomade.sylvainperrierfotografi.com\/wp-content\/uploads\/2024\/05\/Cuba-Havane-17.jpg?resize=1024%2C680&amp;ssl=1 1024w, https:\/\/i0.wp.com\/le.nomade.sylvainperrierfotografi.com\/wp-content\/uploads\/2024\/05\/Cuba-Havane-17.jpg?resize=768%2C510&amp;ssl=1 768w, https:\/\/i0.wp.com\/le.nomade.sylvainperrierfotografi.com\/wp-content\/uploads\/2024\/05\/Cuba-Havane-17.jpg?resize=1536%2C1020&amp;ssl=1 1536w, https:\/\/i0.wp.com\/le.nomade.sylvainperrierfotografi.com\/wp-content\/uploads\/2024\/05\/Cuba-Havane-17.jpg?resize=2048%2C1360&amp;ssl=1 2048w, https:\/\/i0.wp.com\/le.nomade.sylvainperrierfotografi.com\/wp-content\/uploads\/2024\/05\/Cuba-Havane-17.jpg?resize=18%2C12&amp;ssl=1 18w, https:\/\/i0.wp.com\/le.nomade.sylvainperrierfotografi.com\/wp-content\/uploads\/2024\/05\/Cuba-Havane-17.jpg?resize=450%2C299&amp;ssl=1 450w, https:\/\/i0.wp.com\/le.nomade.sylvainperrierfotografi.com\/wp-content\/uploads\/2024\/05\/Cuba-Havane-17.jpg?resize=1205%2C800&amp;ssl=1 1205w, https:\/\/i0.wp.com\/le.nomade.sylvainperrierfotografi.com\/wp-content\/uploads\/2024\/05\/Cuba-Havane-17.jpg?w=1880&amp;ssl=1 1880w\" sizes=\"(max-width: 940px) 100vw, 940px\" \/><\/figure><\/li><li class=\"wp-block-jetpack-slideshow_slide swiper-slide\"><figure><img data-recalc-dims=\"1\" loading=\"lazy\" decoding=\"async\" width=\"940\" height=\"627\" alt=\"\" class=\"wp-block-jetpack-slideshow_image wp-image-401\" data-id=\"401\" src=\"https:\/\/i0.wp.com\/le.nomade.sylvainperrierfotografi.com\/wp-content\/uploads\/2024\/05\/Hopital.jpg?resize=940%2C627&#038;ssl=1\" srcset=\"https:\/\/i0.wp.com\/le.nomade.sylvainperrierfotografi.com\/wp-content\/uploads\/2024\/05\/Hopital.jpg?w=2500&amp;ssl=1 2500w, https:\/\/i0.wp.com\/le.nomade.sylvainperrierfotografi.com\/wp-content\/uploads\/2024\/05\/Hopital.jpg?resize=300%2C200&amp;ssl=1 300w, https:\/\/i0.wp.com\/le.nomade.sylvainperrierfotografi.com\/wp-content\/uploads\/2024\/05\/Hopital.jpg?resize=1024%2C683&amp;ssl=1 1024w, https:\/\/i0.wp.com\/le.nomade.sylvainperrierfotografi.com\/wp-content\/uploads\/2024\/05\/Hopital.jpg?resize=768%2C512&amp;ssl=1 768w, https:\/\/i0.wp.com\/le.nomade.sylvainperrierfotografi.com\/wp-content\/uploads\/2024\/05\/Hopital.jpg?resize=1536%2C1024&amp;ssl=1 1536w, https:\/\/i0.wp.com\/le.nomade.sylvainperrierfotografi.com\/wp-content\/uploads\/2024\/05\/Hopital.jpg?resize=2048%2C1366&amp;ssl=1 2048w, https:\/\/i0.wp.com\/le.nomade.sylvainperrierfotografi.com\/wp-content\/uploads\/2024\/05\/Hopital.jpg?resize=18%2C12&amp;ssl=1 18w, https:\/\/i0.wp.com\/le.nomade.sylvainperrierfotografi.com\/wp-content\/uploads\/2024\/05\/Hopital.jpg?resize=450%2C300&amp;ssl=1 450w, https:\/\/i0.wp.com\/le.nomade.sylvainperrierfotografi.com\/wp-content\/uploads\/2024\/05\/Hopital.jpg?resize=1200%2C800&amp;ssl=1 1200w, https:\/\/i0.wp.com\/le.nomade.sylvainperrierfotografi.com\/wp-content\/uploads\/2024\/05\/Hopital.jpg?w=1880&amp;ssl=1 1880w\" sizes=\"(max-width: 940px) 100vw, 940px\" \/><\/figure><\/li><li class=\"wp-block-jetpack-slideshow_slide swiper-slide\"><figure><img data-recalc-dims=\"1\" loading=\"lazy\" decoding=\"async\" width=\"940\" height=\"627\" alt=\"\" class=\"wp-block-jetpack-slideshow_image wp-image-402\" data-id=\"402\" src=\"https:\/\/i0.wp.com\/le.nomade.sylvainperrierfotografi.com\/wp-content\/uploads\/2024\/05\/Hopital-2.jpg?resize=940%2C627&#038;ssl=1\" srcset=\"https:\/\/i0.wp.com\/le.nomade.sylvainperrierfotografi.com\/wp-content\/uploads\/2024\/05\/Hopital-2.jpg?w=2500&amp;ssl=1 2500w, https:\/\/i0.wp.com\/le.nomade.sylvainperrierfotografi.com\/wp-content\/uploads\/2024\/05\/Hopital-2.jpg?resize=300%2C200&amp;ssl=1 300w, https:\/\/i0.wp.com\/le.nomade.sylvainperrierfotografi.com\/wp-content\/uploads\/2024\/05\/Hopital-2.jpg?resize=1024%2C683&amp;ssl=1 1024w, https:\/\/i0.wp.com\/le.nomade.sylvainperrierfotografi.com\/wp-content\/uploads\/2024\/05\/Hopital-2.jpg?resize=768%2C512&amp;ssl=1 768w, https:\/\/i0.wp.com\/le.nomade.sylvainperrierfotografi.com\/wp-content\/uploads\/2024\/05\/Hopital-2.jpg?resize=1536%2C1024&amp;ssl=1 1536w, https:\/\/i0.wp.com\/le.nomade.sylvainperrierfotografi.com\/wp-content\/uploads\/2024\/05\/Hopital-2.jpg?resize=2048%2C1366&amp;ssl=1 2048w, https:\/\/i0.wp.com\/le.nomade.sylvainperrierfotografi.com\/wp-content\/uploads\/2024\/05\/Hopital-2.jpg?resize=18%2C12&amp;ssl=1 18w, https:\/\/i0.wp.com\/le.nomade.sylvainperrierfotografi.com\/wp-content\/uploads\/2024\/05\/Hopital-2.jpg?resize=450%2C300&amp;ssl=1 450w, https:\/\/i0.wp.com\/le.nomade.sylvainperrierfotografi.com\/wp-content\/uploads\/2024\/05\/Hopital-2.jpg?resize=1200%2C800&amp;ssl=1 1200w, https:\/\/i0.wp.com\/le.nomade.sylvainperrierfotografi.com\/wp-content\/uploads\/2024\/05\/Hopital-2.jpg?w=1880&amp;ssl=1 1880w\" sizes=\"(max-width: 940px) 100vw, 940px\" \/><\/figure><\/li><li class=\"wp-block-jetpack-slideshow_slide swiper-slide\"><figure><img data-recalc-dims=\"1\" loading=\"lazy\" decoding=\"async\" width=\"940\" height=\"627\" alt=\"\" class=\"wp-block-jetpack-slideshow_image wp-image-403\" data-id=\"403\" src=\"https:\/\/i0.wp.com\/le.nomade.sylvainperrierfotografi.com\/wp-content\/uploads\/2024\/05\/Lampadaire-Havane-2.jpg?resize=940%2C627&#038;ssl=1\" srcset=\"https:\/\/i0.wp.com\/le.nomade.sylvainperrierfotografi.com\/wp-content\/uploads\/2024\/05\/Lampadaire-Havane-2.jpg?w=2500&amp;ssl=1 2500w, https:\/\/i0.wp.com\/le.nomade.sylvainperrierfotografi.com\/wp-content\/uploads\/2024\/05\/Lampadaire-Havane-2.jpg?resize=300%2C200&amp;ssl=1 300w, https:\/\/i0.wp.com\/le.nomade.sylvainperrierfotografi.com\/wp-content\/uploads\/2024\/05\/Lampadaire-Havane-2.jpg?resize=1024%2C683&amp;ssl=1 1024w, https:\/\/i0.wp.com\/le.nomade.sylvainperrierfotografi.com\/wp-content\/uploads\/2024\/05\/Lampadaire-Havane-2.jpg?resize=768%2C512&amp;ssl=1 768w, https:\/\/i0.wp.com\/le.nomade.sylvainperrierfotografi.com\/wp-content\/uploads\/2024\/05\/Lampadaire-Havane-2.jpg?resize=1536%2C1024&amp;ssl=1 1536w, https:\/\/i0.wp.com\/le.nomade.sylvainperrierfotografi.com\/wp-content\/uploads\/2024\/05\/Lampadaire-Havane-2.jpg?resize=2048%2C1366&amp;ssl=1 2048w, https:\/\/i0.wp.com\/le.nomade.sylvainperrierfotografi.com\/wp-content\/uploads\/2024\/05\/Lampadaire-Havane-2.jpg?resize=18%2C12&amp;ssl=1 18w, https:\/\/i0.wp.com\/le.nomade.sylvainperrierfotografi.com\/wp-content\/uploads\/2024\/05\/Lampadaire-Havane-2.jpg?resize=450%2C300&amp;ssl=1 450w, https:\/\/i0.wp.com\/le.nomade.sylvainperrierfotografi.com\/wp-content\/uploads\/2024\/05\/Lampadaire-Havane-2.jpg?resize=1200%2C800&amp;ssl=1 1200w, https:\/\/i0.wp.com\/le.nomade.sylvainperrierfotografi.com\/wp-content\/uploads\/2024\/05\/Lampadaire-Havane-2.jpg?w=1880&amp;ssl=1 1880w\" sizes=\"(max-width: 940px) 100vw, 940px\" \/><\/figure><\/li><li class=\"wp-block-jetpack-slideshow_slide swiper-slide\"><figure><img data-recalc-dims=\"1\" loading=\"lazy\" decoding=\"async\" width=\"940\" height=\"1410\" alt=\"\" class=\"wp-block-jetpack-slideshow_image wp-image-404\" data-id=\"404\" src=\"https:\/\/i0.wp.com\/le.nomade.sylvainperrierfotografi.com\/wp-content\/uploads\/2024\/05\/Legumes.jpg?resize=940%2C1410&#038;ssl=1\" srcset=\"https:\/\/i0.wp.com\/le.nomade.sylvainperrierfotografi.com\/wp-content\/uploads\/2024\/05\/Legumes.jpg?w=1667&amp;ssl=1 1667w, https:\/\/i0.wp.com\/le.nomade.sylvainperrierfotografi.com\/wp-content\/uploads\/2024\/05\/Legumes.jpg?resize=200%2C300&amp;ssl=1 200w, https:\/\/i0.wp.com\/le.nomade.sylvainperrierfotografi.com\/wp-content\/uploads\/2024\/05\/Legumes.jpg?resize=683%2C1024&amp;ssl=1 683w, https:\/\/i0.wp.com\/le.nomade.sylvainperrierfotografi.com\/wp-content\/uploads\/2024\/05\/Legumes.jpg?resize=768%2C1152&amp;ssl=1 768w, https:\/\/i0.wp.com\/le.nomade.sylvainperrierfotografi.com\/wp-content\/uploads\/2024\/05\/Legumes.jpg?resize=1024%2C1536&amp;ssl=1 1024w, https:\/\/i0.wp.com\/le.nomade.sylvainperrierfotografi.com\/wp-content\/uploads\/2024\/05\/Legumes.jpg?resize=1366%2C2048&amp;ssl=1 1366w, https:\/\/i0.wp.com\/le.nomade.sylvainperrierfotografi.com\/wp-content\/uploads\/2024\/05\/Legumes.jpg?resize=8%2C12&amp;ssl=1 8w, https:\/\/i0.wp.com\/le.nomade.sylvainperrierfotografi.com\/wp-content\/uploads\/2024\/05\/Legumes.jpg?resize=450%2C675&amp;ssl=1 450w, https:\/\/i0.wp.com\/le.nomade.sylvainperrierfotografi.com\/wp-content\/uploads\/2024\/05\/Legumes.jpg?resize=533%2C800&amp;ssl=1 533w\" sizes=\"(max-width: 940px) 100vw, 940px\" \/><\/figure><\/li><li class=\"wp-block-jetpack-slideshow_slide swiper-slide\"><figure><img data-recalc-dims=\"1\" loading=\"lazy\" decoding=\"async\" width=\"940\" height=\"425\" alt=\"\" class=\"wp-block-jetpack-slideshow_image wp-image-405\" data-id=\"405\" src=\"https:\/\/i0.wp.com\/le.nomade.sylvainperrierfotografi.com\/wp-content\/uploads\/2024\/05\/Marchand-2.jpg?resize=940%2C425&#038;ssl=1\" srcset=\"https:\/\/i0.wp.com\/le.nomade.sylvainperrierfotografi.com\/wp-content\/uploads\/2024\/05\/Marchand-2.jpg?w=2500&amp;ssl=1 2500w, https:\/\/i0.wp.com\/le.nomade.sylvainperrierfotografi.com\/wp-content\/uploads\/2024\/05\/Marchand-2.jpg?resize=300%2C136&amp;ssl=1 300w, https:\/\/i0.wp.com\/le.nomade.sylvainperrierfotografi.com\/wp-content\/uploads\/2024\/05\/Marchand-2.jpg?resize=1024%2C463&amp;ssl=1 1024w, https:\/\/i0.wp.com\/le.nomade.sylvainperrierfotografi.com\/wp-content\/uploads\/2024\/05\/Marchand-2.jpg?resize=768%2C347&amp;ssl=1 768w, https:\/\/i0.wp.com\/le.nomade.sylvainperrierfotografi.com\/wp-content\/uploads\/2024\/05\/Marchand-2.jpg?resize=1536%2C694&amp;ssl=1 1536w, https:\/\/i0.wp.com\/le.nomade.sylvainperrierfotografi.com\/wp-content\/uploads\/2024\/05\/Marchand-2.jpg?resize=2048%2C926&amp;ssl=1 2048w, https:\/\/i0.wp.com\/le.nomade.sylvainperrierfotografi.com\/wp-content\/uploads\/2024\/05\/Marchand-2.jpg?resize=18%2C8&amp;ssl=1 18w, https:\/\/i0.wp.com\/le.nomade.sylvainperrierfotografi.com\/wp-content\/uploads\/2024\/05\/Marchand-2.jpg?resize=450%2C203&amp;ssl=1 450w, https:\/\/i0.wp.com\/le.nomade.sylvainperrierfotografi.com\/wp-content\/uploads\/2024\/05\/Marchand-2.jpg?resize=1770%2C800&amp;ssl=1 1770w, https:\/\/i0.wp.com\/le.nomade.sylvainperrierfotografi.com\/wp-content\/uploads\/2024\/05\/Marchand-2.jpg?w=1880&amp;ssl=1 1880w\" sizes=\"(max-width: 940px) 100vw, 940px\" \/><\/figure><\/li><li class=\"wp-block-jetpack-slideshow_slide swiper-slide\"><figure><img data-recalc-dims=\"1\" loading=\"lazy\" decoding=\"async\" width=\"940\" height=\"608\" alt=\"\" class=\"wp-block-jetpack-slideshow_image wp-image-406\" data-id=\"406\" src=\"https:\/\/i0.wp.com\/le.nomade.sylvainperrierfotografi.com\/wp-content\/uploads\/2024\/05\/Marcheur.jpg?resize=940%2C608&#038;ssl=1\" srcset=\"https:\/\/i0.wp.com\/le.nomade.sylvainperrierfotografi.com\/wp-content\/uploads\/2024\/05\/Marcheur.jpg?w=2500&amp;ssl=1 2500w, https:\/\/i0.wp.com\/le.nomade.sylvainperrierfotografi.com\/wp-content\/uploads\/2024\/05\/Marcheur.jpg?resize=300%2C194&amp;ssl=1 300w, https:\/\/i0.wp.com\/le.nomade.sylvainperrierfotografi.com\/wp-content\/uploads\/2024\/05\/Marcheur.jpg?resize=1024%2C662&amp;ssl=1 1024w, https:\/\/i0.wp.com\/le.nomade.sylvainperrierfotografi.com\/wp-content\/uploads\/2024\/05\/Marcheur.jpg?resize=768%2C496&amp;ssl=1 768w, https:\/\/i0.wp.com\/le.nomade.sylvainperrierfotografi.com\/wp-content\/uploads\/2024\/05\/Marcheur.jpg?resize=1536%2C993&amp;ssl=1 1536w, https:\/\/i0.wp.com\/le.nomade.sylvainperrierfotografi.com\/wp-content\/uploads\/2024\/05\/Marcheur.jpg?resize=2048%2C1324&amp;ssl=1 2048w, https:\/\/i0.wp.com\/le.nomade.sylvainperrierfotografi.com\/wp-content\/uploads\/2024\/05\/Marcheur.jpg?resize=18%2C12&amp;ssl=1 18w, https:\/\/i0.wp.com\/le.nomade.sylvainperrierfotografi.com\/wp-content\/uploads\/2024\/05\/Marcheur.jpg?resize=450%2C291&amp;ssl=1 450w, https:\/\/i0.wp.com\/le.nomade.sylvainperrierfotografi.com\/wp-content\/uploads\/2024\/05\/Marcheur.jpg?resize=1238%2C800&amp;ssl=1 1238w, https:\/\/i0.wp.com\/le.nomade.sylvainperrierfotografi.com\/wp-content\/uploads\/2024\/05\/Marcheur.jpg?w=1880&amp;ssl=1 1880w\" sizes=\"(max-width: 940px) 100vw, 940px\" \/><\/figure><\/li><li class=\"wp-block-jetpack-slideshow_slide swiper-slide\"><figure><img data-recalc-dims=\"1\" loading=\"lazy\" decoding=\"async\" width=\"940\" height=\"1416\" alt=\"\" class=\"wp-block-jetpack-slideshow_image wp-image-407\" data-id=\"407\" src=\"https:\/\/i0.wp.com\/le.nomade.sylvainperrierfotografi.com\/wp-content\/uploads\/2024\/05\/Rue-de-Cuba-2.jpg?resize=940%2C1416&#038;ssl=1\" srcset=\"https:\/\/i0.wp.com\/le.nomade.sylvainperrierfotografi.com\/wp-content\/uploads\/2024\/05\/Rue-de-Cuba-2.jpg?w=1660&amp;ssl=1 1660w, https:\/\/i0.wp.com\/le.nomade.sylvainperrierfotografi.com\/wp-content\/uploads\/2024\/05\/Rue-de-Cuba-2.jpg?resize=199%2C300&amp;ssl=1 199w, https:\/\/i0.wp.com\/le.nomade.sylvainperrierfotografi.com\/wp-content\/uploads\/2024\/05\/Rue-de-Cuba-2.jpg?resize=680%2C1024&amp;ssl=1 680w, https:\/\/i0.wp.com\/le.nomade.sylvainperrierfotografi.com\/wp-content\/uploads\/2024\/05\/Rue-de-Cuba-2.jpg?resize=768%2C1157&amp;ssl=1 768w, https:\/\/i0.wp.com\/le.nomade.sylvainperrierfotografi.com\/wp-content\/uploads\/2024\/05\/Rue-de-Cuba-2.jpg?resize=1020%2C1536&amp;ssl=1 1020w, https:\/\/i0.wp.com\/le.nomade.sylvainperrierfotografi.com\/wp-content\/uploads\/2024\/05\/Rue-de-Cuba-2.jpg?resize=1360%2C2048&amp;ssl=1 1360w, https:\/\/i0.wp.com\/le.nomade.sylvainperrierfotografi.com\/wp-content\/uploads\/2024\/05\/Rue-de-Cuba-2.jpg?resize=8%2C12&amp;ssl=1 8w, https:\/\/i0.wp.com\/le.nomade.sylvainperrierfotografi.com\/wp-content\/uploads\/2024\/05\/Rue-de-Cuba-2.jpg?resize=450%2C678&amp;ssl=1 450w, https:\/\/i0.wp.com\/le.nomade.sylvainperrierfotografi.com\/wp-content\/uploads\/2024\/05\/Rue-de-Cuba-2.jpg?resize=531%2C800&amp;ssl=1 531w\" sizes=\"(max-width: 940px) 100vw, 940px\" \/><\/figure><\/li><li class=\"wp-block-jetpack-slideshow_slide swiper-slide\"><figure><img data-recalc-dims=\"1\" loading=\"lazy\" decoding=\"async\" width=\"940\" height=\"1124\" alt=\"\" class=\"wp-block-jetpack-slideshow_image wp-image-408\" data-id=\"408\" src=\"https:\/\/i0.wp.com\/le.nomade.sylvainperrierfotografi.com\/wp-content\/uploads\/2024\/05\/Rue-de-Cuba-3.jpg?resize=940%2C1124&#038;ssl=1\" srcset=\"https:\/\/i0.wp.com\/le.nomade.sylvainperrierfotografi.com\/wp-content\/uploads\/2024\/05\/Rue-de-Cuba-3.jpg?w=2091&amp;ssl=1 2091w, https:\/\/i0.wp.com\/le.nomade.sylvainperrierfotografi.com\/wp-content\/uploads\/2024\/05\/Rue-de-Cuba-3.jpg?resize=251%2C300&amp;ssl=1 251w, https:\/\/i0.wp.com\/le.nomade.sylvainperrierfotografi.com\/wp-content\/uploads\/2024\/05\/Rue-de-Cuba-3.jpg?resize=856%2C1024&amp;ssl=1 856w, https:\/\/i0.wp.com\/le.nomade.sylvainperrierfotografi.com\/wp-content\/uploads\/2024\/05\/Rue-de-Cuba-3.jpg?resize=768%2C918&amp;ssl=1 768w, https:\/\/i0.wp.com\/le.nomade.sylvainperrierfotografi.com\/wp-content\/uploads\/2024\/05\/Rue-de-Cuba-3.jpg?resize=1285%2C1536&amp;ssl=1 1285w, https:\/\/i0.wp.com\/le.nomade.sylvainperrierfotografi.com\/wp-content\/uploads\/2024\/05\/Rue-de-Cuba-3.jpg?resize=1713%2C2048&amp;ssl=1 1713w, https:\/\/i0.wp.com\/le.nomade.sylvainperrierfotografi.com\/wp-content\/uploads\/2024\/05\/Rue-de-Cuba-3.jpg?resize=10%2C12&amp;ssl=1 10w, https:\/\/i0.wp.com\/le.nomade.sylvainperrierfotografi.com\/wp-content\/uploads\/2024\/05\/Rue-de-Cuba-3.jpg?resize=450%2C538&amp;ssl=1 450w, https:\/\/i0.wp.com\/le.nomade.sylvainperrierfotografi.com\/wp-content\/uploads\/2024\/05\/Rue-de-Cuba-3.jpg?resize=669%2C800&amp;ssl=1 669w, https:\/\/i0.wp.com\/le.nomade.sylvainperrierfotografi.com\/wp-content\/uploads\/2024\/05\/Rue-de-Cuba-3.jpg?w=1880&amp;ssl=1 1880w\" sizes=\"(max-width: 940px) 100vw, 940px\" \/><\/figure><\/li><li class=\"wp-block-jetpack-slideshow_slide swiper-slide\"><figure><img data-recalc-dims=\"1\" loading=\"lazy\" decoding=\"async\" width=\"940\" height=\"1553\" alt=\"\" class=\"wp-block-jetpack-slideshow_image wp-image-409\" data-id=\"409\" src=\"https:\/\/i0.wp.com\/le.nomade.sylvainperrierfotografi.com\/wp-content\/uploads\/2024\/05\/Rue-de-Cuba-7.jpg?resize=940%2C1553&#038;ssl=1\" srcset=\"https:\/\/i0.wp.com\/le.nomade.sylvainperrierfotografi.com\/wp-content\/uploads\/2024\/05\/Rue-de-Cuba-7.jpg?w=1513&amp;ssl=1 1513w, https:\/\/i0.wp.com\/le.nomade.sylvainperrierfotografi.com\/wp-content\/uploads\/2024\/05\/Rue-de-Cuba-7.jpg?resize=182%2C300&amp;ssl=1 182w, https:\/\/i0.wp.com\/le.nomade.sylvainperrierfotografi.com\/wp-content\/uploads\/2024\/05\/Rue-de-Cuba-7.jpg?resize=620%2C1024&amp;ssl=1 620w, https:\/\/i0.wp.com\/le.nomade.sylvainperrierfotografi.com\/wp-content\/uploads\/2024\/05\/Rue-de-Cuba-7.jpg?resize=768%2C1269&amp;ssl=1 768w, https:\/\/i0.wp.com\/le.nomade.sylvainperrierfotografi.com\/wp-content\/uploads\/2024\/05\/Rue-de-Cuba-7.jpg?resize=930%2C1536&amp;ssl=1 930w, https:\/\/i0.wp.com\/le.nomade.sylvainperrierfotografi.com\/wp-content\/uploads\/2024\/05\/Rue-de-Cuba-7.jpg?resize=1239%2C2048&amp;ssl=1 1239w, https:\/\/i0.wp.com\/le.nomade.sylvainperrierfotografi.com\/wp-content\/uploads\/2024\/05\/Rue-de-Cuba-7.jpg?resize=7%2C12&amp;ssl=1 7w, https:\/\/i0.wp.com\/le.nomade.sylvainperrierfotografi.com\/wp-content\/uploads\/2024\/05\/Rue-de-Cuba-7.jpg?resize=450%2C744&amp;ssl=1 450w, https:\/\/i0.wp.com\/le.nomade.sylvainperrierfotografi.com\/wp-content\/uploads\/2024\/05\/Rue-de-Cuba-7.jpg?resize=484%2C800&amp;ssl=1 484w\" sizes=\"(max-width: 940px) 100vw, 940px\" \/><\/figure><\/li><li class=\"wp-block-jetpack-slideshow_slide swiper-slide\"><figure><img data-recalc-dims=\"1\" loading=\"lazy\" decoding=\"async\" width=\"940\" height=\"627\" alt=\"\" class=\"wp-block-jetpack-slideshow_image wp-image-410\" data-id=\"410\" src=\"https:\/\/i0.wp.com\/le.nomade.sylvainperrierfotografi.com\/wp-content\/uploads\/2024\/05\/Ruine-3.jpg?resize=940%2C627&#038;ssl=1\" srcset=\"https:\/\/i0.wp.com\/le.nomade.sylvainperrierfotografi.com\/wp-content\/uploads\/2024\/05\/Ruine-3.jpg?w=2500&amp;ssl=1 2500w, https:\/\/i0.wp.com\/le.nomade.sylvainperrierfotografi.com\/wp-content\/uploads\/2024\/05\/Ruine-3.jpg?resize=300%2C200&amp;ssl=1 300w, https:\/\/i0.wp.com\/le.nomade.sylvainperrierfotografi.com\/wp-content\/uploads\/2024\/05\/Ruine-3.jpg?resize=1024%2C683&amp;ssl=1 1024w, https:\/\/i0.wp.com\/le.nomade.sylvainperrierfotografi.com\/wp-content\/uploads\/2024\/05\/Ruine-3.jpg?resize=768%2C512&amp;ssl=1 768w, https:\/\/i0.wp.com\/le.nomade.sylvainperrierfotografi.com\/wp-content\/uploads\/2024\/05\/Ruine-3.jpg?resize=1536%2C1024&amp;ssl=1 1536w, https:\/\/i0.wp.com\/le.nomade.sylvainperrierfotografi.com\/wp-content\/uploads\/2024\/05\/Ruine-3.jpg?resize=2048%2C1366&amp;ssl=1 2048w, https:\/\/i0.wp.com\/le.nomade.sylvainperrierfotografi.com\/wp-content\/uploads\/2024\/05\/Ruine-3.jpg?resize=18%2C12&amp;ssl=1 18w, https:\/\/i0.wp.com\/le.nomade.sylvainperrierfotografi.com\/wp-content\/uploads\/2024\/05\/Ruine-3.jpg?resize=450%2C300&amp;ssl=1 450w, https:\/\/i0.wp.com\/le.nomade.sylvainperrierfotografi.com\/wp-content\/uploads\/2024\/05\/Ruine-3.jpg?resize=1200%2C800&amp;ssl=1 1200w, https:\/\/i0.wp.com\/le.nomade.sylvainperrierfotografi.com\/wp-content\/uploads\/2024\/05\/Ruine-3.jpg?w=1880&amp;ssl=1 1880w\" sizes=\"(max-width: 940px) 100vw, 940px\" \/><figcaption class=\"wp-block-jetpack-slideshow_caption gallery-caption\">La Vie dans les Rues de La Havane<\/figcaption><\/figure><\/li><\/ul><a class=\"wp-block-jetpack-slideshow_button-prev swiper-button-prev swiper-button-white\" role=\"button\"><\/a><a class=\"wp-block-jetpack-slideshow_button-next swiper-button-next swiper-button-white\" role=\"button\"><\/a><a aria-label=\"Pause Slideshow\" class=\"wp-block-jetpack-slideshow_button-pause\" role=\"button\"><\/a><div class=\"wp-block-jetpack-slideshow_pagination swiper-pagination swiper-pagination-white\"><\/div><\/div><\/div>\n\n\n\n<p class=\"has-text-align-center\"><a href=\"https:\/\/www.cubania.com\/quartiers-de-la-havane-centro-habana.html\" target=\"_blank\" rel=\"noopener\"><span style=\"color: #ff0000;\"><strong>La Vie dans les Rues de La Havane<\/strong><\/span><\/a><\/p>\n\n\n\n<hr class=\"wp-block-separator has-alpha-channel-opacity\"\/>","protected":false},"excerpt":{"rendered":"<p>Les rues de La Havane, capitale mythique de Cuba, sont un m\u00e9lange fascinant d\u2019histoire, de culture et de [&hellip;]<\/p>\n","protected":false},"author":1,"featured_media":380,"comment_status":"closed","ping_status":"closed","sticky":false,"template":"","format":"standard","meta":{"nf_dc_page":"","_jetpack_memberships_contains_paid_content":false,"footnotes":"","jetpack_publicize_message":"","jetpack_publicize_feature_enabled":true,"jetpack_social_post_already_shared":false,"jetpack_social_options":{"image_generator_settings":{"template":"highway","default_image_id":0,"font":"","enabled":false},"version":2}},"categories":[56,61],"tags":[],"class_list":["post-370","post","type-post","status-publish","format-standard","has-post-thumbnail","hentry","category-aventures-urbaines","category-voyages-et-decouvertes"],"yoast_head":"<!-- This site is optimized with the Yoast SEO plugin v27.4 - https:\/\/yoast.com\/product\/yoast-seo-wordpress\/ -->\n<title>La Vie dans les Rues de La Havane - Le Nomade<\/title>\n<meta name=\"description\" content=\"La Vie dans les Rues de La Havane\" \/>\n<meta name=\"robots\" content=\"index, follow, max-snippet:-1, max-image-preview:large, max-video-preview:-1\" \/>\n<link rel=\"canonical\" href=\"https:\/\/le.nomade.sylvainperrierfotografi.com\/fr\/la-vie-dans-les-rues-de-la-havane\/\" \/>\n<meta property=\"og:locale\" content=\"fr_FR\" \/>\n<meta property=\"og:type\" content=\"article\" \/>\n<meta property=\"og:title\" content=\"La Vie dans les Rues de La Havane - Le Nomade\" \/>\n<meta property=\"og:description\" content=\"La Vie dans les Rues de La Havane\" \/>\n<meta property=\"og:url\" content=\"https:\/\/le.nomade.sylvainperrierfotografi.com\/fr\/la-vie-dans-les-rues-de-la-havane\/\" \/>\n<meta property=\"og:site_name\" content=\"Le Nomade\" \/>\n<meta property=\"article:publisher\" content=\"https:\/\/www.facebook.com\/SylvainPerrierFotografie\" \/>\n<meta property=\"article:author\" content=\"https:\/\/www.facebook.com\/SylvainPerrierFotografie\" \/>\n<meta property=\"article:published_time\" content=\"2024-05-17T21:14:33+00:00\" \/>\n<meta property=\"article:modified_time\" content=\"2024-06-06T23:32:04+00:00\" \/>\n<meta property=\"og:image\" content=\"https:\/\/le.nomade.sylvainperrierfotografi.com\/wp-content\/uploads\/2024\/05\/Rue-de-Cuba-5-e1717715625379.jpg\" \/>\n\t<meta property=\"og:image:width\" content=\"2470\" \/>\n\t<meta property=\"og:image:height\" content=\"1733\" \/>\n\t<meta property=\"og:image:type\" content=\"image\/jpeg\" \/>\n<meta name=\"author\" content=\"nomade\" \/>\n<meta name=\"twitter:card\" content=\"summary_large_image\" \/>\n<meta name=\"twitter:creator\" content=\"@sylvainxperrier\" \/>\n<meta name=\"twitter:site\" content=\"@sylvainxperrier\" \/>\n<meta name=\"twitter:label1\" content=\"\u00c9crit par\" \/>\n\t<meta name=\"twitter:data1\" content=\"nomade\" \/>\n\t<meta name=\"twitter:label2\" content=\"Dur\u00e9e de lecture estim\u00e9e\" \/>\n\t<meta name=\"twitter:data2\" content=\"11 minutes\" \/>\n<script type=\"application\/ld+json\" class=\"yoast-schema-graph\">{\"@context\":\"https:\\\/\\\/schema.org\",\"@graph\":[{\"@type\":\"Article\",\"@id\":\"https:\\\/\\\/le.nomade.sylvainperrierfotografi.com\\\/la-vie-dans-les-rues-de-la-havane\\\/#article\",\"isPartOf\":{\"@id\":\"https:\\\/\\\/le.nomade.sylvainperrierfotografi.com\\\/la-vie-dans-les-rues-de-la-havane\\\/\"},\"author\":{\"name\":\"nomade\",\"@id\":\"https:\\\/\\\/le.nomade.sylvainperrierfotografi.com\\\/#\\\/schema\\\/person\\\/422f9f9af75b66cb9416a7ef7bc22a92\"},\"headline\":\"La Vie dans les Rues de La Havane\",\"datePublished\":\"2024-05-17T21:14:33+00:00\",\"dateModified\":\"2024-06-06T23:32:04+00:00\",\"mainEntityOfPage\":{\"@id\":\"https:\\\/\\\/le.nomade.sylvainperrierfotografi.com\\\/la-vie-dans-les-rues-de-la-havane\\\/\"},\"wordCount\":525,\"publisher\":{\"@id\":\"https:\\\/\\\/le.nomade.sylvainperrierfotografi.com\\\/#\\\/schema\\\/person\\\/422f9f9af75b66cb9416a7ef7bc22a92\"},\"image\":{\"@id\":\"https:\\\/\\\/le.nomade.sylvainperrierfotografi.com\\\/la-vie-dans-les-rues-de-la-havane\\\/#primaryimage\"},\"thumbnailUrl\":\"https:\\\/\\\/i0.wp.com\\\/le.nomade.sylvainperrierfotografi.com\\\/wp-content\\\/uploads\\\/2024\\\/05\\\/Rue-de-Cuba-5-e1717715625379.jpg?fit=2470%2C1733&ssl=1\",\"articleSection\":[\"Aventures Urbaines\",\"Voyages et D\u00e9couvertes\"],\"inLanguage\":\"fr-FR\"},{\"@type\":\"WebPage\",\"@id\":\"https:\\\/\\\/le.nomade.sylvainperrierfotografi.com\\\/la-vie-dans-les-rues-de-la-havane\\\/\",\"url\":\"https:\\\/\\\/le.nomade.sylvainperrierfotografi.com\\\/la-vie-dans-les-rues-de-la-havane\\\/\",\"name\":\"La Vie dans les Rues de La Havane - Le Nomade\",\"isPartOf\":{\"@id\":\"https:\\\/\\\/le.nomade.sylvainperrierfotografi.com\\\/#website\"},\"primaryImageOfPage\":{\"@id\":\"https:\\\/\\\/le.nomade.sylvainperrierfotografi.com\\\/la-vie-dans-les-rues-de-la-havane\\\/#primaryimage\"},\"image\":{\"@id\":\"https:\\\/\\\/le.nomade.sylvainperrierfotografi.com\\\/la-vie-dans-les-rues-de-la-havane\\\/#primaryimage\"},\"thumbnailUrl\":\"https:\\\/\\\/i0.wp.com\\\/le.nomade.sylvainperrierfotografi.com\\\/wp-content\\\/uploads\\\/2024\\\/05\\\/Rue-de-Cuba-5-e1717715625379.jpg?fit=2470%2C1733&ssl=1\",\"datePublished\":\"2024-05-17T21:14:33+00:00\",\"dateModified\":\"2024-06-06T23:32:04+00:00\",\"description\":\"La Vie dans les Rues de La Havane\",\"breadcrumb\":{\"@id\":\"https:\\\/\\\/le.nomade.sylvainperrierfotografi.com\\\/la-vie-dans-les-rues-de-la-havane\\\/#breadcrumb\"},\"inLanguage\":\"fr-FR\",\"potentialAction\":[{\"@type\":\"ReadAction\",\"target\":[\"https:\\\/\\\/le.nomade.sylvainperrierfotografi.com\\\/la-vie-dans-les-rues-de-la-havane\\\/\"]}]},{\"@type\":\"ImageObject\",\"inLanguage\":\"fr-FR\",\"@id\":\"https:\\\/\\\/le.nomade.sylvainperrierfotografi.com\\\/la-vie-dans-les-rues-de-la-havane\\\/#primaryimage\",\"url\":\"https:\\\/\\\/i0.wp.com\\\/le.nomade.sylvainperrierfotografi.com\\\/wp-content\\\/uploads\\\/2024\\\/05\\\/Rue-de-Cuba-5-e1717715625379.jpg?fit=2470%2C1733&ssl=1\",\"contentUrl\":\"https:\\\/\\\/i0.wp.com\\\/le.nomade.sylvainperrierfotografi.com\\\/wp-content\\\/uploads\\\/2024\\\/05\\\/Rue-de-Cuba-5-e1717715625379.jpg?fit=2470%2C1733&ssl=1\",\"width\":2470,\"height\":1733},{\"@type\":\"BreadcrumbList\",\"@id\":\"https:\\\/\\\/le.nomade.sylvainperrierfotografi.com\\\/la-vie-dans-les-rues-de-la-havane\\\/#breadcrumb\",\"itemListElement\":[{\"@type\":\"ListItem\",\"position\":1,\"name\":\"Accueil\",\"item\":\"https:\\\/\\\/le.nomade.sylvainperrierfotografi.com\\\/\"},{\"@type\":\"ListItem\",\"position\":2,\"name\":\"La Vie dans les Rues de La Havane\"}]},{\"@type\":\"WebSite\",\"@id\":\"https:\\\/\\\/le.nomade.sylvainperrierfotografi.com\\\/#website\",\"url\":\"https:\\\/\\\/le.nomade.sylvainperrierfotografi.com\\\/\",\"name\":\"Le Nomade Sylvain Perrier\",\"description\":\"L\u00e0 o\u00f9 les images rencontrent les mots\",\"publisher\":{\"@id\":\"https:\\\/\\\/le.nomade.sylvainperrierfotografi.com\\\/#\\\/schema\\\/person\\\/422f9f9af75b66cb9416a7ef7bc22a92\"},\"alternateName\":\"Sylvain Perrier\",\"potentialAction\":[{\"@type\":\"SearchAction\",\"target\":{\"@type\":\"EntryPoint\",\"urlTemplate\":\"https:\\\/\\\/le.nomade.sylvainperrierfotografi.com\\\/?s={search_term_string}\"},\"query-input\":{\"@type\":\"PropertyValueSpecification\",\"valueRequired\":true,\"valueName\":\"search_term_string\"}}],\"inLanguage\":\"fr-FR\"},{\"@type\":[\"Person\",\"Organization\"],\"@id\":\"https:\\\/\\\/le.nomade.sylvainperrierfotografi.com\\\/#\\\/schema\\\/person\\\/422f9f9af75b66cb9416a7ef7bc22a92\",\"name\":\"nomade\",\"image\":{\"@type\":\"ImageObject\",\"inLanguage\":\"fr-FR\",\"@id\":\"https:\\\/\\\/i0.wp.com\\\/le.nomade.sylvainperrierfotografi.com\\\/wp-content\\\/uploads\\\/2024\\\/04\\\/cropped-Sylvain-Perrier-Photographie-roadtrip.jpg?fit=1056%2C348&ssl=1\",\"url\":\"https:\\\/\\\/i0.wp.com\\\/le.nomade.sylvainperrierfotografi.com\\\/wp-content\\\/uploads\\\/2024\\\/04\\\/cropped-Sylvain-Perrier-Photographie-roadtrip.jpg?fit=1056%2C348&ssl=1\",\"contentUrl\":\"https:\\\/\\\/i0.wp.com\\\/le.nomade.sylvainperrierfotografi.com\\\/wp-content\\\/uploads\\\/2024\\\/04\\\/cropped-Sylvain-Perrier-Photographie-roadtrip.jpg?fit=1056%2C348&ssl=1\",\"width\":1056,\"height\":348,\"caption\":\"nomade\"},\"logo\":{\"@id\":\"https:\\\/\\\/i0.wp.com\\\/le.nomade.sylvainperrierfotografi.com\\\/wp-content\\\/uploads\\\/2024\\\/04\\\/cropped-Sylvain-Perrier-Photographie-roadtrip.jpg?fit=1056%2C348&ssl=1\"},\"sameAs\":[\"https:\\\/\\\/le.nomade.sylvainperrierfotografi.com\",\"https:\\\/\\\/www.facebook.com\\\/SylvainPerrierFotografie\",\"https:\\\/\\\/www.instagram.com\\\/sylvainperrierfotografi\",\"https:\\\/\\\/www.pinterest.ca\\\/sylvain_perrier\",\"https:\\\/\\\/x.com\\\/sylvainxperrier\",\"https:\\\/\\\/www.youtube.com\\\/user\\\/lencadreursylvain\",\"https:\\\/\\\/www.tumblr.com\\\/blog\\\/sylvainperrierfotografi\"]}]}<\/script>\n<!-- \/ Yoast SEO plugin. -->","yoast_head_json":{"title":"La Vie dans les Rues de La Havane - Le Nomade","description":"La Vie dans les Rues de La Havane","robots":{"index":"index","follow":"follow","max-snippet":"max-snippet:-1","max-image-preview":"max-image-preview:large","max-video-preview":"max-video-preview:-1"},"canonical":"https:\/\/le.nomade.sylvainperrierfotografi.com\/fr\/la-vie-dans-les-rues-de-la-havane\/","og_locale":"fr_FR","og_type":"article","og_title":"La Vie dans les Rues de La Havane - Le Nomade","og_description":"La Vie dans les Rues de La Havane","og_url":"https:\/\/le.nomade.sylvainperrierfotografi.com\/fr\/la-vie-dans-les-rues-de-la-havane\/","og_site_name":"Le Nomade","article_publisher":"https:\/\/www.facebook.com\/SylvainPerrierFotografie","article_author":"https:\/\/www.facebook.com\/SylvainPerrierFotografie","article_published_time":"2024-05-17T21:14:33+00:00","article_modified_time":"2024-06-06T23:32:04+00:00","og_image":[{"width":2470,"height":1733,"url":"https:\/\/le.nomade.sylvainperrierfotografi.com\/wp-content\/uploads\/2024\/05\/Rue-de-Cuba-5-e1717715625379.jpg","type":"image\/jpeg"}],"author":"nomade","twitter_card":"summary_large_image","twitter_creator":"@sylvainxperrier","twitter_site":"@sylvainxperrier","twitter_misc":{"\u00c9crit par":"nomade","Dur\u00e9e de lecture estim\u00e9e":"11 minutes"},"schema":{"@context":"https:\/\/schema.org","@graph":[{"@type":"Article","@id":"https:\/\/le.nomade.sylvainperrierfotografi.com\/la-vie-dans-les-rues-de-la-havane\/#article","isPartOf":{"@id":"https:\/\/le.nomade.sylvainperrierfotografi.com\/la-vie-dans-les-rues-de-la-havane\/"},"author":{"name":"nomade","@id":"https:\/\/le.nomade.sylvainperrierfotografi.com\/#\/schema\/person\/422f9f9af75b66cb9416a7ef7bc22a92"},"headline":"La Vie dans les Rues de La Havane","datePublished":"2024-05-17T21:14:33+00:00","dateModified":"2024-06-06T23:32:04+00:00","mainEntityOfPage":{"@id":"https:\/\/le.nomade.sylvainperrierfotografi.com\/la-vie-dans-les-rues-de-la-havane\/"},"wordCount":525,"publisher":{"@id":"https:\/\/le.nomade.sylvainperrierfotografi.com\/#\/schema\/person\/422f9f9af75b66cb9416a7ef7bc22a92"},"image":{"@id":"https:\/\/le.nomade.sylvainperrierfotografi.com\/la-vie-dans-les-rues-de-la-havane\/#primaryimage"},"thumbnailUrl":"https:\/\/i0.wp.com\/le.nomade.sylvainperrierfotografi.com\/wp-content\/uploads\/2024\/05\/Rue-de-Cuba-5-e1717715625379.jpg?fit=2470%2C1733&ssl=1","articleSection":["Aventures Urbaines","Voyages et D\u00e9couvertes"],"inLanguage":"fr-FR"},{"@type":"WebPage","@id":"https:\/\/le.nomade.sylvainperrierfotografi.com\/la-vie-dans-les-rues-de-la-havane\/","url":"https:\/\/le.nomade.sylvainperrierfotografi.com\/la-vie-dans-les-rues-de-la-havane\/","name":"La Vie dans les Rues de La Havane - Le Nomade","isPartOf":{"@id":"https:\/\/le.nomade.sylvainperrierfotografi.com\/#website"},"primaryImageOfPage":{"@id":"https:\/\/le.nomade.sylvainperrierfotografi.com\/la-vie-dans-les-rues-de-la-havane\/#primaryimage"},"image":{"@id":"https:\/\/le.nomade.sylvainperrierfotografi.com\/la-vie-dans-les-rues-de-la-havane\/#primaryimage"},"thumbnailUrl":"https:\/\/i0.wp.com\/le.nomade.sylvainperrierfotografi.com\/wp-content\/uploads\/2024\/05\/Rue-de-Cuba-5-e1717715625379.jpg?fit=2470%2C1733&ssl=1","datePublished":"2024-05-17T21:14:33+00:00","dateModified":"2024-06-06T23:32:04+00:00","description":"La Vie dans les Rues de La Havane","breadcrumb":{"@id":"https:\/\/le.nomade.sylvainperrierfotografi.com\/la-vie-dans-les-rues-de-la-havane\/#breadcrumb"},"inLanguage":"fr-FR","potentialAction":[{"@type":"ReadAction","target":["https:\/\/le.nomade.sylvainperrierfotografi.com\/la-vie-dans-les-rues-de-la-havane\/"]}]},{"@type":"ImageObject","inLanguage":"fr-FR","@id":"https:\/\/le.nomade.sylvainperrierfotografi.com\/la-vie-dans-les-rues-de-la-havane\/#primaryimage","url":"https:\/\/i0.wp.com\/le.nomade.sylvainperrierfotografi.com\/wp-content\/uploads\/2024\/05\/Rue-de-Cuba-5-e1717715625379.jpg?fit=2470%2C1733&ssl=1","contentUrl":"https:\/\/i0.wp.com\/le.nomade.sylvainperrierfotografi.com\/wp-content\/uploads\/2024\/05\/Rue-de-Cuba-5-e1717715625379.jpg?fit=2470%2C1733&ssl=1","width":2470,"height":1733},{"@type":"BreadcrumbList","@id":"https:\/\/le.nomade.sylvainperrierfotografi.com\/la-vie-dans-les-rues-de-la-havane\/#breadcrumb","itemListElement":[{"@type":"ListItem","position":1,"name":"Accueil","item":"https:\/\/le.nomade.sylvainperrierfotografi.com\/"},{"@type":"ListItem","position":2,"name":"La Vie dans les Rues de La Havane"}]},{"@type":"WebSite","@id":"https:\/\/le.nomade.sylvainperrierfotografi.com\/#website","url":"https:\/\/le.nomade.sylvainperrierfotografi.com\/","name":"Le Nomade Sylvain Perrier","description":"L\u00e0 o\u00f9 les images rencontrent les mots","publisher":{"@id":"https:\/\/le.nomade.sylvainperrierfotografi.com\/#\/schema\/person\/422f9f9af75b66cb9416a7ef7bc22a92"},"alternateName":"Sylvain Perrier","potentialAction":[{"@type":"SearchAction","target":{"@type":"EntryPoint","urlTemplate":"https:\/\/le.nomade.sylvainperrierfotografi.com\/?s={search_term_string}"},"query-input":{"@type":"PropertyValueSpecification","valueRequired":true,"valueName":"search_term_string"}}],"inLanguage":"fr-FR"},{"@type":["Person","Organization"],"@id":"https:\/\/le.nomade.sylvainperrierfotografi.com\/#\/schema\/person\/422f9f9af75b66cb9416a7ef7bc22a92","name":"nomade","image":{"@type":"ImageObject","inLanguage":"fr-FR","@id":"https:\/\/i0.wp.com\/le.nomade.sylvainperrierfotografi.com\/wp-content\/uploads\/2024\/04\/cropped-Sylvain-Perrier-Photographie-roadtrip.jpg?fit=1056%2C348&ssl=1","url":"https:\/\/i0.wp.com\/le.nomade.sylvainperrierfotografi.com\/wp-content\/uploads\/2024\/04\/cropped-Sylvain-Perrier-Photographie-roadtrip.jpg?fit=1056%2C348&ssl=1","contentUrl":"https:\/\/i0.wp.com\/le.nomade.sylvainperrierfotografi.com\/wp-content\/uploads\/2024\/04\/cropped-Sylvain-Perrier-Photographie-roadtrip.jpg?fit=1056%2C348&ssl=1","width":1056,"height":348,"caption":"nomade"},"logo":{"@id":"https:\/\/i0.wp.com\/le.nomade.sylvainperrierfotografi.com\/wp-content\/uploads\/2024\/04\/cropped-Sylvain-Perrier-Photographie-roadtrip.jpg?fit=1056%2C348&ssl=1"},"sameAs":["https:\/\/le.nomade.sylvainperrierfotografi.com","https:\/\/www.facebook.com\/SylvainPerrierFotografie","https:\/\/www.instagram.com\/sylvainperrierfotografi","https:\/\/www.pinterest.ca\/sylvain_perrier","https:\/\/x.com\/sylvainxperrier","https:\/\/www.youtube.com\/user\/lencadreursylvain","https:\/\/www.tumblr.com\/blog\/sylvainperrierfotografi"]}]}},"jetpack_publicize_connections":[],"jetpack_featured_media_url":"https:\/\/i0.wp.com\/le.nomade.sylvainperrierfotografi.com\/wp-content\/uploads\/2024\/05\/Rue-de-Cuba-5-e1717715625379.jpg?fit=2470%2C1733&ssl=1","jetpack-related-posts":[{"id":344,"url":"https:\/\/le.nomade.sylvainperrierfotografi.com\/fr\/vie-quotidienne-a-la-havane\/","url_meta":{"origin":370,"position":0},"title":"Vie Quotidienne \u00e0 La Havane","author":"nomade","date":"17 mai 2024","format":false,"excerpt":"Lors de mon voyage en 2012, Cuba fut l\u2019un de mes plus beaux voyages en sac \u00e0 dos,\u00a0j'ai eu l'occasion d'explorer la ville vibrante et historique de La Havane. \u00c0 travers l'objectif de mon appareil photo, j'ai captur\u00e9 des moments de la vie quotidienne en noir et blanc, r\u00e9v\u00e9lant l'essence\u2026","rel":"","context":"Dans &quot;Aventures Urbaines&quot;","block_context":{"text":"Aventures Urbaines","link":"https:\/\/le.nomade.sylvainperrierfotografi.com\/fr\/category\/aventures-urbaines\/"},"img":{"alt_text":"Les Jeunes Cubains","src":"https:\/\/i0.wp.com\/le.nomade.sylvainperrierfotografi.com\/wp-content\/uploads\/2024\/05\/Les-Jeunes-Cubains-1.jpg?fit=1200%2C800&ssl=1&resize=350%2C200","width":350,"height":200,"srcset":"https:\/\/i0.wp.com\/le.nomade.sylvainperrierfotografi.com\/wp-content\/uploads\/2024\/05\/Les-Jeunes-Cubains-1.jpg?fit=1200%2C800&ssl=1&resize=350%2C200 1x, https:\/\/i0.wp.com\/le.nomade.sylvainperrierfotografi.com\/wp-content\/uploads\/2024\/05\/Les-Jeunes-Cubains-1.jpg?fit=1200%2C800&ssl=1&resize=525%2C300 1.5x, https:\/\/i0.wp.com\/le.nomade.sylvainperrierfotografi.com\/wp-content\/uploads\/2024\/05\/Les-Jeunes-Cubains-1.jpg?fit=1200%2C800&ssl=1&resize=700%2C400 2x, https:\/\/i0.wp.com\/le.nomade.sylvainperrierfotografi.com\/wp-content\/uploads\/2024\/05\/Les-Jeunes-Cubains-1.jpg?fit=1200%2C800&ssl=1&resize=1050%2C600 3x"},"classes":[]},{"id":51,"url":"https:\/\/le.nomade.sylvainperrierfotografi.com\/fr\/cuba-les-portes-de-havane\/","url_meta":{"origin":370,"position":1},"title":"Cuba &#8211; Les portes de Havane","author":"nomade","date":"30 avril 2024","format":false,"excerpt":"Cuba- Les Portes de la Havane s'ouvre \u00e0 vous. La capitale cubaine de La Havane est une ville vibrante et riche en culture avec une histoire fascinante datant du 16e si\u00e8cle. Bord\u00e9 de rues pav\u00e9es, d\u2019une architecture pittoresque et de voitures am\u00e9ricaines classiques, vous vous sentirez transport\u00e9 dans le pass\u00e9\u2026","rel":"","context":"Dans &quot;Aventures Urbaines&quot;","block_context":{"text":"Aventures Urbaines","link":"https:\/\/le.nomade.sylvainperrierfotografi.com\/fr\/category\/aventures-urbaines\/"},"img":{"alt_text":"Cuba - Les portes de Havane","src":"https:\/\/i0.wp.com\/le.nomade.sylvainperrierfotografi.com\/wp-content\/uploads\/2024\/04\/Cuba-porte-1.jpg?fit=800%2C1200&ssl=1&resize=350%2C200","width":350,"height":200,"srcset":"https:\/\/i0.wp.com\/le.nomade.sylvainperrierfotografi.com\/wp-content\/uploads\/2024\/04\/Cuba-porte-1.jpg?fit=800%2C1200&ssl=1&resize=350%2C200 1x, https:\/\/i0.wp.com\/le.nomade.sylvainperrierfotografi.com\/wp-content\/uploads\/2024\/04\/Cuba-porte-1.jpg?fit=800%2C1200&ssl=1&resize=525%2C300 1.5x, https:\/\/i0.wp.com\/le.nomade.sylvainperrierfotografi.com\/wp-content\/uploads\/2024\/04\/Cuba-porte-1.jpg?fit=800%2C1200&ssl=1&resize=700%2C400 2x"},"classes":[]},{"id":429,"url":"https:\/\/le.nomade.sylvainperrierfotografi.com\/fr\/le-mythe-des-vieilles-voitures-americaines-a-cuba\/","url_meta":{"origin":370,"position":2},"title":"Le Mythe des Vieilles Voitures Am\u00e9ricaines \u00e0 Cuba","author":"nomade","date":"18 mai 2024","format":false,"excerpt":"Les rues de La Havane, la capitale de Cuba, sont comme un mus\u00e9e vivant, une capsule temporelle o\u00f9 les vieilles voitures am\u00e9ricaines des ann\u00e9es 50 r\u00e8gnent en ma\u00eetresses incontest\u00e9es. Ces automobiles classiques, qui roulent encore fi\u00e8rement sur les routes cubaines, racontent une histoire fascinante de r\u00e9sistance, d'ing\u00e9niosit\u00e9 et de charme\u2026","rel":"","context":"Dans &quot;Aventures Urbaines&quot;","block_context":{"text":"Aventures Urbaines","link":"https:\/\/le.nomade.sylvainperrierfotografi.com\/fr\/category\/aventures-urbaines\/"},"img":{"alt_text":"Le Mythe des Vieilles Voitures Am\u00e9ricaines \u00e0 Cuba","src":"https:\/\/i0.wp.com\/le.nomade.sylvainperrierfotografi.com\/wp-content\/uploads\/2024\/05\/Voiture-4-2.jpg?fit=1200%2C800&ssl=1&resize=350%2C200","width":350,"height":200,"srcset":"https:\/\/i0.wp.com\/le.nomade.sylvainperrierfotografi.com\/wp-content\/uploads\/2024\/05\/Voiture-4-2.jpg?fit=1200%2C800&ssl=1&resize=350%2C200 1x, https:\/\/i0.wp.com\/le.nomade.sylvainperrierfotografi.com\/wp-content\/uploads\/2024\/05\/Voiture-4-2.jpg?fit=1200%2C800&ssl=1&resize=525%2C300 1.5x, https:\/\/i0.wp.com\/le.nomade.sylvainperrierfotografi.com\/wp-content\/uploads\/2024\/05\/Voiture-4-2.jpg?fit=1200%2C800&ssl=1&resize=700%2C400 2x, https:\/\/i0.wp.com\/le.nomade.sylvainperrierfotografi.com\/wp-content\/uploads\/2024\/05\/Voiture-4-2.jpg?fit=1200%2C800&ssl=1&resize=1050%2C600 3x"},"classes":[]},{"id":718,"url":"https:\/\/le.nomade.sylvainperrierfotografi.com\/fr\/la-beaute-nocturne-capturee-dans-le-vieux-hull\/","url_meta":{"origin":370,"position":3},"title":"La Beaut\u00e9 Nocturne Captur\u00e9e dans le Vieux Hull","author":"nomade","date":"22 juin 2024","format":false,"excerpt":"La Beaut\u00e9 Nocturne Captur\u00e9e dans le Vieux Hull ; Lors d'une balade en soir\u00e9e dans le Vieux Hull, en compagnie de mes amis et \u00e9l\u00e8ves en photographie, nous avons saisi des moments uniques de cette partie pittoresque de la ville. Le soleil se couchait, peignant le ciel de teintes dor\u00e9es,\u2026","rel":"","context":"Dans &quot;Aventures Urbaines&quot;","block_context":{"text":"Aventures Urbaines","link":"https:\/\/le.nomade.sylvainperrierfotografi.com\/fr\/category\/aventures-urbaines\/"},"img":{"alt_text":"La Beaut\u00e9 Nocturne Captur\u00e9e dans le Vieux Hull","src":"https:\/\/i0.wp.com\/le.nomade.sylvainperrierfotografi.com\/wp-content\/uploads\/2024\/06\/La-Beaute-Nocturne-Capturee-dans-le-Vieux-Hull-12.jpg?fit=1200%2C800&ssl=1&resize=350%2C200","width":350,"height":200,"srcset":"https:\/\/i0.wp.com\/le.nomade.sylvainperrierfotografi.com\/wp-content\/uploads\/2024\/06\/La-Beaute-Nocturne-Capturee-dans-le-Vieux-Hull-12.jpg?fit=1200%2C800&ssl=1&resize=350%2C200 1x, https:\/\/i0.wp.com\/le.nomade.sylvainperrierfotografi.com\/wp-content\/uploads\/2024\/06\/La-Beaute-Nocturne-Capturee-dans-le-Vieux-Hull-12.jpg?fit=1200%2C800&ssl=1&resize=525%2C300 1.5x, https:\/\/i0.wp.com\/le.nomade.sylvainperrierfotografi.com\/wp-content\/uploads\/2024\/06\/La-Beaute-Nocturne-Capturee-dans-le-Vieux-Hull-12.jpg?fit=1200%2C800&ssl=1&resize=700%2C400 2x, https:\/\/i0.wp.com\/le.nomade.sylvainperrierfotografi.com\/wp-content\/uploads\/2024\/06\/La-Beaute-Nocturne-Capturee-dans-le-Vieux-Hull-12.jpg?fit=1200%2C800&ssl=1&resize=1050%2C600 3x"},"classes":[]},{"id":681,"url":"https:\/\/le.nomade.sylvainperrierfotografi.com\/fr\/un-regard-un-voyage\/","url_meta":{"origin":370,"position":4},"title":"Un regard, un voyage","author":"nomade","date":"2 mai 2024","format":"quote","excerpt":"\u00ab Il suffit parfois d\u2019un regard fig\u00e9 dans le silence pour raconter le voyage d\u2019une vie. \u00bb Sylvain Perrier","rel":"","context":"Dans &quot;Citation&quot;","block_context":{"text":"Citation","link":"https:\/\/le.nomade.sylvainperrierfotografi.com\/fr\/category\/citation\/"},"img":{"alt_text":"","src":"","width":0,"height":0},"classes":[]},{"id":685,"url":"https:\/\/le.nomade.sylvainperrierfotografi.com\/fr\/evasion-visuelle-a-la-marina-daylmer\/","url_meta":{"origin":370,"position":5},"title":"\u00c9vasion Visuelle \u00e0 la Marina d&#8217;Aylmer","author":"nomade","date":"11 juin 2024","format":false,"excerpt":"\u00c9vasion Visuelle \u00e0 la Marina d'Aylmer : Instantan\u00e9s de S\u00e9r\u00e9nit\u00e9 Lors d\u2019un cours de photographie \u00e0 la Marina d\u2019Aylmer, j\u2019ai eu l\u2019opportunit\u00e9 de capturer la beaut\u00e9 tranquille de ce lieu et de ses alentours. \u00c0 travers ces dix clich\u00e9s, je vous invite \u00e0 d\u00e9couvrir une s\u00e9rie de moments suspendus, o\u00f9\u2026","rel":"","context":"Dans &quot;Paysages \u00c9poustouflants&quot;","block_context":{"text":"Paysages \u00c9poustouflants","link":"https:\/\/le.nomade.sylvainperrierfotografi.com\/fr\/category\/paysages-epoustouflants\/"},"img":{"alt_text":"\u00c9vasion Visuelle \u00e0 la Marina d'Aylmer","src":"https:\/\/i0.wp.com\/le.nomade.sylvainperrierfotografi.com\/wp-content\/uploads\/2024\/06\/Evasion-Visuelle-a-la-Marina-dAylmer-12.jpg?fit=720%2C1080&ssl=1&resize=350%2C200","width":350,"height":200,"srcset":"https:\/\/i0.wp.com\/le.nomade.sylvainperrierfotografi.com\/wp-content\/uploads\/2024\/06\/Evasion-Visuelle-a-la-Marina-dAylmer-12.jpg?fit=720%2C1080&ssl=1&resize=350%2C200 1x, https:\/\/i0.wp.com\/le.nomade.sylvainperrierfotografi.com\/wp-content\/uploads\/2024\/06\/Evasion-Visuelle-a-la-Marina-dAylmer-12.jpg?fit=720%2C1080&ssl=1&resize=525%2C300 1.5x, https:\/\/i0.wp.com\/le.nomade.sylvainperrierfotografi.com\/wp-content\/uploads\/2024\/06\/Evasion-Visuelle-a-la-Marina-dAylmer-12.jpg?fit=720%2C1080&ssl=1&resize=700%2C400 2x"},"classes":[]}],"jetpack_sharing_enabled":true,"_links":{"self":[{"href":"https:\/\/le.nomade.sylvainperrierfotografi.com\/fr\/wp-json\/wp\/v2\/posts\/370","targetHints":{"allow":["GET"]}}],"collection":[{"href":"https:\/\/le.nomade.sylvainperrierfotografi.com\/fr\/wp-json\/wp\/v2\/posts"}],"about":[{"href":"https:\/\/le.nomade.sylvainperrierfotografi.com\/fr\/wp-json\/wp\/v2\/types\/post"}],"author":[{"embeddable":true,"href":"https:\/\/le.nomade.sylvainperrierfotografi.com\/fr\/wp-json\/wp\/v2\/users\/1"}],"replies":[{"embeddable":true,"href":"https:\/\/le.nomade.sylvainperrierfotografi.com\/fr\/wp-json\/wp\/v2\/comments?post=370"}],"version-history":[{"count":5,"href":"https:\/\/le.nomade.sylvainperrierfotografi.com\/fr\/wp-json\/wp\/v2\/posts\/370\/revisions"}],"predecessor-version":[{"id":580,"href":"https:\/\/le.nomade.sylvainperrierfotografi.com\/fr\/wp-json\/wp\/v2\/posts\/370\/revisions\/580"}],"wp:featuredmedia":[{"embeddable":true,"href":"https:\/\/le.nomade.sylvainperrierfotografi.com\/fr\/wp-json\/wp\/v2\/media\/380"}],"wp:attachment":[{"href":"https:\/\/le.nomade.sylvainperrierfotografi.com\/fr\/wp-json\/wp\/v2\/media?parent=370"}],"wp:term":[{"taxonomy":"category","embeddable":true,"href":"https:\/\/le.nomade.sylvainperrierfotografi.com\/fr\/wp-json\/wp\/v2\/categories?post=370"},{"taxonomy":"post_tag","embeddable":true,"href":"https:\/\/le.nomade.sylvainperrierfotografi.com\/fr\/wp-json\/wp\/v2\/tags?post=370"}],"curies":[{"name":"wp","href":"https:\/\/api.w.org\/{rel}","templated":true}]}}