{"id":429,"date":"2024-05-18T10:38:19","date_gmt":"2024-05-18T14:38:19","guid":{"rendered":"https:\/\/le.nomade.sylvainperrierfotografi.com\/?post_type=jetpack-portfolio&#038;p=429"},"modified":"2024-06-06T22:14:53","modified_gmt":"2024-06-07T02:14:53","slug":"le-mythe-des-vieilles-voitures-americaines-a-cuba","status":"publish","type":"post","link":"https:\/\/le.nomade.sylvainperrierfotografi.com\/fr\/le-mythe-des-vieilles-voitures-americaines-a-cuba\/","title":{"rendered":"Le Mythe des Vieilles Voitures Am\u00e9ricaines \u00e0 Cuba"},"content":{"rendered":"<p class=\"has-text-align-left\">Les rues de La Havane, la capitale de Cuba, sont comme un mus\u00e9e vivant, une capsule temporelle o\u00f9 les vieilles voitures am\u00e9ricaines des ann\u00e9es 50 r\u00e8gnent en ma\u00eetresses incontest\u00e9es. Ces automobiles classiques, qui roulent encore fi\u00e8rement sur les routes cubaines, racontent une histoire fascinante de r\u00e9sistance, d&#8217;ing\u00e9niosit\u00e9 et de charme r\u00e9tro.<\/p>\n\n\n\n<p class=\"\">Apr\u00e8s la r\u00e9volution cubaine de 1959 et l&#8217;embargo commercial impos\u00e9 par les \u00c9tats-Unis, l&#8217;importation de voitures et de pi\u00e8ces d\u00e9tach\u00e9es en provenance des \u00c9tats-Unis a \u00e9t\u00e9 arr\u00eat\u00e9e. Les Cubains, faisant preuve d&#8217;une incroyable r\u00e9silience et de cr\u00e9ativit\u00e9, ont alors d\u00fb trouver des moyens de maintenir ces voitures en \u00e9tat de marche. Cela a conduit \u00e0 une culture unique de bricolage automobile o\u00f9 les propri\u00e9taires improvisent et innovent pour que leurs v\u00e9hicules continuent de fonctionner.<\/p>\n\n\n\n<p class=\"\">Les voitures am\u00e9ricaines, telles que les Chevrolet, Ford, Buick et Cadillac des ann\u00e9es 40 et 50, sont devenues une part int\u00e9grante du paysage cubain. Elles sont souvent modifi\u00e9es avec des pi\u00e8ces fabriqu\u00e9es localement ou import\u00e9es de Russie et d&#8217;autres pays. Les m\u00e9caniciens cubains, ou &#8220;mec\u00e1nicos&#8221;, sont devenus des experts en adaptation et en innovation, transformant parfois compl\u00e8tement le moteur et le syst\u00e8me de propulsion pour faire face aux contraintes \u00e9conomiques.<\/p>\n\n\n<div class=\"wp-block-image\">\n<figure class=\"aligncenter\"><img data-recalc-dims=\"1\" loading=\"lazy\" decoding=\"async\" width=\"940\" height=\"529\" data-attachment-id=\"416\" data-permalink=\"https:\/\/le.nomade.sylvainperrierfotografi.com\/fr\/le-mythe-des-vieilles-voitures-americaines-a-cuba\/le-mythe-des-vieilles-voitures-americaines-a-cuba\/\" data-orig-file=\"https:\/\/i0.wp.com\/le.nomade.sylvainperrierfotografi.com\/wp-content\/uploads\/2024\/05\/Le-Mythe-des-Vieilles-Voitures-Americaines-a-Cuba.jpg?fit=1920%2C1080&amp;ssl=1\" data-orig-size=\"1920,1080\" data-comments-opened=\"1\" data-image-meta=\"{&quot;aperture&quot;:&quot;5&quot;,&quot;credit&quot;:&quot;Sylvain Perrier&quot;,&quot;camera&quot;:&quot;Canon EOS DIGITAL REBEL XSi&quot;,&quot;caption&quot;:&quot;&quot;,&quot;created_timestamp&quot;:&quot;1326804823&quot;,&quot;copyright&quot;:&quot;&quot;,&quot;focal_length&quot;:&quot;135&quot;,&quot;iso&quot;:&quot;200&quot;,&quot;shutter_speed&quot;:&quot;0.002&quot;,&quot;title&quot;:&quot;&quot;,&quot;orientation&quot;:&quot;0&quot;}\" data-image-title=\"Le Mythe des Vieilles Voitures Am\u00e9ricaines \u00e0 Cuba\" data-image-description=\"\" data-image-caption=\"\" data-large-file=\"https:\/\/i0.wp.com\/le.nomade.sylvainperrierfotografi.com\/wp-content\/uploads\/2024\/05\/Le-Mythe-des-Vieilles-Voitures-Americaines-a-Cuba.jpg?fit=940%2C529&amp;ssl=1\" src=\"https:\/\/i0.wp.com\/le.nomade.sylvainperrierfotografi.com\/wp-content\/uploads\/2024\/05\/Le-Mythe-des-Vieilles-Voitures-Americaines-a-Cuba.jpg?resize=940%2C529&#038;ssl=1\" alt=\"Le Mythe des Vieilles Voitures Am\u00e9ricaines \u00e0 Cuba\" class=\"wp-image-416\" srcset=\"https:\/\/i0.wp.com\/le.nomade.sylvainperrierfotografi.com\/wp-content\/uploads\/2024\/05\/Le-Mythe-des-Vieilles-Voitures-Americaines-a-Cuba.jpg?w=1920&amp;ssl=1 1920w, https:\/\/i0.wp.com\/le.nomade.sylvainperrierfotografi.com\/wp-content\/uploads\/2024\/05\/Le-Mythe-des-Vieilles-Voitures-Americaines-a-Cuba.jpg?resize=300%2C169&amp;ssl=1 300w, https:\/\/i0.wp.com\/le.nomade.sylvainperrierfotografi.com\/wp-content\/uploads\/2024\/05\/Le-Mythe-des-Vieilles-Voitures-Americaines-a-Cuba.jpg?resize=1024%2C576&amp;ssl=1 1024w, https:\/\/i0.wp.com\/le.nomade.sylvainperrierfotografi.com\/wp-content\/uploads\/2024\/05\/Le-Mythe-des-Vieilles-Voitures-Americaines-a-Cuba.jpg?resize=768%2C432&amp;ssl=1 768w, https:\/\/i0.wp.com\/le.nomade.sylvainperrierfotografi.com\/wp-content\/uploads\/2024\/05\/Le-Mythe-des-Vieilles-Voitures-Americaines-a-Cuba.jpg?resize=1536%2C864&amp;ssl=1 1536w, https:\/\/i0.wp.com\/le.nomade.sylvainperrierfotografi.com\/wp-content\/uploads\/2024\/05\/Le-Mythe-des-Vieilles-Voitures-Americaines-a-Cuba.jpg?resize=18%2C10&amp;ssl=1 18w, https:\/\/i0.wp.com\/le.nomade.sylvainperrierfotografi.com\/wp-content\/uploads\/2024\/05\/Le-Mythe-des-Vieilles-Voitures-Americaines-a-Cuba.jpg?resize=450%2C253&amp;ssl=1 450w, https:\/\/i0.wp.com\/le.nomade.sylvainperrierfotografi.com\/wp-content\/uploads\/2024\/05\/Le-Mythe-des-Vieilles-Voitures-Americaines-a-Cuba.jpg?resize=1422%2C800&amp;ssl=1 1422w\" sizes=\"auto, (max-width: 940px) 100vw, 940px\" \/><\/figure>\n<\/div>\n\n\n<p class=\"\"><\/p>\n\n\n\n<p class=\"\">Ces voitures ne sont pas seulement des moyens de transport ; elles sont devenues des symboles culturels et des attractions touristiques. Les touristes affluent pour faire un tour dans ces classiques, souvent restaur\u00e9s avec amour et soin, offrant une exp\u00e9rience nostalgique unique en son genre. Les voitures sont peintes dans des couleurs vives et \u00e9clatantes, refl\u00e9tant la vivacit\u00e9 et la chaleur de la culture cubaine.<\/p>\n\n\n\n<p class=\"\">Mais ces v\u00e9hicules sont plus qu&#8217;une attraction pittoresque. Ils incarnent l&#8217;esprit de survie et de cr\u00e9ativit\u00e9 des Cubains face \u00e0 des d\u00e9cennies de difficult\u00e9s \u00e9conomiques. Ils repr\u00e9sentent \u00e9galement une \u00e9poque r\u00e9volue de l&#8217;industrie automobile am\u00e9ricaine, un rappel des jours de gloire o\u00f9 ces voitures \u00e9taient les rois de la route.<\/p>\n\n\n\n<p class=\"\">L&#8217;avenir de ces voitures est incertain avec l&#8217;ouverture progressive de Cuba et la possibilit\u00e9 d&#8217;importer de nouveaux v\u00e9hicules. Cependant, pour l&#8217;instant, ces voitures classiques continuent de charmer et de captiver tous ceux qui les croisent. Elles restent un t\u00e9moignage vibrant de l&#8217;histoire complexe de Cuba et de la t\u00e9nacit\u00e9 de son peuple.<\/p>\n\n\n\n<h3 class=\"wp-block-heading\"><strong>Galerie d&#8217;Images<\/strong><\/h3>\n\n\n\n<p class=\"\">D\u00e9couvrez une galerie de photos qui capturent la vie et l&#8217;\u00e2me des rues de la vieille Havane, o\u00f9 chaque image raconte une histoire unique de cette ville fascinante. Profitez de ce voyage visuel \u00e0 travers le temps et laissez-vous emporter par la beaut\u00e9 et le charme intemporel de La Havane.<\/p>\n\n\n\n<div class=\"is-style-rectangular wp-block-jetpack-slideshow aligncenter\" data-autoplay=\"true\" data-delay=\"3\" data-effect=\"slide\"><div class=\"wp-block-jetpack-slideshow_container swiper-container\"><ul class=\"wp-block-jetpack-slideshow_swiper-wrapper swiper-wrapper\"><li class=\"wp-block-jetpack-slideshow_slide swiper-slide\"><figure><img data-recalc-dims=\"1\" loading=\"lazy\" decoding=\"async\" width=\"940\" height=\"1410\" alt=\"\" class=\"wp-block-jetpack-slideshow_image wp-image-428\" data-id=\"428\" src=\"https:\/\/i0.wp.com\/le.nomade.sylvainperrierfotografi.com\/wp-content\/uploads\/2024\/05\/Voiture-de-Cuba-2.jpg?resize=940%2C1410&#038;ssl=1\" srcset=\"https:\/\/i0.wp.com\/le.nomade.sylvainperrierfotografi.com\/wp-content\/uploads\/2024\/05\/Voiture-de-Cuba-2.jpg?w=1667&amp;ssl=1 1667w, https:\/\/i0.wp.com\/le.nomade.sylvainperrierfotografi.com\/wp-content\/uploads\/2024\/05\/Voiture-de-Cuba-2.jpg?resize=200%2C300&amp;ssl=1 200w, https:\/\/i0.wp.com\/le.nomade.sylvainperrierfotografi.com\/wp-content\/uploads\/2024\/05\/Voiture-de-Cuba-2.jpg?resize=683%2C1024&amp;ssl=1 683w, https:\/\/i0.wp.com\/le.nomade.sylvainperrierfotografi.com\/wp-content\/uploads\/2024\/05\/Voiture-de-Cuba-2.jpg?resize=768%2C1152&amp;ssl=1 768w, https:\/\/i0.wp.com\/le.nomade.sylvainperrierfotografi.com\/wp-content\/uploads\/2024\/05\/Voiture-de-Cuba-2.jpg?resize=1024%2C1536&amp;ssl=1 1024w, https:\/\/i0.wp.com\/le.nomade.sylvainperrierfotografi.com\/wp-content\/uploads\/2024\/05\/Voiture-de-Cuba-2.jpg?resize=1366%2C2048&amp;ssl=1 1366w, https:\/\/i0.wp.com\/le.nomade.sylvainperrierfotografi.com\/wp-content\/uploads\/2024\/05\/Voiture-de-Cuba-2.jpg?resize=8%2C12&amp;ssl=1 8w, https:\/\/i0.wp.com\/le.nomade.sylvainperrierfotografi.com\/wp-content\/uploads\/2024\/05\/Voiture-de-Cuba-2.jpg?resize=450%2C675&amp;ssl=1 450w, https:\/\/i0.wp.com\/le.nomade.sylvainperrierfotografi.com\/wp-content\/uploads\/2024\/05\/Voiture-de-Cuba-2.jpg?resize=533%2C800&amp;ssl=1 533w\" sizes=\"(max-width: 940px) 100vw, 940px\" \/><\/figure><\/li><li class=\"wp-block-jetpack-slideshow_slide swiper-slide\"><figure><img data-recalc-dims=\"1\" loading=\"lazy\" decoding=\"async\" width=\"940\" height=\"1410\" alt=\"\" class=\"wp-block-jetpack-slideshow_image wp-image-427\" data-id=\"427\" src=\"https:\/\/i0.wp.com\/le.nomade.sylvainperrierfotografi.com\/wp-content\/uploads\/2024\/05\/Voiture-de-Cuba.jpg?resize=940%2C1410&#038;ssl=1\" srcset=\"https:\/\/i0.wp.com\/le.nomade.sylvainperrierfotografi.com\/wp-content\/uploads\/2024\/05\/Voiture-de-Cuba.jpg?w=1667&amp;ssl=1 1667w, https:\/\/i0.wp.com\/le.nomade.sylvainperrierfotografi.com\/wp-content\/uploads\/2024\/05\/Voiture-de-Cuba.jpg?resize=200%2C300&amp;ssl=1 200w, https:\/\/i0.wp.com\/le.nomade.sylvainperrierfotografi.com\/wp-content\/uploads\/2024\/05\/Voiture-de-Cuba.jpg?resize=683%2C1024&amp;ssl=1 683w, https:\/\/i0.wp.com\/le.nomade.sylvainperrierfotografi.com\/wp-content\/uploads\/2024\/05\/Voiture-de-Cuba.jpg?resize=768%2C1152&amp;ssl=1 768w, https:\/\/i0.wp.com\/le.nomade.sylvainperrierfotografi.com\/wp-content\/uploads\/2024\/05\/Voiture-de-Cuba.jpg?resize=1024%2C1536&amp;ssl=1 1024w, https:\/\/i0.wp.com\/le.nomade.sylvainperrierfotografi.com\/wp-content\/uploads\/2024\/05\/Voiture-de-Cuba.jpg?resize=1366%2C2048&amp;ssl=1 1366w, https:\/\/i0.wp.com\/le.nomade.sylvainperrierfotografi.com\/wp-content\/uploads\/2024\/05\/Voiture-de-Cuba.jpg?resize=8%2C12&amp;ssl=1 8w, https:\/\/i0.wp.com\/le.nomade.sylvainperrierfotografi.com\/wp-content\/uploads\/2024\/05\/Voiture-de-Cuba.jpg?resize=450%2C675&amp;ssl=1 450w, https:\/\/i0.wp.com\/le.nomade.sylvainperrierfotografi.com\/wp-content\/uploads\/2024\/05\/Voiture-de-Cuba.jpg?resize=533%2C800&amp;ssl=1 533w\" sizes=\"(max-width: 940px) 100vw, 940px\" \/><\/figure><\/li><li class=\"wp-block-jetpack-slideshow_slide swiper-slide\"><figure><img data-recalc-dims=\"1\" loading=\"lazy\" decoding=\"async\" width=\"940\" height=\"664\" alt=\"\" class=\"wp-block-jetpack-slideshow_image wp-image-425\" data-id=\"425\" src=\"https:\/\/i0.wp.com\/le.nomade.sylvainperrierfotografi.com\/wp-content\/uploads\/2024\/05\/Le-Mythe-des-Vieilles-Voitures-Americaines-a-Cuba3.jpg?resize=940%2C664&#038;ssl=1\" srcset=\"https:\/\/i0.wp.com\/le.nomade.sylvainperrierfotografi.com\/wp-content\/uploads\/2024\/05\/Le-Mythe-des-Vieilles-Voitures-Americaines-a-Cuba3.jpg?w=2500&amp;ssl=1 2500w, https:\/\/i0.wp.com\/le.nomade.sylvainperrierfotografi.com\/wp-content\/uploads\/2024\/05\/Le-Mythe-des-Vieilles-Voitures-Americaines-a-Cuba3.jpg?resize=300%2C212&amp;ssl=1 300w, https:\/\/i0.wp.com\/le.nomade.sylvainperrierfotografi.com\/wp-content\/uploads\/2024\/05\/Le-Mythe-des-Vieilles-Voitures-Americaines-a-Cuba3.jpg?resize=1024%2C723&amp;ssl=1 1024w, https:\/\/i0.wp.com\/le.nomade.sylvainperrierfotografi.com\/wp-content\/uploads\/2024\/05\/Le-Mythe-des-Vieilles-Voitures-Americaines-a-Cuba3.jpg?resize=768%2C543&amp;ssl=1 768w, https:\/\/i0.wp.com\/le.nomade.sylvainperrierfotografi.com\/wp-content\/uploads\/2024\/05\/Le-Mythe-des-Vieilles-Voitures-Americaines-a-Cuba3.jpg?resize=1536%2C1085&amp;ssl=1 1536w, https:\/\/i0.wp.com\/le.nomade.sylvainperrierfotografi.com\/wp-content\/uploads\/2024\/05\/Le-Mythe-des-Vieilles-Voitures-Americaines-a-Cuba3.jpg?resize=2048%2C1447&amp;ssl=1 2048w, https:\/\/i0.wp.com\/le.nomade.sylvainperrierfotografi.com\/wp-content\/uploads\/2024\/05\/Le-Mythe-des-Vieilles-Voitures-Americaines-a-Cuba3.jpg?resize=18%2C12&amp;ssl=1 18w, https:\/\/i0.wp.com\/le.nomade.sylvainperrierfotografi.com\/wp-content\/uploads\/2024\/05\/Le-Mythe-des-Vieilles-Voitures-Americaines-a-Cuba3.jpg?resize=450%2C318&amp;ssl=1 450w, https:\/\/i0.wp.com\/le.nomade.sylvainperrierfotografi.com\/wp-content\/uploads\/2024\/05\/Le-Mythe-des-Vieilles-Voitures-Americaines-a-Cuba3.jpg?resize=1133%2C800&amp;ssl=1 1133w, https:\/\/i0.wp.com\/le.nomade.sylvainperrierfotografi.com\/wp-content\/uploads\/2024\/05\/Le-Mythe-des-Vieilles-Voitures-Americaines-a-Cuba3.jpg?w=1880&amp;ssl=1 1880w\" sizes=\"(max-width: 940px) 100vw, 940px\" \/><\/figure><\/li><li class=\"wp-block-jetpack-slideshow_slide swiper-slide\"><figure><img data-recalc-dims=\"1\" loading=\"lazy\" decoding=\"async\" width=\"940\" height=\"504\" alt=\"\" class=\"wp-block-jetpack-slideshow_image wp-image-424\" data-id=\"424\" src=\"https:\/\/i0.wp.com\/le.nomade.sylvainperrierfotografi.com\/wp-content\/uploads\/2024\/05\/Le-Mythe-des-Vieilles-Voitures-Americaines-a-Cuba-2.jpg?resize=940%2C504&#038;ssl=1\" srcset=\"https:\/\/i0.wp.com\/le.nomade.sylvainperrierfotografi.com\/wp-content\/uploads\/2024\/05\/Le-Mythe-des-Vieilles-Voitures-Americaines-a-Cuba-2.jpg?w=2500&amp;ssl=1 2500w, https:\/\/i0.wp.com\/le.nomade.sylvainperrierfotografi.com\/wp-content\/uploads\/2024\/05\/Le-Mythe-des-Vieilles-Voitures-Americaines-a-Cuba-2.jpg?resize=300%2C161&amp;ssl=1 300w, https:\/\/i0.wp.com\/le.nomade.sylvainperrierfotografi.com\/wp-content\/uploads\/2024\/05\/Le-Mythe-des-Vieilles-Voitures-Americaines-a-Cuba-2.jpg?resize=1024%2C549&amp;ssl=1 1024w, https:\/\/i0.wp.com\/le.nomade.sylvainperrierfotografi.com\/wp-content\/uploads\/2024\/05\/Le-Mythe-des-Vieilles-Voitures-Americaines-a-Cuba-2.jpg?resize=768%2C412&amp;ssl=1 768w, https:\/\/i0.wp.com\/le.nomade.sylvainperrierfotografi.com\/wp-content\/uploads\/2024\/05\/Le-Mythe-des-Vieilles-Voitures-Americaines-a-Cuba-2.jpg?resize=1536%2C823&amp;ssl=1 1536w, https:\/\/i0.wp.com\/le.nomade.sylvainperrierfotografi.com\/wp-content\/uploads\/2024\/05\/Le-Mythe-des-Vieilles-Voitures-Americaines-a-Cuba-2.jpg?resize=2048%2C1098&amp;ssl=1 2048w, https:\/\/i0.wp.com\/le.nomade.sylvainperrierfotografi.com\/wp-content\/uploads\/2024\/05\/Le-Mythe-des-Vieilles-Voitures-Americaines-a-Cuba-2.jpg?resize=18%2C10&amp;ssl=1 18w, https:\/\/i0.wp.com\/le.nomade.sylvainperrierfotografi.com\/wp-content\/uploads\/2024\/05\/Le-Mythe-des-Vieilles-Voitures-Americaines-a-Cuba-2.jpg?resize=450%2C241&amp;ssl=1 450w, https:\/\/i0.wp.com\/le.nomade.sylvainperrierfotografi.com\/wp-content\/uploads\/2024\/05\/Le-Mythe-des-Vieilles-Voitures-Americaines-a-Cuba-2.jpg?resize=1493%2C800&amp;ssl=1 1493w, https:\/\/i0.wp.com\/le.nomade.sylvainperrierfotografi.com\/wp-content\/uploads\/2024\/05\/Le-Mythe-des-Vieilles-Voitures-Americaines-a-Cuba-2.jpg?w=1880&amp;ssl=1 1880w\" sizes=\"(max-width: 940px) 100vw, 940px\" \/><\/figure><\/li><li class=\"wp-block-jetpack-slideshow_slide swiper-slide\"><figure><img data-recalc-dims=\"1\" loading=\"lazy\" decoding=\"async\" width=\"940\" height=\"601\" alt=\"\" class=\"wp-block-jetpack-slideshow_image wp-image-423\" data-id=\"423\" src=\"https:\/\/i0.wp.com\/le.nomade.sylvainperrierfotografi.com\/wp-content\/uploads\/2024\/05\/les-gens-2.jpg?resize=940%2C601&#038;ssl=1\" srcset=\"https:\/\/i0.wp.com\/le.nomade.sylvainperrierfotografi.com\/wp-content\/uploads\/2024\/05\/les-gens-2.jpg?w=2500&amp;ssl=1 2500w, https:\/\/i0.wp.com\/le.nomade.sylvainperrierfotografi.com\/wp-content\/uploads\/2024\/05\/les-gens-2.jpg?resize=300%2C192&amp;ssl=1 300w, https:\/\/i0.wp.com\/le.nomade.sylvainperrierfotografi.com\/wp-content\/uploads\/2024\/05\/les-gens-2.jpg?resize=1024%2C655&amp;ssl=1 1024w, https:\/\/i0.wp.com\/le.nomade.sylvainperrierfotografi.com\/wp-content\/uploads\/2024\/05\/les-gens-2.jpg?resize=768%2C491&amp;ssl=1 768w, https:\/\/i0.wp.com\/le.nomade.sylvainperrierfotografi.com\/wp-content\/uploads\/2024\/05\/les-gens-2.jpg?resize=1536%2C982&amp;ssl=1 1536w, https:\/\/i0.wp.com\/le.nomade.sylvainperrierfotografi.com\/wp-content\/uploads\/2024\/05\/les-gens-2.jpg?resize=2048%2C1309&amp;ssl=1 2048w, https:\/\/i0.wp.com\/le.nomade.sylvainperrierfotografi.com\/wp-content\/uploads\/2024\/05\/les-gens-2.jpg?resize=18%2C12&amp;ssl=1 18w, https:\/\/i0.wp.com\/le.nomade.sylvainperrierfotografi.com\/wp-content\/uploads\/2024\/05\/les-gens-2.jpg?resize=450%2C288&amp;ssl=1 450w, https:\/\/i0.wp.com\/le.nomade.sylvainperrierfotografi.com\/wp-content\/uploads\/2024\/05\/les-gens-2.jpg?resize=1252%2C800&amp;ssl=1 1252w, https:\/\/i0.wp.com\/le.nomade.sylvainperrierfotografi.com\/wp-content\/uploads\/2024\/05\/les-gens-2.jpg?w=1880&amp;ssl=1 1880w\" sizes=\"(max-width: 940px) 100vw, 940px\" \/><\/figure><\/li><li class=\"wp-block-jetpack-slideshow_slide swiper-slide\"><figure><img data-recalc-dims=\"1\" loading=\"lazy\" decoding=\"async\" width=\"940\" height=\"627\" alt=\"\" class=\"wp-block-jetpack-slideshow_image wp-image-422\" data-id=\"422\" src=\"https:\/\/i0.wp.com\/le.nomade.sylvainperrierfotografi.com\/wp-content\/uploads\/2024\/05\/HSU-151-Cuba.jpg?resize=940%2C627&#038;ssl=1\" srcset=\"https:\/\/i0.wp.com\/le.nomade.sylvainperrierfotografi.com\/wp-content\/uploads\/2024\/05\/HSU-151-Cuba.jpg?w=2500&amp;ssl=1 2500w, https:\/\/i0.wp.com\/le.nomade.sylvainperrierfotografi.com\/wp-content\/uploads\/2024\/05\/HSU-151-Cuba.jpg?resize=300%2C200&amp;ssl=1 300w, https:\/\/i0.wp.com\/le.nomade.sylvainperrierfotografi.com\/wp-content\/uploads\/2024\/05\/HSU-151-Cuba.jpg?resize=1024%2C683&amp;ssl=1 1024w, https:\/\/i0.wp.com\/le.nomade.sylvainperrierfotografi.com\/wp-content\/uploads\/2024\/05\/HSU-151-Cuba.jpg?resize=768%2C512&amp;ssl=1 768w, https:\/\/i0.wp.com\/le.nomade.sylvainperrierfotografi.com\/wp-content\/uploads\/2024\/05\/HSU-151-Cuba.jpg?resize=1536%2C1024&amp;ssl=1 1536w, https:\/\/i0.wp.com\/le.nomade.sylvainperrierfotografi.com\/wp-content\/uploads\/2024\/05\/HSU-151-Cuba.jpg?resize=2048%2C1366&amp;ssl=1 2048w, https:\/\/i0.wp.com\/le.nomade.sylvainperrierfotografi.com\/wp-content\/uploads\/2024\/05\/HSU-151-Cuba.jpg?resize=18%2C12&amp;ssl=1 18w, https:\/\/i0.wp.com\/le.nomade.sylvainperrierfotografi.com\/wp-content\/uploads\/2024\/05\/HSU-151-Cuba.jpg?resize=450%2C300&amp;ssl=1 450w, https:\/\/i0.wp.com\/le.nomade.sylvainperrierfotografi.com\/wp-content\/uploads\/2024\/05\/HSU-151-Cuba.jpg?resize=1200%2C800&amp;ssl=1 1200w, https:\/\/i0.wp.com\/le.nomade.sylvainperrierfotografi.com\/wp-content\/uploads\/2024\/05\/HSU-151-Cuba.jpg?w=1880&amp;ssl=1 1880w\" sizes=\"(max-width: 940px) 100vw, 940px\" \/><\/figure><\/li><li class=\"wp-block-jetpack-slideshow_slide swiper-slide\"><figure><img data-recalc-dims=\"1\" loading=\"lazy\" decoding=\"async\" width=\"940\" height=\"627\" alt=\"Le Mythe des Vieilles Voitures Am\u00e9ricaines \u00e0 Cuba\" class=\"wp-block-jetpack-slideshow_image wp-image-421\" data-id=\"421\" src=\"https:\/\/i0.wp.com\/le.nomade.sylvainperrierfotografi.com\/wp-content\/uploads\/2024\/05\/HSM919-Cuba.jpg?resize=940%2C627&#038;ssl=1\" srcset=\"https:\/\/i0.wp.com\/le.nomade.sylvainperrierfotografi.com\/wp-content\/uploads\/2024\/05\/HSM919-Cuba.jpg?w=2500&amp;ssl=1 2500w, https:\/\/i0.wp.com\/le.nomade.sylvainperrierfotografi.com\/wp-content\/uploads\/2024\/05\/HSM919-Cuba.jpg?resize=300%2C200&amp;ssl=1 300w, https:\/\/i0.wp.com\/le.nomade.sylvainperrierfotografi.com\/wp-content\/uploads\/2024\/05\/HSM919-Cuba.jpg?resize=1024%2C683&amp;ssl=1 1024w, https:\/\/i0.wp.com\/le.nomade.sylvainperrierfotografi.com\/wp-content\/uploads\/2024\/05\/HSM919-Cuba.jpg?resize=768%2C512&amp;ssl=1 768w, https:\/\/i0.wp.com\/le.nomade.sylvainperrierfotografi.com\/wp-content\/uploads\/2024\/05\/HSM919-Cuba.jpg?resize=1536%2C1024&amp;ssl=1 1536w, https:\/\/i0.wp.com\/le.nomade.sylvainperrierfotografi.com\/wp-content\/uploads\/2024\/05\/HSM919-Cuba.jpg?resize=2048%2C1366&amp;ssl=1 2048w, https:\/\/i0.wp.com\/le.nomade.sylvainperrierfotografi.com\/wp-content\/uploads\/2024\/05\/HSM919-Cuba.jpg?resize=18%2C12&amp;ssl=1 18w, https:\/\/i0.wp.com\/le.nomade.sylvainperrierfotografi.com\/wp-content\/uploads\/2024\/05\/HSM919-Cuba.jpg?resize=450%2C300&amp;ssl=1 450w, https:\/\/i0.wp.com\/le.nomade.sylvainperrierfotografi.com\/wp-content\/uploads\/2024\/05\/HSM919-Cuba.jpg?resize=1200%2C800&amp;ssl=1 1200w, https:\/\/i0.wp.com\/le.nomade.sylvainperrierfotografi.com\/wp-content\/uploads\/2024\/05\/HSM919-Cuba.jpg?w=1880&amp;ssl=1 1880w\" sizes=\"(max-width: 940px) 100vw, 940px\" \/><\/figure><\/li><li class=\"wp-block-jetpack-slideshow_slide swiper-slide\"><figure><img data-recalc-dims=\"1\" loading=\"lazy\" decoding=\"async\" width=\"940\" height=\"627\" alt=\"\" class=\"wp-block-jetpack-slideshow_image wp-image-420\" data-id=\"420\" src=\"https:\/\/i0.wp.com\/le.nomade.sylvainperrierfotografi.com\/wp-content\/uploads\/2024\/05\/Ford-VDB-553-Cuba.jpg?resize=940%2C627&#038;ssl=1\" srcset=\"https:\/\/i0.wp.com\/le.nomade.sylvainperrierfotografi.com\/wp-content\/uploads\/2024\/05\/Ford-VDB-553-Cuba.jpg?w=2500&amp;ssl=1 2500w, https:\/\/i0.wp.com\/le.nomade.sylvainperrierfotografi.com\/wp-content\/uploads\/2024\/05\/Ford-VDB-553-Cuba.jpg?resize=300%2C200&amp;ssl=1 300w, https:\/\/i0.wp.com\/le.nomade.sylvainperrierfotografi.com\/wp-content\/uploads\/2024\/05\/Ford-VDB-553-Cuba.jpg?resize=1024%2C683&amp;ssl=1 1024w, https:\/\/i0.wp.com\/le.nomade.sylvainperrierfotografi.com\/wp-content\/uploads\/2024\/05\/Ford-VDB-553-Cuba.jpg?resize=768%2C512&amp;ssl=1 768w, https:\/\/i0.wp.com\/le.nomade.sylvainperrierfotografi.com\/wp-content\/uploads\/2024\/05\/Ford-VDB-553-Cuba.jpg?resize=1536%2C1024&amp;ssl=1 1536w, https:\/\/i0.wp.com\/le.nomade.sylvainperrierfotografi.com\/wp-content\/uploads\/2024\/05\/Ford-VDB-553-Cuba.jpg?resize=2048%2C1366&amp;ssl=1 2048w, https:\/\/i0.wp.com\/le.nomade.sylvainperrierfotografi.com\/wp-content\/uploads\/2024\/05\/Ford-VDB-553-Cuba.jpg?resize=18%2C12&amp;ssl=1 18w, https:\/\/i0.wp.com\/le.nomade.sylvainperrierfotografi.com\/wp-content\/uploads\/2024\/05\/Ford-VDB-553-Cuba.jpg?resize=450%2C300&amp;ssl=1 450w, https:\/\/i0.wp.com\/le.nomade.sylvainperrierfotografi.com\/wp-content\/uploads\/2024\/05\/Ford-VDB-553-Cuba.jpg?resize=1200%2C800&amp;ssl=1 1200w, https:\/\/i0.wp.com\/le.nomade.sylvainperrierfotografi.com\/wp-content\/uploads\/2024\/05\/Ford-VDB-553-Cuba.jpg?w=1880&amp;ssl=1 1880w\" sizes=\"(max-width: 940px) 100vw, 940px\" \/><\/figure><\/li><li class=\"wp-block-jetpack-slideshow_slide swiper-slide\"><figure><img data-recalc-dims=\"1\" loading=\"lazy\" decoding=\"async\" width=\"940\" height=\"940\" alt=\"\" class=\"wp-block-jetpack-slideshow_image wp-image-419\" data-id=\"419\" src=\"https:\/\/i0.wp.com\/le.nomade.sylvainperrierfotografi.com\/wp-content\/uploads\/2024\/05\/Cuba-Havane-11.jpg?resize=940%2C940&#038;ssl=1\" srcset=\"https:\/\/i0.wp.com\/le.nomade.sylvainperrierfotografi.com\/wp-content\/uploads\/2024\/05\/Cuba-Havane-11.jpg?w=2500&amp;ssl=1 2500w, https:\/\/i0.wp.com\/le.nomade.sylvainperrierfotografi.com\/wp-content\/uploads\/2024\/05\/Cuba-Havane-11.jpg?resize=300%2C300&amp;ssl=1 300w, https:\/\/i0.wp.com\/le.nomade.sylvainperrierfotografi.com\/wp-content\/uploads\/2024\/05\/Cuba-Havane-11.jpg?resize=1024%2C1024&amp;ssl=1 1024w, https:\/\/i0.wp.com\/le.nomade.sylvainperrierfotografi.com\/wp-content\/uploads\/2024\/05\/Cuba-Havane-11.jpg?resize=150%2C150&amp;ssl=1 150w, https:\/\/i0.wp.com\/le.nomade.sylvainperrierfotografi.com\/wp-content\/uploads\/2024\/05\/Cuba-Havane-11.jpg?resize=768%2C768&amp;ssl=1 768w, https:\/\/i0.wp.com\/le.nomade.sylvainperrierfotografi.com\/wp-content\/uploads\/2024\/05\/Cuba-Havane-11.jpg?resize=1536%2C1536&amp;ssl=1 1536w, https:\/\/i0.wp.com\/le.nomade.sylvainperrierfotografi.com\/wp-content\/uploads\/2024\/05\/Cuba-Havane-11.jpg?resize=2048%2C2048&amp;ssl=1 2048w, https:\/\/i0.wp.com\/le.nomade.sylvainperrierfotografi.com\/wp-content\/uploads\/2024\/05\/Cuba-Havane-11.jpg?resize=12%2C12&amp;ssl=1 12w, https:\/\/i0.wp.com\/le.nomade.sylvainperrierfotografi.com\/wp-content\/uploads\/2024\/05\/Cuba-Havane-11.jpg?resize=450%2C450&amp;ssl=1 450w, https:\/\/i0.wp.com\/le.nomade.sylvainperrierfotografi.com\/wp-content\/uploads\/2024\/05\/Cuba-Havane-11.jpg?resize=800%2C800&amp;ssl=1 800w, https:\/\/i0.wp.com\/le.nomade.sylvainperrierfotografi.com\/wp-content\/uploads\/2024\/05\/Cuba-Havane-11.jpg?resize=50%2C50&amp;ssl=1 50w, https:\/\/i0.wp.com\/le.nomade.sylvainperrierfotografi.com\/wp-content\/uploads\/2024\/05\/Cuba-Havane-11.jpg?w=1880&amp;ssl=1 1880w\" sizes=\"(max-width: 940px) 100vw, 940px\" \/><\/figure><\/li><li class=\"wp-block-jetpack-slideshow_slide swiper-slide\"><figure><img data-recalc-dims=\"1\" loading=\"lazy\" decoding=\"async\" width=\"940\" height=\"627\" alt=\"\" class=\"wp-block-jetpack-slideshow_image wp-image-418\" data-id=\"418\" src=\"https:\/\/i0.wp.com\/le.nomade.sylvainperrierfotografi.com\/wp-content\/uploads\/2024\/05\/Cuba-Les-vieilles-voiture-4.jpg?resize=940%2C627&#038;ssl=1\" srcset=\"https:\/\/i0.wp.com\/le.nomade.sylvainperrierfotografi.com\/wp-content\/uploads\/2024\/05\/Cuba-Les-vieilles-voiture-4.jpg?w=1620&amp;ssl=1 1620w, https:\/\/i0.wp.com\/le.nomade.sylvainperrierfotografi.com\/wp-content\/uploads\/2024\/05\/Cuba-Les-vieilles-voiture-4.jpg?resize=300%2C200&amp;ssl=1 300w, https:\/\/i0.wp.com\/le.nomade.sylvainperrierfotografi.com\/wp-content\/uploads\/2024\/05\/Cuba-Les-vieilles-voiture-4.jpg?resize=1024%2C683&amp;ssl=1 1024w, https:\/\/i0.wp.com\/le.nomade.sylvainperrierfotografi.com\/wp-content\/uploads\/2024\/05\/Cuba-Les-vieilles-voiture-4.jpg?resize=768%2C512&amp;ssl=1 768w, https:\/\/i0.wp.com\/le.nomade.sylvainperrierfotografi.com\/wp-content\/uploads\/2024\/05\/Cuba-Les-vieilles-voiture-4.jpg?resize=1536%2C1024&amp;ssl=1 1536w, https:\/\/i0.wp.com\/le.nomade.sylvainperrierfotografi.com\/wp-content\/uploads\/2024\/05\/Cuba-Les-vieilles-voiture-4.jpg?resize=18%2C12&amp;ssl=1 18w, https:\/\/i0.wp.com\/le.nomade.sylvainperrierfotografi.com\/wp-content\/uploads\/2024\/05\/Cuba-Les-vieilles-voiture-4.jpg?resize=450%2C300&amp;ssl=1 450w, https:\/\/i0.wp.com\/le.nomade.sylvainperrierfotografi.com\/wp-content\/uploads\/2024\/05\/Cuba-Les-vieilles-voiture-4.jpg?resize=1200%2C800&amp;ssl=1 1200w\" sizes=\"(max-width: 940px) 100vw, 940px\" \/><\/figure><\/li><li class=\"wp-block-jetpack-slideshow_slide swiper-slide\"><figure><img data-recalc-dims=\"1\" loading=\"lazy\" decoding=\"async\" width=\"940\" height=\"535\" alt=\"\" class=\"wp-block-jetpack-slideshow_image wp-image-417\" data-id=\"417\" src=\"https:\/\/i0.wp.com\/le.nomade.sylvainperrierfotografi.com\/wp-content\/uploads\/2024\/05\/Le-Mythe-des-Vieilles-Voitures-Americaines-a-Cuba-1.jpg?resize=940%2C535&#038;ssl=1\" srcset=\"https:\/\/i0.wp.com\/le.nomade.sylvainperrierfotografi.com\/wp-content\/uploads\/2024\/05\/Le-Mythe-des-Vieilles-Voitures-Americaines-a-Cuba-1.jpg?w=1899&amp;ssl=1 1899w, https:\/\/i0.wp.com\/le.nomade.sylvainperrierfotografi.com\/wp-content\/uploads\/2024\/05\/Le-Mythe-des-Vieilles-Voitures-Americaines-a-Cuba-1.jpg?resize=300%2C171&amp;ssl=1 300w, https:\/\/i0.wp.com\/le.nomade.sylvainperrierfotografi.com\/wp-content\/uploads\/2024\/05\/Le-Mythe-des-Vieilles-Voitures-Americaines-a-Cuba-1.jpg?resize=1024%2C582&amp;ssl=1 1024w, https:\/\/i0.wp.com\/le.nomade.sylvainperrierfotografi.com\/wp-content\/uploads\/2024\/05\/Le-Mythe-des-Vieilles-Voitures-Americaines-a-Cuba-1.jpg?resize=768%2C437&amp;ssl=1 768w, https:\/\/i0.wp.com\/le.nomade.sylvainperrierfotografi.com\/wp-content\/uploads\/2024\/05\/Le-Mythe-des-Vieilles-Voitures-Americaines-a-Cuba-1.jpg?resize=1536%2C874&amp;ssl=1 1536w, https:\/\/i0.wp.com\/le.nomade.sylvainperrierfotografi.com\/wp-content\/uploads\/2024\/05\/Le-Mythe-des-Vieilles-Voitures-Americaines-a-Cuba-1.jpg?resize=18%2C10&amp;ssl=1 18w, https:\/\/i0.wp.com\/le.nomade.sylvainperrierfotografi.com\/wp-content\/uploads\/2024\/05\/Le-Mythe-des-Vieilles-Voitures-Americaines-a-Cuba-1.jpg?resize=450%2C256&amp;ssl=1 450w, https:\/\/i0.wp.com\/le.nomade.sylvainperrierfotografi.com\/wp-content\/uploads\/2024\/05\/Le-Mythe-des-Vieilles-Voitures-Americaines-a-Cuba-1.jpg?resize=1407%2C800&amp;ssl=1 1407w\" sizes=\"(max-width: 940px) 100vw, 940px\" \/><\/figure><\/li><li class=\"wp-block-jetpack-slideshow_slide swiper-slide\"><figure><img data-recalc-dims=\"1\" loading=\"lazy\" decoding=\"async\" width=\"866\" height=\"1080\" alt=\"\" class=\"wp-block-jetpack-slideshow_image wp-image-415\" data-id=\"415\" src=\"https:\/\/i0.wp.com\/le.nomade.sylvainperrierfotografi.com\/wp-content\/uploads\/2024\/05\/Cuba-Les-vieilles-voiture.jpg?resize=866%2C1080&#038;ssl=1\" srcset=\"https:\/\/i0.wp.com\/le.nomade.sylvainperrierfotografi.com\/wp-content\/uploads\/2024\/05\/Cuba-Les-vieilles-voiture.jpg?w=866&amp;ssl=1 866w, https:\/\/i0.wp.com\/le.nomade.sylvainperrierfotografi.com\/wp-content\/uploads\/2024\/05\/Cuba-Les-vieilles-voiture.jpg?resize=241%2C300&amp;ssl=1 241w, https:\/\/i0.wp.com\/le.nomade.sylvainperrierfotografi.com\/wp-content\/uploads\/2024\/05\/Cuba-Les-vieilles-voiture.jpg?resize=821%2C1024&amp;ssl=1 821w, https:\/\/i0.wp.com\/le.nomade.sylvainperrierfotografi.com\/wp-content\/uploads\/2024\/05\/Cuba-Les-vieilles-voiture.jpg?resize=768%2C958&amp;ssl=1 768w, https:\/\/i0.wp.com\/le.nomade.sylvainperrierfotografi.com\/wp-content\/uploads\/2024\/05\/Cuba-Les-vieilles-voiture.jpg?resize=10%2C12&amp;ssl=1 10w, https:\/\/i0.wp.com\/le.nomade.sylvainperrierfotografi.com\/wp-content\/uploads\/2024\/05\/Cuba-Les-vieilles-voiture.jpg?resize=450%2C561&amp;ssl=1 450w, https:\/\/i0.wp.com\/le.nomade.sylvainperrierfotografi.com\/wp-content\/uploads\/2024\/05\/Cuba-Les-vieilles-voiture.jpg?resize=641%2C800&amp;ssl=1 641w\" sizes=\"(max-width: 866px) 100vw, 866px\" \/><\/figure><\/li><li class=\"wp-block-jetpack-slideshow_slide swiper-slide\"><figure><img data-recalc-dims=\"1\" loading=\"lazy\" decoding=\"async\" width=\"940\" height=\"773\" alt=\"\" class=\"wp-block-jetpack-slideshow_image wp-image-414\" data-id=\"414\" src=\"https:\/\/i0.wp.com\/le.nomade.sylvainperrierfotografi.com\/wp-content\/uploads\/2024\/05\/Cuba-Les-vieilles-voiture-2.jpg?resize=940%2C773&#038;ssl=1\" srcset=\"https:\/\/i0.wp.com\/le.nomade.sylvainperrierfotografi.com\/wp-content\/uploads\/2024\/05\/Cuba-Les-vieilles-voiture-2.jpg?w=1313&amp;ssl=1 1313w, https:\/\/i0.wp.com\/le.nomade.sylvainperrierfotografi.com\/wp-content\/uploads\/2024\/05\/Cuba-Les-vieilles-voiture-2.jpg?resize=300%2C247&amp;ssl=1 300w, https:\/\/i0.wp.com\/le.nomade.sylvainperrierfotografi.com\/wp-content\/uploads\/2024\/05\/Cuba-Les-vieilles-voiture-2.jpg?resize=1024%2C842&amp;ssl=1 1024w, https:\/\/i0.wp.com\/le.nomade.sylvainperrierfotografi.com\/wp-content\/uploads\/2024\/05\/Cuba-Les-vieilles-voiture-2.jpg?resize=768%2C632&amp;ssl=1 768w, https:\/\/i0.wp.com\/le.nomade.sylvainperrierfotografi.com\/wp-content\/uploads\/2024\/05\/Cuba-Les-vieilles-voiture-2.jpg?resize=15%2C12&amp;ssl=1 15w, https:\/\/i0.wp.com\/le.nomade.sylvainperrierfotografi.com\/wp-content\/uploads\/2024\/05\/Cuba-Les-vieilles-voiture-2.jpg?resize=450%2C370&amp;ssl=1 450w, https:\/\/i0.wp.com\/le.nomade.sylvainperrierfotografi.com\/wp-content\/uploads\/2024\/05\/Cuba-Les-vieilles-voiture-2.jpg?resize=973%2C800&amp;ssl=1 973w\" sizes=\"(max-width: 940px) 100vw, 940px\" \/><\/figure><\/li><\/ul><a class=\"wp-block-jetpack-slideshow_button-prev swiper-button-prev swiper-button-white\" role=\"button\"><\/a><a class=\"wp-block-jetpack-slideshow_button-next swiper-button-next swiper-button-white\" role=\"button\"><\/a><a aria-label=\"Pause Slideshow\" class=\"wp-block-jetpack-slideshow_button-pause\" role=\"button\"><\/a><div class=\"wp-block-jetpack-slideshow_pagination swiper-pagination swiper-pagination-white\"><\/div><\/div><\/div>\n\n\n\n<hr class=\"wp-block-separator has-alpha-channel-opacity\"\/>","protected":false},"excerpt":{"rendered":"<p>Les rues de La Havane, la capitale de Cuba, sont comme un mus\u00e9e vivant, une capsule temporelle o\u00f9 [&hellip;]<\/p>\n","protected":false},"author":1,"featured_media":426,"comment_status":"closed","ping_status":"closed","sticky":false,"template":"","format":"standard","meta":{"nf_dc_page":"","_jetpack_memberships_contains_paid_content":false,"footnotes":"","jetpack_publicize_message":"","jetpack_publicize_feature_enabled":true,"jetpack_social_post_already_shared":false,"jetpack_social_options":{"image_generator_settings":{"template":"highway","default_image_id":0,"font":"","enabled":false},"version":2}},"categories":[56,58,61],"tags":[],"class_list":["post-429","post","type-post","status-publish","format-standard","has-post-thumbnail","hentry","category-aventures-urbaines","category-portraits-et-scenes-de-vie","category-voyages-et-decouvertes"],"yoast_head":"<!-- This site is optimized with the Yoast SEO plugin v27.4 - https:\/\/yoast.com\/product\/yoast-seo-wordpress\/ -->\n<title>Le Mythe des Vieilles Voitures Am\u00e9ricaines \u00e0 Cuba - Le Nomade<\/title>\n<meta name=\"description\" content=\"Le Mythe des Vieilles Voitures Am\u00e9ricaines \u00e0 Cuba - Les rues de La Havane, la capitale de Cuba, sont comme un mus\u00e9e vivant\" \/>\n<meta name=\"robots\" content=\"index, follow, max-snippet:-1, max-image-preview:large, max-video-preview:-1\" \/>\n<link rel=\"canonical\" href=\"https:\/\/le.nomade.sylvainperrierfotografi.com\/fr\/le-mythe-des-vieilles-voitures-americaines-a-cuba\/\" \/>\n<meta property=\"og:locale\" content=\"fr_FR\" \/>\n<meta property=\"og:type\" content=\"article\" \/>\n<meta property=\"og:title\" content=\"Le Mythe des Vieilles Voitures Am\u00e9ricaines \u00e0 Cuba - Le Nomade\" \/>\n<meta property=\"og:description\" content=\"Le Mythe des Vieilles Voitures Am\u00e9ricaines \u00e0 Cuba - Les rues de La Havane, la capitale de Cuba, sont comme un mus\u00e9e vivant\" \/>\n<meta property=\"og:url\" content=\"https:\/\/le.nomade.sylvainperrierfotografi.com\/fr\/le-mythe-des-vieilles-voitures-americaines-a-cuba\/\" \/>\n<meta property=\"og:site_name\" content=\"Le Nomade\" \/>\n<meta property=\"article:publisher\" content=\"https:\/\/www.facebook.com\/SylvainPerrierFotografie\" \/>\n<meta property=\"article:author\" content=\"https:\/\/www.facebook.com\/SylvainPerrierFotografie\" \/>\n<meta property=\"article:published_time\" content=\"2024-05-18T14:38:19+00:00\" \/>\n<meta property=\"article:modified_time\" content=\"2024-06-07T02:14:53+00:00\" \/>\n<meta property=\"og:image\" content=\"https:\/\/le.nomade.sylvainperrierfotografi.com\/wp-content\/uploads\/2024\/05\/Voiture-4-2.jpg\" \/>\n\t<meta property=\"og:image:width\" content=\"2500\" \/>\n\t<meta property=\"og:image:height\" content=\"1667\" \/>\n\t<meta property=\"og:image:type\" content=\"image\/jpeg\" \/>\n<meta name=\"author\" content=\"nomade\" \/>\n<meta name=\"twitter:card\" content=\"summary_large_image\" \/>\n<meta name=\"twitter:creator\" content=\"@sylvainxperrier\" \/>\n<meta name=\"twitter:site\" content=\"@sylvainxperrier\" \/>\n<meta name=\"twitter:label1\" content=\"\u00c9crit par\" \/>\n\t<meta name=\"twitter:data1\" content=\"nomade\" \/>\n\t<meta name=\"twitter:label2\" content=\"Dur\u00e9e de lecture estim\u00e9e\" \/>\n\t<meta name=\"twitter:data2\" content=\"6 minutes\" \/>\n<script type=\"application\/ld+json\" class=\"yoast-schema-graph\">{\"@context\":\"https:\\\/\\\/schema.org\",\"@graph\":[{\"@type\":\"Article\",\"@id\":\"https:\\\/\\\/le.nomade.sylvainperrierfotografi.com\\\/le-mythe-des-vieilles-voitures-americaines-a-cuba\\\/#article\",\"isPartOf\":{\"@id\":\"https:\\\/\\\/le.nomade.sylvainperrierfotografi.com\\\/le-mythe-des-vieilles-voitures-americaines-a-cuba\\\/\"},\"author\":{\"name\":\"nomade\",\"@id\":\"https:\\\/\\\/le.nomade.sylvainperrierfotografi.com\\\/#\\\/schema\\\/person\\\/422f9f9af75b66cb9416a7ef7bc22a92\"},\"headline\":\"Le Mythe des Vieilles Voitures Am\u00e9ricaines \u00e0 Cuba\",\"datePublished\":\"2024-05-18T14:38:19+00:00\",\"dateModified\":\"2024-06-07T02:14:53+00:00\",\"mainEntityOfPage\":{\"@id\":\"https:\\\/\\\/le.nomade.sylvainperrierfotografi.com\\\/le-mythe-des-vieilles-voitures-americaines-a-cuba\\\/\"},\"wordCount\":475,\"publisher\":{\"@id\":\"https:\\\/\\\/le.nomade.sylvainperrierfotografi.com\\\/#\\\/schema\\\/person\\\/422f9f9af75b66cb9416a7ef7bc22a92\"},\"image\":{\"@id\":\"https:\\\/\\\/le.nomade.sylvainperrierfotografi.com\\\/le-mythe-des-vieilles-voitures-americaines-a-cuba\\\/#primaryimage\"},\"thumbnailUrl\":\"https:\\\/\\\/i0.wp.com\\\/le.nomade.sylvainperrierfotografi.com\\\/wp-content\\\/uploads\\\/2024\\\/05\\\/Voiture-4-2.jpg?fit=2500%2C1667&ssl=1\",\"articleSection\":[\"Aventures Urbaines\",\"Portraits et Sc\u00e8nes de Vie\",\"Voyages et D\u00e9couvertes\"],\"inLanguage\":\"fr-FR\"},{\"@type\":\"WebPage\",\"@id\":\"https:\\\/\\\/le.nomade.sylvainperrierfotografi.com\\\/le-mythe-des-vieilles-voitures-americaines-a-cuba\\\/\",\"url\":\"https:\\\/\\\/le.nomade.sylvainperrierfotografi.com\\\/le-mythe-des-vieilles-voitures-americaines-a-cuba\\\/\",\"name\":\"Le Mythe des Vieilles Voitures Am\u00e9ricaines \u00e0 Cuba - Le Nomade\",\"isPartOf\":{\"@id\":\"https:\\\/\\\/le.nomade.sylvainperrierfotografi.com\\\/#website\"},\"primaryImageOfPage\":{\"@id\":\"https:\\\/\\\/le.nomade.sylvainperrierfotografi.com\\\/le-mythe-des-vieilles-voitures-americaines-a-cuba\\\/#primaryimage\"},\"image\":{\"@id\":\"https:\\\/\\\/le.nomade.sylvainperrierfotografi.com\\\/le-mythe-des-vieilles-voitures-americaines-a-cuba\\\/#primaryimage\"},\"thumbnailUrl\":\"https:\\\/\\\/i0.wp.com\\\/le.nomade.sylvainperrierfotografi.com\\\/wp-content\\\/uploads\\\/2024\\\/05\\\/Voiture-4-2.jpg?fit=2500%2C1667&ssl=1\",\"datePublished\":\"2024-05-18T14:38:19+00:00\",\"dateModified\":\"2024-06-07T02:14:53+00:00\",\"description\":\"Le Mythe des Vieilles Voitures Am\u00e9ricaines \u00e0 Cuba - Les rues de La Havane, la capitale de Cuba, sont comme un mus\u00e9e vivant\",\"breadcrumb\":{\"@id\":\"https:\\\/\\\/le.nomade.sylvainperrierfotografi.com\\\/le-mythe-des-vieilles-voitures-americaines-a-cuba\\\/#breadcrumb\"},\"inLanguage\":\"fr-FR\",\"potentialAction\":[{\"@type\":\"ReadAction\",\"target\":[\"https:\\\/\\\/le.nomade.sylvainperrierfotografi.com\\\/le-mythe-des-vieilles-voitures-americaines-a-cuba\\\/\"]}]},{\"@type\":\"ImageObject\",\"inLanguage\":\"fr-FR\",\"@id\":\"https:\\\/\\\/le.nomade.sylvainperrierfotografi.com\\\/le-mythe-des-vieilles-voitures-americaines-a-cuba\\\/#primaryimage\",\"url\":\"https:\\\/\\\/i0.wp.com\\\/le.nomade.sylvainperrierfotografi.com\\\/wp-content\\\/uploads\\\/2024\\\/05\\\/Voiture-4-2.jpg?fit=2500%2C1667&ssl=1\",\"contentUrl\":\"https:\\\/\\\/i0.wp.com\\\/le.nomade.sylvainperrierfotografi.com\\\/wp-content\\\/uploads\\\/2024\\\/05\\\/Voiture-4-2.jpg?fit=2500%2C1667&ssl=1\",\"width\":2500,\"height\":1667,\"caption\":\"Le Mythe des Vieilles Voitures Am\u00e9ricaines \u00e0 Cuba\"},{\"@type\":\"BreadcrumbList\",\"@id\":\"https:\\\/\\\/le.nomade.sylvainperrierfotografi.com\\\/le-mythe-des-vieilles-voitures-americaines-a-cuba\\\/#breadcrumb\",\"itemListElement\":[{\"@type\":\"ListItem\",\"position\":1,\"name\":\"Accueil\",\"item\":\"https:\\\/\\\/le.nomade.sylvainperrierfotografi.com\\\/\"},{\"@type\":\"ListItem\",\"position\":2,\"name\":\"Le Mythe des Vieilles Voitures Am\u00e9ricaines \u00e0 Cuba\"}]},{\"@type\":\"WebSite\",\"@id\":\"https:\\\/\\\/le.nomade.sylvainperrierfotografi.com\\\/#website\",\"url\":\"https:\\\/\\\/le.nomade.sylvainperrierfotografi.com\\\/\",\"name\":\"Le Nomade Sylvain Perrier\",\"description\":\"L\u00e0 o\u00f9 les images rencontrent les mots\",\"publisher\":{\"@id\":\"https:\\\/\\\/le.nomade.sylvainperrierfotografi.com\\\/#\\\/schema\\\/person\\\/422f9f9af75b66cb9416a7ef7bc22a92\"},\"alternateName\":\"Sylvain Perrier\",\"potentialAction\":[{\"@type\":\"SearchAction\",\"target\":{\"@type\":\"EntryPoint\",\"urlTemplate\":\"https:\\\/\\\/le.nomade.sylvainperrierfotografi.com\\\/?s={search_term_string}\"},\"query-input\":{\"@type\":\"PropertyValueSpecification\",\"valueRequired\":true,\"valueName\":\"search_term_string\"}}],\"inLanguage\":\"fr-FR\"},{\"@type\":[\"Person\",\"Organization\"],\"@id\":\"https:\\\/\\\/le.nomade.sylvainperrierfotografi.com\\\/#\\\/schema\\\/person\\\/422f9f9af75b66cb9416a7ef7bc22a92\",\"name\":\"nomade\",\"image\":{\"@type\":\"ImageObject\",\"inLanguage\":\"fr-FR\",\"@id\":\"https:\\\/\\\/i0.wp.com\\\/le.nomade.sylvainperrierfotografi.com\\\/wp-content\\\/uploads\\\/2024\\\/04\\\/cropped-Sylvain-Perrier-Photographie-roadtrip.jpg?fit=1056%2C348&ssl=1\",\"url\":\"https:\\\/\\\/i0.wp.com\\\/le.nomade.sylvainperrierfotografi.com\\\/wp-content\\\/uploads\\\/2024\\\/04\\\/cropped-Sylvain-Perrier-Photographie-roadtrip.jpg?fit=1056%2C348&ssl=1\",\"contentUrl\":\"https:\\\/\\\/i0.wp.com\\\/le.nomade.sylvainperrierfotografi.com\\\/wp-content\\\/uploads\\\/2024\\\/04\\\/cropped-Sylvain-Perrier-Photographie-roadtrip.jpg?fit=1056%2C348&ssl=1\",\"width\":1056,\"height\":348,\"caption\":\"nomade\"},\"logo\":{\"@id\":\"https:\\\/\\\/i0.wp.com\\\/le.nomade.sylvainperrierfotografi.com\\\/wp-content\\\/uploads\\\/2024\\\/04\\\/cropped-Sylvain-Perrier-Photographie-roadtrip.jpg?fit=1056%2C348&ssl=1\"},\"sameAs\":[\"https:\\\/\\\/le.nomade.sylvainperrierfotografi.com\",\"https:\\\/\\\/www.facebook.com\\\/SylvainPerrierFotografie\",\"https:\\\/\\\/www.instagram.com\\\/sylvainperrierfotografi\",\"https:\\\/\\\/www.pinterest.ca\\\/sylvain_perrier\",\"https:\\\/\\\/x.com\\\/sylvainxperrier\",\"https:\\\/\\\/www.youtube.com\\\/user\\\/lencadreursylvain\",\"https:\\\/\\\/www.tumblr.com\\\/blog\\\/sylvainperrierfotografi\"]}]}<\/script>\n<!-- \/ Yoast SEO plugin. -->","yoast_head_json":{"title":"Le Mythe des Vieilles Voitures Am\u00e9ricaines \u00e0 Cuba - Le Nomade","description":"Le Mythe des Vieilles Voitures Am\u00e9ricaines \u00e0 Cuba - Les rues de La Havane, la capitale de Cuba, sont comme un mus\u00e9e vivant","robots":{"index":"index","follow":"follow","max-snippet":"max-snippet:-1","max-image-preview":"max-image-preview:large","max-video-preview":"max-video-preview:-1"},"canonical":"https:\/\/le.nomade.sylvainperrierfotografi.com\/fr\/le-mythe-des-vieilles-voitures-americaines-a-cuba\/","og_locale":"fr_FR","og_type":"article","og_title":"Le Mythe des Vieilles Voitures Am\u00e9ricaines \u00e0 Cuba - Le Nomade","og_description":"Le Mythe des Vieilles Voitures Am\u00e9ricaines \u00e0 Cuba - Les rues de La Havane, la capitale de Cuba, sont comme un mus\u00e9e vivant","og_url":"https:\/\/le.nomade.sylvainperrierfotografi.com\/fr\/le-mythe-des-vieilles-voitures-americaines-a-cuba\/","og_site_name":"Le Nomade","article_publisher":"https:\/\/www.facebook.com\/SylvainPerrierFotografie","article_author":"https:\/\/www.facebook.com\/SylvainPerrierFotografie","article_published_time":"2024-05-18T14:38:19+00:00","article_modified_time":"2024-06-07T02:14:53+00:00","og_image":[{"width":2500,"height":1667,"url":"https:\/\/le.nomade.sylvainperrierfotografi.com\/wp-content\/uploads\/2024\/05\/Voiture-4-2.jpg","type":"image\/jpeg"}],"author":"nomade","twitter_card":"summary_large_image","twitter_creator":"@sylvainxperrier","twitter_site":"@sylvainxperrier","twitter_misc":{"\u00c9crit par":"nomade","Dur\u00e9e de lecture estim\u00e9e":"6 minutes"},"schema":{"@context":"https:\/\/schema.org","@graph":[{"@type":"Article","@id":"https:\/\/le.nomade.sylvainperrierfotografi.com\/le-mythe-des-vieilles-voitures-americaines-a-cuba\/#article","isPartOf":{"@id":"https:\/\/le.nomade.sylvainperrierfotografi.com\/le-mythe-des-vieilles-voitures-americaines-a-cuba\/"},"author":{"name":"nomade","@id":"https:\/\/le.nomade.sylvainperrierfotografi.com\/#\/schema\/person\/422f9f9af75b66cb9416a7ef7bc22a92"},"headline":"Le Mythe des Vieilles Voitures Am\u00e9ricaines \u00e0 Cuba","datePublished":"2024-05-18T14:38:19+00:00","dateModified":"2024-06-07T02:14:53+00:00","mainEntityOfPage":{"@id":"https:\/\/le.nomade.sylvainperrierfotografi.com\/le-mythe-des-vieilles-voitures-americaines-a-cuba\/"},"wordCount":475,"publisher":{"@id":"https:\/\/le.nomade.sylvainperrierfotografi.com\/#\/schema\/person\/422f9f9af75b66cb9416a7ef7bc22a92"},"image":{"@id":"https:\/\/le.nomade.sylvainperrierfotografi.com\/le-mythe-des-vieilles-voitures-americaines-a-cuba\/#primaryimage"},"thumbnailUrl":"https:\/\/i0.wp.com\/le.nomade.sylvainperrierfotografi.com\/wp-content\/uploads\/2024\/05\/Voiture-4-2.jpg?fit=2500%2C1667&ssl=1","articleSection":["Aventures Urbaines","Portraits et Sc\u00e8nes de Vie","Voyages et D\u00e9couvertes"],"inLanguage":"fr-FR"},{"@type":"WebPage","@id":"https:\/\/le.nomade.sylvainperrierfotografi.com\/le-mythe-des-vieilles-voitures-americaines-a-cuba\/","url":"https:\/\/le.nomade.sylvainperrierfotografi.com\/le-mythe-des-vieilles-voitures-americaines-a-cuba\/","name":"Le Mythe des Vieilles Voitures Am\u00e9ricaines \u00e0 Cuba - Le Nomade","isPartOf":{"@id":"https:\/\/le.nomade.sylvainperrierfotografi.com\/#website"},"primaryImageOfPage":{"@id":"https:\/\/le.nomade.sylvainperrierfotografi.com\/le-mythe-des-vieilles-voitures-americaines-a-cuba\/#primaryimage"},"image":{"@id":"https:\/\/le.nomade.sylvainperrierfotografi.com\/le-mythe-des-vieilles-voitures-americaines-a-cuba\/#primaryimage"},"thumbnailUrl":"https:\/\/i0.wp.com\/le.nomade.sylvainperrierfotografi.com\/wp-content\/uploads\/2024\/05\/Voiture-4-2.jpg?fit=2500%2C1667&ssl=1","datePublished":"2024-05-18T14:38:19+00:00","dateModified":"2024-06-07T02:14:53+00:00","description":"Le Mythe des Vieilles Voitures Am\u00e9ricaines \u00e0 Cuba - Les rues de La Havane, la capitale de Cuba, sont comme un mus\u00e9e vivant","breadcrumb":{"@id":"https:\/\/le.nomade.sylvainperrierfotografi.com\/le-mythe-des-vieilles-voitures-americaines-a-cuba\/#breadcrumb"},"inLanguage":"fr-FR","potentialAction":[{"@type":"ReadAction","target":["https:\/\/le.nomade.sylvainperrierfotografi.com\/le-mythe-des-vieilles-voitures-americaines-a-cuba\/"]}]},{"@type":"ImageObject","inLanguage":"fr-FR","@id":"https:\/\/le.nomade.sylvainperrierfotografi.com\/le-mythe-des-vieilles-voitures-americaines-a-cuba\/#primaryimage","url":"https:\/\/i0.wp.com\/le.nomade.sylvainperrierfotografi.com\/wp-content\/uploads\/2024\/05\/Voiture-4-2.jpg?fit=2500%2C1667&ssl=1","contentUrl":"https:\/\/i0.wp.com\/le.nomade.sylvainperrierfotografi.com\/wp-content\/uploads\/2024\/05\/Voiture-4-2.jpg?fit=2500%2C1667&ssl=1","width":2500,"height":1667,"caption":"Le Mythe des Vieilles Voitures Am\u00e9ricaines \u00e0 Cuba"},{"@type":"BreadcrumbList","@id":"https:\/\/le.nomade.sylvainperrierfotografi.com\/le-mythe-des-vieilles-voitures-americaines-a-cuba\/#breadcrumb","itemListElement":[{"@type":"ListItem","position":1,"name":"Accueil","item":"https:\/\/le.nomade.sylvainperrierfotografi.com\/"},{"@type":"ListItem","position":2,"name":"Le Mythe des Vieilles Voitures Am\u00e9ricaines \u00e0 Cuba"}]},{"@type":"WebSite","@id":"https:\/\/le.nomade.sylvainperrierfotografi.com\/#website","url":"https:\/\/le.nomade.sylvainperrierfotografi.com\/","name":"Le Nomade Sylvain Perrier","description":"L\u00e0 o\u00f9 les images rencontrent les mots","publisher":{"@id":"https:\/\/le.nomade.sylvainperrierfotografi.com\/#\/schema\/person\/422f9f9af75b66cb9416a7ef7bc22a92"},"alternateName":"Sylvain Perrier","potentialAction":[{"@type":"SearchAction","target":{"@type":"EntryPoint","urlTemplate":"https:\/\/le.nomade.sylvainperrierfotografi.com\/?s={search_term_string}"},"query-input":{"@type":"PropertyValueSpecification","valueRequired":true,"valueName":"search_term_string"}}],"inLanguage":"fr-FR"},{"@type":["Person","Organization"],"@id":"https:\/\/le.nomade.sylvainperrierfotografi.com\/#\/schema\/person\/422f9f9af75b66cb9416a7ef7bc22a92","name":"nomade","image":{"@type":"ImageObject","inLanguage":"fr-FR","@id":"https:\/\/i0.wp.com\/le.nomade.sylvainperrierfotografi.com\/wp-content\/uploads\/2024\/04\/cropped-Sylvain-Perrier-Photographie-roadtrip.jpg?fit=1056%2C348&ssl=1","url":"https:\/\/i0.wp.com\/le.nomade.sylvainperrierfotografi.com\/wp-content\/uploads\/2024\/04\/cropped-Sylvain-Perrier-Photographie-roadtrip.jpg?fit=1056%2C348&ssl=1","contentUrl":"https:\/\/i0.wp.com\/le.nomade.sylvainperrierfotografi.com\/wp-content\/uploads\/2024\/04\/cropped-Sylvain-Perrier-Photographie-roadtrip.jpg?fit=1056%2C348&ssl=1","width":1056,"height":348,"caption":"nomade"},"logo":{"@id":"https:\/\/i0.wp.com\/le.nomade.sylvainperrierfotografi.com\/wp-content\/uploads\/2024\/04\/cropped-Sylvain-Perrier-Photographie-roadtrip.jpg?fit=1056%2C348&ssl=1"},"sameAs":["https:\/\/le.nomade.sylvainperrierfotografi.com","https:\/\/www.facebook.com\/SylvainPerrierFotografie","https:\/\/www.instagram.com\/sylvainperrierfotografi","https:\/\/www.pinterest.ca\/sylvain_perrier","https:\/\/x.com\/sylvainxperrier","https:\/\/www.youtube.com\/user\/lencadreursylvain","https:\/\/www.tumblr.com\/blog\/sylvainperrierfotografi"]}]}},"jetpack_publicize_connections":[],"jetpack_featured_media_url":"https:\/\/i0.wp.com\/le.nomade.sylvainperrierfotografi.com\/wp-content\/uploads\/2024\/05\/Voiture-4-2.jpg?fit=2500%2C1667&ssl=1","jetpack-related-posts":[{"id":51,"url":"https:\/\/le.nomade.sylvainperrierfotografi.com\/fr\/cuba-les-portes-de-havane\/","url_meta":{"origin":429,"position":0},"title":"Cuba &#8211; Les portes de Havane","author":"nomade","date":"30 avril 2024","format":false,"excerpt":"Cuba- Les Portes de la Havane s'ouvre \u00e0 vous. La capitale cubaine de La Havane est une ville vibrante et riche en culture avec une histoire fascinante datant du 16e si\u00e8cle. Bord\u00e9 de rues pav\u00e9es, d\u2019une architecture pittoresque et de voitures am\u00e9ricaines classiques, vous vous sentirez transport\u00e9 dans le pass\u00e9\u2026","rel":"","context":"Dans &quot;Aventures Urbaines&quot;","block_context":{"text":"Aventures Urbaines","link":"https:\/\/le.nomade.sylvainperrierfotografi.com\/fr\/category\/aventures-urbaines\/"},"img":{"alt_text":"Cuba - Les portes de Havane","src":"https:\/\/i0.wp.com\/le.nomade.sylvainperrierfotografi.com\/wp-content\/uploads\/2024\/04\/Cuba-porte-1.jpg?fit=800%2C1200&ssl=1&resize=350%2C200","width":350,"height":200,"srcset":"https:\/\/i0.wp.com\/le.nomade.sylvainperrierfotografi.com\/wp-content\/uploads\/2024\/04\/Cuba-porte-1.jpg?fit=800%2C1200&ssl=1&resize=350%2C200 1x, https:\/\/i0.wp.com\/le.nomade.sylvainperrierfotografi.com\/wp-content\/uploads\/2024\/04\/Cuba-porte-1.jpg?fit=800%2C1200&ssl=1&resize=525%2C300 1.5x, https:\/\/i0.wp.com\/le.nomade.sylvainperrierfotografi.com\/wp-content\/uploads\/2024\/04\/Cuba-porte-1.jpg?fit=800%2C1200&ssl=1&resize=700%2C400 2x"},"classes":[]},{"id":344,"url":"https:\/\/le.nomade.sylvainperrierfotografi.com\/fr\/vie-quotidienne-a-la-havane\/","url_meta":{"origin":429,"position":1},"title":"Vie Quotidienne \u00e0 La Havane","author":"nomade","date":"17 mai 2024","format":false,"excerpt":"Lors de mon voyage en 2012, Cuba fut l\u2019un de mes plus beaux voyages en sac \u00e0 dos,\u00a0j'ai eu l'occasion d'explorer la ville vibrante et historique de La Havane. \u00c0 travers l'objectif de mon appareil photo, j'ai captur\u00e9 des moments de la vie quotidienne en noir et blanc, r\u00e9v\u00e9lant l'essence\u2026","rel":"","context":"Dans &quot;Aventures Urbaines&quot;","block_context":{"text":"Aventures Urbaines","link":"https:\/\/le.nomade.sylvainperrierfotografi.com\/fr\/category\/aventures-urbaines\/"},"img":{"alt_text":"Les Jeunes Cubains","src":"https:\/\/i0.wp.com\/le.nomade.sylvainperrierfotografi.com\/wp-content\/uploads\/2024\/05\/Les-Jeunes-Cubains-1.jpg?fit=1200%2C800&ssl=1&resize=350%2C200","width":350,"height":200,"srcset":"https:\/\/i0.wp.com\/le.nomade.sylvainperrierfotografi.com\/wp-content\/uploads\/2024\/05\/Les-Jeunes-Cubains-1.jpg?fit=1200%2C800&ssl=1&resize=350%2C200 1x, https:\/\/i0.wp.com\/le.nomade.sylvainperrierfotografi.com\/wp-content\/uploads\/2024\/05\/Les-Jeunes-Cubains-1.jpg?fit=1200%2C800&ssl=1&resize=525%2C300 1.5x, https:\/\/i0.wp.com\/le.nomade.sylvainperrierfotografi.com\/wp-content\/uploads\/2024\/05\/Les-Jeunes-Cubains-1.jpg?fit=1200%2C800&ssl=1&resize=700%2C400 2x, https:\/\/i0.wp.com\/le.nomade.sylvainperrierfotografi.com\/wp-content\/uploads\/2024\/05\/Les-Jeunes-Cubains-1.jpg?fit=1200%2C800&ssl=1&resize=1050%2C600 3x"},"classes":[]},{"id":370,"url":"https:\/\/le.nomade.sylvainperrierfotografi.com\/fr\/la-vie-dans-les-rues-de-la-havane\/","url_meta":{"origin":429,"position":2},"title":"La Vie dans les Rues de La Havane","author":"nomade","date":"17 mai 2024","format":false,"excerpt":"Les rues de La Havane, capitale mythique de Cuba, sont un m\u00e9lange fascinant d\u2019histoire, de culture et de vie quotidienne. En parcourant ses rues, on d\u00e9couvre un monde fig\u00e9 dans le temps, mais aussi vibrant de modernit\u00e9 et de contradictions. La Vie dans les Rues de La Havane Un Voyage\u2026","rel":"","context":"Dans &quot;Aventures Urbaines&quot;","block_context":{"text":"Aventures Urbaines","link":"https:\/\/le.nomade.sylvainperrierfotografi.com\/fr\/category\/aventures-urbaines\/"},"img":{"alt_text":"","src":"https:\/\/i0.wp.com\/le.nomade.sylvainperrierfotografi.com\/wp-content\/uploads\/2024\/05\/Rue-de-Cuba-5-e1717715625379.jpg?fit=1200%2C842&ssl=1&resize=350%2C200","width":350,"height":200,"srcset":"https:\/\/i0.wp.com\/le.nomade.sylvainperrierfotografi.com\/wp-content\/uploads\/2024\/05\/Rue-de-Cuba-5-e1717715625379.jpg?fit=1200%2C842&ssl=1&resize=350%2C200 1x, https:\/\/i0.wp.com\/le.nomade.sylvainperrierfotografi.com\/wp-content\/uploads\/2024\/05\/Rue-de-Cuba-5-e1717715625379.jpg?fit=1200%2C842&ssl=1&resize=525%2C300 1.5x, https:\/\/i0.wp.com\/le.nomade.sylvainperrierfotografi.com\/wp-content\/uploads\/2024\/05\/Rue-de-Cuba-5-e1717715625379.jpg?fit=1200%2C842&ssl=1&resize=700%2C400 2x, https:\/\/i0.wp.com\/le.nomade.sylvainperrierfotografi.com\/wp-content\/uploads\/2024\/05\/Rue-de-Cuba-5-e1717715625379.jpg?fit=1200%2C842&ssl=1&resize=1050%2C600 3x"},"classes":[]},{"id":157,"url":"https:\/\/le.nomade.sylvainperrierfotografi.com\/fr\/laccalmie\/","url_meta":{"origin":429,"position":3},"title":"L&#8217;Accalmie","author":"nomade","date":"1 mai 2024","format":false,"excerpt":"L\u2019Accalmie et son premier capitaine, \u00c9loi Perron, sont partis presque en m\u00eame temps pour une derni\u00e8re odyss\u00e9e. Une go\u00e9lette mythique Pendant plusieurs ann\u00e9es, le navire de 300 tonnes dormait sur les berges. Bien en vue et dans un secteur pris\u00e9 des touristes, la go\u00e9lette a immortalis\u00e9 par de nombreux photographes\u2026","rel":"","context":"Dans &quot;Paysages \u00c9poustouflants&quot;","block_context":{"text":"Paysages \u00c9poustouflants","link":"https:\/\/le.nomade.sylvainperrierfotografi.com\/fr\/category\/paysages-epoustouflants\/"},"img":{"alt_text":"L'Accalmie","src":"https:\/\/i0.wp.com\/le.nomade.sylvainperrierfotografi.com\/wp-content\/uploads\/2024\/05\/Baie-Saint-Paul-la-Goelette-7.jpg?fit=1200%2C800&ssl=1&resize=350%2C200","width":350,"height":200,"srcset":"https:\/\/i0.wp.com\/le.nomade.sylvainperrierfotografi.com\/wp-content\/uploads\/2024\/05\/Baie-Saint-Paul-la-Goelette-7.jpg?fit=1200%2C800&ssl=1&resize=350%2C200 1x, https:\/\/i0.wp.com\/le.nomade.sylvainperrierfotografi.com\/wp-content\/uploads\/2024\/05\/Baie-Saint-Paul-la-Goelette-7.jpg?fit=1200%2C800&ssl=1&resize=525%2C300 1.5x, https:\/\/i0.wp.com\/le.nomade.sylvainperrierfotografi.com\/wp-content\/uploads\/2024\/05\/Baie-Saint-Paul-la-Goelette-7.jpg?fit=1200%2C800&ssl=1&resize=700%2C400 2x, https:\/\/i0.wp.com\/le.nomade.sylvainperrierfotografi.com\/wp-content\/uploads\/2024\/05\/Baie-Saint-Paul-la-Goelette-7.jpg?fit=1200%2C800&ssl=1&resize=1050%2C600 3x"},"classes":[]},{"id":107,"url":"https:\/\/le.nomade.sylvainperrierfotografi.com\/fr\/lac-mountains-hollow-glen\/","url_meta":{"origin":429,"position":4},"title":"Lac Mountains &#8211; Hollow Glen","author":"nomade","date":"30 avril 2024","format":false,"excerpt":"Le lac des Montagnes, surnomm\u00e9 \u00e9galement lac Mountains ou lac Beamish, se trouve au c\u0153ur du secteur Hollow Glen, au sein de la Municipalit\u00e9 de Chelsea. Ce lac, qui constitue l'\u00e9picentre d'une zone r\u00e9sidentielle pittoresque, est nourri par les eaux provenant de l'est via l'exutoire du barrage Kelly, une propri\u00e9t\u00e9\u2026","rel":"","context":"Dans &quot;Paysages \u00c9poustouflants&quot;","block_context":{"text":"Paysages \u00c9poustouflants","link":"https:\/\/le.nomade.sylvainperrierfotografi.com\/fr\/category\/paysages-epoustouflants\/"},"img":{"alt_text":"Lac Mountains - Hollow Glen","src":"https:\/\/i0.wp.com\/le.nomade.sylvainperrierfotografi.com\/wp-content\/uploads\/2024\/04\/Lac-Mountains-Hollow-Glen.jpg?fit=1200%2C1200&ssl=1&resize=350%2C200","width":350,"height":200,"srcset":"https:\/\/i0.wp.com\/le.nomade.sylvainperrierfotografi.com\/wp-content\/uploads\/2024\/04\/Lac-Mountains-Hollow-Glen.jpg?fit=1200%2C1200&ssl=1&resize=350%2C200 1x, https:\/\/i0.wp.com\/le.nomade.sylvainperrierfotografi.com\/wp-content\/uploads\/2024\/04\/Lac-Mountains-Hollow-Glen.jpg?fit=1200%2C1200&ssl=1&resize=525%2C300 1.5x, https:\/\/i0.wp.com\/le.nomade.sylvainperrierfotografi.com\/wp-content\/uploads\/2024\/04\/Lac-Mountains-Hollow-Glen.jpg?fit=1200%2C1200&ssl=1&resize=700%2C400 2x, https:\/\/i0.wp.com\/le.nomade.sylvainperrierfotografi.com\/wp-content\/uploads\/2024\/04\/Lac-Mountains-Hollow-Glen.jpg?fit=1200%2C1200&ssl=1&resize=1050%2C600 3x"},"classes":[]},{"id":90,"url":"https:\/\/le.nomade.sylvainperrierfotografi.com\/fr\/les-ruines-des-rapides-deschenes\/","url_meta":{"origin":429,"position":5},"title":"Les ruines des rapides Desch\u00eanes","author":"nomade","date":"30 avril 2024","format":false,"excerpt":"Les ruines des rapides Desch\u00eanes, \u00e9mergeant des eaux tumultueuses de l\u2019Outaouais, t\u00e9moignent des origines de l'\u00e8re industrielle \u00e0 Desch\u00eanes. Ces vestiges, situ\u00e9s entre le secteur d\u2019Aylmer \u00e0 Gatineau et l\u2019ouest d\u2019Ottawa, marquent un site historique d'importance le long de la rivi\u00e8re des Outaouais. R\u00e9put\u00e9 pour \u00eatre le troisi\u00e8me portage, ou\u2026","rel":"","context":"Dans &quot;Paysages \u00c9poustouflants&quot;","block_context":{"text":"Paysages \u00c9poustouflants","link":"https:\/\/le.nomade.sylvainperrierfotografi.com\/fr\/category\/paysages-epoustouflants\/"},"img":{"alt_text":"Les ruines des rapides Desch\u00eanes","src":"https:\/\/i0.wp.com\/le.nomade.sylvainperrierfotografi.com\/wp-content\/uploads\/2024\/04\/Rapides-Deschenes.jpg?fit=1200%2C675&ssl=1&resize=350%2C200","width":350,"height":200,"srcset":"https:\/\/i0.wp.com\/le.nomade.sylvainperrierfotografi.com\/wp-content\/uploads\/2024\/04\/Rapides-Deschenes.jpg?fit=1200%2C675&ssl=1&resize=350%2C200 1x, https:\/\/i0.wp.com\/le.nomade.sylvainperrierfotografi.com\/wp-content\/uploads\/2024\/04\/Rapides-Deschenes.jpg?fit=1200%2C675&ssl=1&resize=525%2C300 1.5x, https:\/\/i0.wp.com\/le.nomade.sylvainperrierfotografi.com\/wp-content\/uploads\/2024\/04\/Rapides-Deschenes.jpg?fit=1200%2C675&ssl=1&resize=700%2C400 2x, https:\/\/i0.wp.com\/le.nomade.sylvainperrierfotografi.com\/wp-content\/uploads\/2024\/04\/Rapides-Deschenes.jpg?fit=1200%2C675&ssl=1&resize=1050%2C600 3x"},"classes":[]}],"jetpack_sharing_enabled":true,"_links":{"self":[{"href":"https:\/\/le.nomade.sylvainperrierfotografi.com\/fr\/wp-json\/wp\/v2\/posts\/429","targetHints":{"allow":["GET"]}}],"collection":[{"href":"https:\/\/le.nomade.sylvainperrierfotografi.com\/fr\/wp-json\/wp\/v2\/posts"}],"about":[{"href":"https:\/\/le.nomade.sylvainperrierfotografi.com\/fr\/wp-json\/wp\/v2\/types\/post"}],"author":[{"embeddable":true,"href":"https:\/\/le.nomade.sylvainperrierfotografi.com\/fr\/wp-json\/wp\/v2\/users\/1"}],"replies":[{"embeddable":true,"href":"https:\/\/le.nomade.sylvainperrierfotografi.com\/fr\/wp-json\/wp\/v2\/comments?post=429"}],"version-history":[{"count":5,"href":"https:\/\/le.nomade.sylvainperrierfotografi.com\/fr\/wp-json\/wp\/v2\/posts\/429\/revisions"}],"predecessor-version":[{"id":657,"href":"https:\/\/le.nomade.sylvainperrierfotografi.com\/fr\/wp-json\/wp\/v2\/posts\/429\/revisions\/657"}],"wp:featuredmedia":[{"embeddable":true,"href":"https:\/\/le.nomade.sylvainperrierfotografi.com\/fr\/wp-json\/wp\/v2\/media\/426"}],"wp:attachment":[{"href":"https:\/\/le.nomade.sylvainperrierfotografi.com\/fr\/wp-json\/wp\/v2\/media?parent=429"}],"wp:term":[{"taxonomy":"category","embeddable":true,"href":"https:\/\/le.nomade.sylvainperrierfotografi.com\/fr\/wp-json\/wp\/v2\/categories?post=429"},{"taxonomy":"post_tag","embeddable":true,"href":"https:\/\/le.nomade.sylvainperrierfotografi.com\/fr\/wp-json\/wp\/v2\/tags?post=429"}],"curies":[{"name":"wp","href":"https:\/\/api.w.org\/{rel}","templated":true}]}}