{"id":51,"date":"2024-04-30T21:17:37","date_gmt":"2024-04-30T21:17:37","guid":{"rendered":"https:\/\/le.nomade.sylvainperrierfotografi.com\/?post_type=jetpack-portfolio&#038;p=51"},"modified":"2024-06-06T22:22:53","modified_gmt":"2024-06-07T02:22:53","slug":"cuba-les-portes-de-havane","status":"publish","type":"post","link":"https:\/\/le.nomade.sylvainperrierfotografi.com\/fr\/cuba-les-portes-de-havane\/","title":{"rendered":"Cuba &#8211; Les portes de Havane"},"content":{"rendered":"<p class=\"is-style-default has-medium-font-size\">Cuba- Les Portes de la Havane s&#8217;ouvre \u00e0 vous. La capitale cubaine de La Havane est une ville vibrante et riche en culture avec une histoire fascinante datant du 16e si\u00e8cle.<\/p>\n\n\n\n<p class=\"is-style-default has-medium-font-size\">Bord\u00e9 de rues pav\u00e9es, d\u2019une architecture pittoresque et de voitures am\u00e9ricaines classiques, vous vous sentirez transport\u00e9 dans le pass\u00e9 dans votre exploration de ce que tout ce qu\u2019offre La Havane.<\/p>\n\n\n\n<p class=\"is-style-default has-medium-font-size\"><a href=\"https:\/\/fr.wikipedia.org\/wiki\/La_Habana_Vieja\" target=\"_blank\" rel=\"noopener\">La Habana Vieja<\/a> (ou \u201cvieille Havane\u201d) est le plus vieux quartier de La Havane. On y trouve de magnifiques immeubles et des b\u00e2timents historiques.<\/p>\n\n\n\n<figure class=\"wp-block-image size-large\"><img data-recalc-dims=\"1\" loading=\"lazy\" decoding=\"async\" width=\"940\" height=\"627\" data-attachment-id=\"86\" data-permalink=\"https:\/\/le.nomade.sylvainperrierfotografi.com\/fr\/cuba-les-portes-de-havane\/porte-de-cuba-27\/\" data-orig-file=\"https:\/\/i0.wp.com\/le.nomade.sylvainperrierfotografi.com\/wp-content\/uploads\/2024\/04\/Porte-de-Cuba-27.jpg?fit=1950%2C1300&amp;ssl=1\" data-orig-size=\"1950,1300\" data-comments-opened=\"1\" data-image-meta=\"{&quot;aperture&quot;:&quot;9&quot;,&quot;credit&quot;:&quot;Sylvain Perrier&quot;,&quot;camera&quot;:&quot;Canon EOS 6D&quot;,&quot;caption&quot;:&quot;&quot;,&quot;created_timestamp&quot;:&quot;1422366085&quot;,&quot;copyright&quot;:&quot;&quot;,&quot;focal_length&quot;:&quot;24&quot;,&quot;iso&quot;:&quot;100&quot;,&quot;shutter_speed&quot;:&quot;0.0125&quot;,&quot;title&quot;:&quot;&quot;,&quot;orientation&quot;:&quot;1&quot;}\" data-image-title=\"Porte-de-Cuba-27\" data-image-description=\"\" data-image-caption=\"\" data-large-file=\"https:\/\/i0.wp.com\/le.nomade.sylvainperrierfotografi.com\/wp-content\/uploads\/2024\/04\/Porte-de-Cuba-27.jpg?fit=940%2C627&amp;ssl=1\" src=\"https:\/\/i0.wp.com\/le.nomade.sylvainperrierfotografi.com\/wp-content\/uploads\/2024\/04\/Porte-de-Cuba-27.jpg?resize=940%2C627&#038;ssl=1\" alt=\"\" class=\"wp-image-86\" srcset=\"https:\/\/i0.wp.com\/le.nomade.sylvainperrierfotografi.com\/wp-content\/uploads\/2024\/04\/Porte-de-Cuba-27.jpg?resize=1024%2C683&amp;ssl=1 1024w, https:\/\/i0.wp.com\/le.nomade.sylvainperrierfotografi.com\/wp-content\/uploads\/2024\/04\/Porte-de-Cuba-27.jpg?resize=300%2C200&amp;ssl=1 300w, https:\/\/i0.wp.com\/le.nomade.sylvainperrierfotografi.com\/wp-content\/uploads\/2024\/04\/Porte-de-Cuba-27.jpg?resize=768%2C512&amp;ssl=1 768w, https:\/\/i0.wp.com\/le.nomade.sylvainperrierfotografi.com\/wp-content\/uploads\/2024\/04\/Porte-de-Cuba-27.jpg?resize=1536%2C1024&amp;ssl=1 1536w, https:\/\/i0.wp.com\/le.nomade.sylvainperrierfotografi.com\/wp-content\/uploads\/2024\/04\/Porte-de-Cuba-27.jpg?resize=450%2C300&amp;ssl=1 450w, https:\/\/i0.wp.com\/le.nomade.sylvainperrierfotografi.com\/wp-content\/uploads\/2024\/04\/Porte-de-Cuba-27.jpg?resize=1200%2C800&amp;ssl=1 1200w, https:\/\/i0.wp.com\/le.nomade.sylvainperrierfotografi.com\/wp-content\/uploads\/2024\/04\/Porte-de-Cuba-27.jpg?w=1950&amp;ssl=1 1950w, https:\/\/i0.wp.com\/le.nomade.sylvainperrierfotografi.com\/wp-content\/uploads\/2024\/04\/Porte-de-Cuba-27.jpg?w=1880&amp;ssl=1 1880w\" sizes=\"auto, (max-width: 940px) 100vw, 940px\" \/><\/figure>\n\n\n\n<p class=\"has-medium-font-size\">Depuis ma derni\u00e8re visite, les b\u00e2timents, au c\u0153ur de <a href=\"https:\/\/fr.wikipedia.org\/wiki\/La_Habana_Vieja\" target=\"_blank\" rel=\"noopener\">La Habana Vieja<\/a>, \u00e9taient r\u00e9cemment r\u00e9nov\u00e9es. Mais d\u2019autres, un peu plus loin, ne le sont pas, qui son int\u00e9ressant \u00e0 voir. Ne vous contentez pas des parties toutes belles et toutes neuves ; aventurez-vous pour voir La Havane telle qu\u2019elle est.<\/p>\n\n\n\n<div class=\"wp-block-jetpack-slideshow aligncenter\" data-autoplay=\"true\" data-delay=\"3\" data-effect=\"fade\"><div class=\"wp-block-jetpack-slideshow_container swiper-container\"><ul class=\"wp-block-jetpack-slideshow_swiper-wrapper swiper-wrapper\"><li class=\"wp-block-jetpack-slideshow_slide swiper-slide\"><figure><img data-recalc-dims=\"1\" loading=\"lazy\" decoding=\"async\" width=\"800\" height=\"1200\" alt=\"Cuba - Les portes de Havane\" class=\"wp-block-jetpack-slideshow_image wp-image-78\" data-id=\"78\" src=\"https:\/\/i0.wp.com\/le.nomade.sylvainperrierfotografi.com\/wp-content\/uploads\/2024\/04\/Cuba-porte-5.jpg?resize=800%2C1200&#038;ssl=1\" srcset=\"https:\/\/i0.wp.com\/le.nomade.sylvainperrierfotografi.com\/wp-content\/uploads\/2024\/04\/Cuba-porte-5.jpg?w=800&amp;ssl=1 800w, https:\/\/i0.wp.com\/le.nomade.sylvainperrierfotografi.com\/wp-content\/uploads\/2024\/04\/Cuba-porte-5.jpg?resize=200%2C300&amp;ssl=1 200w, https:\/\/i0.wp.com\/le.nomade.sylvainperrierfotografi.com\/wp-content\/uploads\/2024\/04\/Cuba-porte-5.jpg?resize=683%2C1024&amp;ssl=1 683w, https:\/\/i0.wp.com\/le.nomade.sylvainperrierfotografi.com\/wp-content\/uploads\/2024\/04\/Cuba-porte-5.jpg?resize=768%2C1152&amp;ssl=1 768w, https:\/\/i0.wp.com\/le.nomade.sylvainperrierfotografi.com\/wp-content\/uploads\/2024\/04\/Cuba-porte-5.jpg?resize=450%2C675&amp;ssl=1 450w, https:\/\/i0.wp.com\/le.nomade.sylvainperrierfotografi.com\/wp-content\/uploads\/2024\/04\/Cuba-porte-5.jpg?resize=533%2C800&amp;ssl=1 533w\" sizes=\"(max-width: 800px) 100vw, 800px\" \/><\/figure><\/li><li class=\"wp-block-jetpack-slideshow_slide swiper-slide\"><figure><img data-recalc-dims=\"1\" loading=\"lazy\" decoding=\"async\" width=\"800\" height=\"1200\" alt=\"Cuba - Les portes de Havane\" class=\"wp-block-jetpack-slideshow_image wp-image-77\" data-id=\"77\" src=\"https:\/\/i0.wp.com\/le.nomade.sylvainperrierfotografi.com\/wp-content\/uploads\/2024\/04\/Cuba-porte.jpg?resize=800%2C1200&#038;ssl=1\" srcset=\"https:\/\/i0.wp.com\/le.nomade.sylvainperrierfotografi.com\/wp-content\/uploads\/2024\/04\/Cuba-porte.jpg?w=800&amp;ssl=1 800w, https:\/\/i0.wp.com\/le.nomade.sylvainperrierfotografi.com\/wp-content\/uploads\/2024\/04\/Cuba-porte.jpg?resize=200%2C300&amp;ssl=1 200w, https:\/\/i0.wp.com\/le.nomade.sylvainperrierfotografi.com\/wp-content\/uploads\/2024\/04\/Cuba-porte.jpg?resize=683%2C1024&amp;ssl=1 683w, https:\/\/i0.wp.com\/le.nomade.sylvainperrierfotografi.com\/wp-content\/uploads\/2024\/04\/Cuba-porte.jpg?resize=768%2C1152&amp;ssl=1 768w, https:\/\/i0.wp.com\/le.nomade.sylvainperrierfotografi.com\/wp-content\/uploads\/2024\/04\/Cuba-porte.jpg?resize=450%2C675&amp;ssl=1 450w, https:\/\/i0.wp.com\/le.nomade.sylvainperrierfotografi.com\/wp-content\/uploads\/2024\/04\/Cuba-porte.jpg?resize=533%2C800&amp;ssl=1 533w\" sizes=\"(max-width: 800px) 100vw, 800px\" \/><\/figure><\/li><li class=\"wp-block-jetpack-slideshow_slide swiper-slide\"><figure><img data-recalc-dims=\"1\" loading=\"lazy\" decoding=\"async\" width=\"800\" height=\"1200\" alt=\"Cuba - Les portes de Havane\" class=\"wp-block-jetpack-slideshow_image wp-image-76\" data-id=\"76\" src=\"https:\/\/i0.wp.com\/le.nomade.sylvainperrierfotografi.com\/wp-content\/uploads\/2024\/04\/Cuba-porte-2.jpg?resize=800%2C1200&#038;ssl=1\" srcset=\"https:\/\/i0.wp.com\/le.nomade.sylvainperrierfotografi.com\/wp-content\/uploads\/2024\/04\/Cuba-porte-2.jpg?w=800&amp;ssl=1 800w, https:\/\/i0.wp.com\/le.nomade.sylvainperrierfotografi.com\/wp-content\/uploads\/2024\/04\/Cuba-porte-2.jpg?resize=200%2C300&amp;ssl=1 200w, https:\/\/i0.wp.com\/le.nomade.sylvainperrierfotografi.com\/wp-content\/uploads\/2024\/04\/Cuba-porte-2.jpg?resize=683%2C1024&amp;ssl=1 683w, https:\/\/i0.wp.com\/le.nomade.sylvainperrierfotografi.com\/wp-content\/uploads\/2024\/04\/Cuba-porte-2.jpg?resize=768%2C1152&amp;ssl=1 768w, https:\/\/i0.wp.com\/le.nomade.sylvainperrierfotografi.com\/wp-content\/uploads\/2024\/04\/Cuba-porte-2.jpg?resize=450%2C675&amp;ssl=1 450w, https:\/\/i0.wp.com\/le.nomade.sylvainperrierfotografi.com\/wp-content\/uploads\/2024\/04\/Cuba-porte-2.jpg?resize=533%2C800&amp;ssl=1 533w\" sizes=\"(max-width: 800px) 100vw, 800px\" \/><\/figure><\/li><li class=\"wp-block-jetpack-slideshow_slide swiper-slide\"><figure><img data-recalc-dims=\"1\" loading=\"lazy\" decoding=\"async\" width=\"827\" height=\"1200\" alt=\"Cuba - Les portes de Havane\" class=\"wp-block-jetpack-slideshow_image wp-image-75\" data-id=\"75\" src=\"https:\/\/i0.wp.com\/le.nomade.sylvainperrierfotografi.com\/wp-content\/uploads\/2024\/04\/Cuba-porte-3.jpg?resize=827%2C1200&#038;ssl=1\" srcset=\"https:\/\/i0.wp.com\/le.nomade.sylvainperrierfotografi.com\/wp-content\/uploads\/2024\/04\/Cuba-porte-3.jpg?w=827&amp;ssl=1 827w, https:\/\/i0.wp.com\/le.nomade.sylvainperrierfotografi.com\/wp-content\/uploads\/2024\/04\/Cuba-porte-3.jpg?resize=207%2C300&amp;ssl=1 207w, https:\/\/i0.wp.com\/le.nomade.sylvainperrierfotografi.com\/wp-content\/uploads\/2024\/04\/Cuba-porte-3.jpg?resize=706%2C1024&amp;ssl=1 706w, https:\/\/i0.wp.com\/le.nomade.sylvainperrierfotografi.com\/wp-content\/uploads\/2024\/04\/Cuba-porte-3.jpg?resize=768%2C1114&amp;ssl=1 768w, https:\/\/i0.wp.com\/le.nomade.sylvainperrierfotografi.com\/wp-content\/uploads\/2024\/04\/Cuba-porte-3.jpg?resize=450%2C653&amp;ssl=1 450w, https:\/\/i0.wp.com\/le.nomade.sylvainperrierfotografi.com\/wp-content\/uploads\/2024\/04\/Cuba-porte-3.jpg?resize=551%2C800&amp;ssl=1 551w\" sizes=\"(max-width: 827px) 100vw, 827px\" \/><\/figure><\/li><li class=\"wp-block-jetpack-slideshow_slide swiper-slide\"><figure><img data-recalc-dims=\"1\" loading=\"lazy\" decoding=\"async\" width=\"800\" height=\"1200\" alt=\"Cuba - Les portes de Havane\" class=\"wp-block-jetpack-slideshow_image wp-image-74\" data-id=\"74\" src=\"https:\/\/i0.wp.com\/le.nomade.sylvainperrierfotografi.com\/wp-content\/uploads\/2024\/04\/Cuba-porte-1.jpg?resize=800%2C1200&#038;ssl=1\" srcset=\"https:\/\/i0.wp.com\/le.nomade.sylvainperrierfotografi.com\/wp-content\/uploads\/2024\/04\/Cuba-porte-1.jpg?w=800&amp;ssl=1 800w, https:\/\/i0.wp.com\/le.nomade.sylvainperrierfotografi.com\/wp-content\/uploads\/2024\/04\/Cuba-porte-1.jpg?resize=200%2C300&amp;ssl=1 200w, https:\/\/i0.wp.com\/le.nomade.sylvainperrierfotografi.com\/wp-content\/uploads\/2024\/04\/Cuba-porte-1.jpg?resize=683%2C1024&amp;ssl=1 683w, https:\/\/i0.wp.com\/le.nomade.sylvainperrierfotografi.com\/wp-content\/uploads\/2024\/04\/Cuba-porte-1.jpg?resize=768%2C1152&amp;ssl=1 768w, https:\/\/i0.wp.com\/le.nomade.sylvainperrierfotografi.com\/wp-content\/uploads\/2024\/04\/Cuba-porte-1.jpg?resize=450%2C675&amp;ssl=1 450w, https:\/\/i0.wp.com\/le.nomade.sylvainperrierfotografi.com\/wp-content\/uploads\/2024\/04\/Cuba-porte-1.jpg?resize=533%2C800&amp;ssl=1 533w\" sizes=\"(max-width: 800px) 100vw, 800px\" \/><\/figure><\/li><li class=\"wp-block-jetpack-slideshow_slide swiper-slide\"><figure><img data-recalc-dims=\"1\" loading=\"lazy\" decoding=\"async\" width=\"867\" height=\"1300\" alt=\"\" class=\"wp-block-jetpack-slideshow_image wp-image-82\" data-id=\"82\" src=\"https:\/\/i0.wp.com\/le.nomade.sylvainperrierfotografi.com\/wp-content\/uploads\/2024\/04\/Porte-de-Cuba-2.jpg?resize=867%2C1300&#038;ssl=1\" srcset=\"https:\/\/i0.wp.com\/le.nomade.sylvainperrierfotografi.com\/wp-content\/uploads\/2024\/04\/Porte-de-Cuba-2.jpg?w=867&amp;ssl=1 867w, https:\/\/i0.wp.com\/le.nomade.sylvainperrierfotografi.com\/wp-content\/uploads\/2024\/04\/Porte-de-Cuba-2.jpg?resize=200%2C300&amp;ssl=1 200w, https:\/\/i0.wp.com\/le.nomade.sylvainperrierfotografi.com\/wp-content\/uploads\/2024\/04\/Porte-de-Cuba-2.jpg?resize=683%2C1024&amp;ssl=1 683w, https:\/\/i0.wp.com\/le.nomade.sylvainperrierfotografi.com\/wp-content\/uploads\/2024\/04\/Porte-de-Cuba-2.jpg?resize=768%2C1152&amp;ssl=1 768w, https:\/\/i0.wp.com\/le.nomade.sylvainperrierfotografi.com\/wp-content\/uploads\/2024\/04\/Porte-de-Cuba-2.jpg?resize=450%2C675&amp;ssl=1 450w, https:\/\/i0.wp.com\/le.nomade.sylvainperrierfotografi.com\/wp-content\/uploads\/2024\/04\/Porte-de-Cuba-2.jpg?resize=534%2C800&amp;ssl=1 534w\" sizes=\"(max-width: 867px) 100vw, 867px\" \/><\/figure><\/li><li class=\"wp-block-jetpack-slideshow_slide swiper-slide\"><figure><img data-recalc-dims=\"1\" loading=\"lazy\" decoding=\"async\" width=\"724\" height=\"1300\" alt=\"\" class=\"wp-block-jetpack-slideshow_image wp-image-83\" data-id=\"83\" src=\"https:\/\/i0.wp.com\/le.nomade.sylvainperrierfotografi.com\/wp-content\/uploads\/2024\/04\/Porte-de-Cuba-20b.jpg?resize=724%2C1300&#038;ssl=1\" srcset=\"https:\/\/i0.wp.com\/le.nomade.sylvainperrierfotografi.com\/wp-content\/uploads\/2024\/04\/Porte-de-Cuba-20b.jpg?w=724&amp;ssl=1 724w, https:\/\/i0.wp.com\/le.nomade.sylvainperrierfotografi.com\/wp-content\/uploads\/2024\/04\/Porte-de-Cuba-20b.jpg?resize=167%2C300&amp;ssl=1 167w, https:\/\/i0.wp.com\/le.nomade.sylvainperrierfotografi.com\/wp-content\/uploads\/2024\/04\/Porte-de-Cuba-20b.jpg?resize=570%2C1024&amp;ssl=1 570w, https:\/\/i0.wp.com\/le.nomade.sylvainperrierfotografi.com\/wp-content\/uploads\/2024\/04\/Porte-de-Cuba-20b.jpg?resize=450%2C808&amp;ssl=1 450w, https:\/\/i0.wp.com\/le.nomade.sylvainperrierfotografi.com\/wp-content\/uploads\/2024\/04\/Porte-de-Cuba-20b.jpg?resize=446%2C800&amp;ssl=1 446w\" sizes=\"(max-width: 724px) 100vw, 724px\" \/><\/figure><\/li><li class=\"wp-block-jetpack-slideshow_slide swiper-slide\"><figure><img data-recalc-dims=\"1\" loading=\"lazy\" decoding=\"async\" width=\"867\" height=\"1300\" alt=\"\" class=\"wp-block-jetpack-slideshow_image wp-image-84\" data-id=\"84\" src=\"https:\/\/i0.wp.com\/le.nomade.sylvainperrierfotografi.com\/wp-content\/uploads\/2024\/04\/Porte-de-Cuba-22.jpg?resize=867%2C1300&#038;ssl=1\" srcset=\"https:\/\/i0.wp.com\/le.nomade.sylvainperrierfotografi.com\/wp-content\/uploads\/2024\/04\/Porte-de-Cuba-22.jpg?w=867&amp;ssl=1 867w, https:\/\/i0.wp.com\/le.nomade.sylvainperrierfotografi.com\/wp-content\/uploads\/2024\/04\/Porte-de-Cuba-22.jpg?resize=200%2C300&amp;ssl=1 200w, https:\/\/i0.wp.com\/le.nomade.sylvainperrierfotografi.com\/wp-content\/uploads\/2024\/04\/Porte-de-Cuba-22.jpg?resize=683%2C1024&amp;ssl=1 683w, https:\/\/i0.wp.com\/le.nomade.sylvainperrierfotografi.com\/wp-content\/uploads\/2024\/04\/Porte-de-Cuba-22.jpg?resize=768%2C1152&amp;ssl=1 768w, https:\/\/i0.wp.com\/le.nomade.sylvainperrierfotografi.com\/wp-content\/uploads\/2024\/04\/Porte-de-Cuba-22.jpg?resize=450%2C675&amp;ssl=1 450w, https:\/\/i0.wp.com\/le.nomade.sylvainperrierfotografi.com\/wp-content\/uploads\/2024\/04\/Porte-de-Cuba-22.jpg?resize=534%2C800&amp;ssl=1 534w\" sizes=\"(max-width: 867px) 100vw, 867px\" \/><\/figure><\/li><li class=\"wp-block-jetpack-slideshow_slide swiper-slide\"><figure><img data-recalc-dims=\"1\" loading=\"lazy\" decoding=\"async\" width=\"867\" height=\"1300\" alt=\"\" class=\"wp-block-jetpack-slideshow_image wp-image-85\" data-id=\"85\" src=\"https:\/\/i0.wp.com\/le.nomade.sylvainperrierfotografi.com\/wp-content\/uploads\/2024\/04\/Porte-de-Cuba-26.jpg?resize=867%2C1300&#038;ssl=1\" srcset=\"https:\/\/i0.wp.com\/le.nomade.sylvainperrierfotografi.com\/wp-content\/uploads\/2024\/04\/Porte-de-Cuba-26.jpg?w=867&amp;ssl=1 867w, https:\/\/i0.wp.com\/le.nomade.sylvainperrierfotografi.com\/wp-content\/uploads\/2024\/04\/Porte-de-Cuba-26.jpg?resize=200%2C300&amp;ssl=1 200w, https:\/\/i0.wp.com\/le.nomade.sylvainperrierfotografi.com\/wp-content\/uploads\/2024\/04\/Porte-de-Cuba-26.jpg?resize=683%2C1024&amp;ssl=1 683w, https:\/\/i0.wp.com\/le.nomade.sylvainperrierfotografi.com\/wp-content\/uploads\/2024\/04\/Porte-de-Cuba-26.jpg?resize=768%2C1152&amp;ssl=1 768w, https:\/\/i0.wp.com\/le.nomade.sylvainperrierfotografi.com\/wp-content\/uploads\/2024\/04\/Porte-de-Cuba-26.jpg?resize=450%2C675&amp;ssl=1 450w, https:\/\/i0.wp.com\/le.nomade.sylvainperrierfotografi.com\/wp-content\/uploads\/2024\/04\/Porte-de-Cuba-26.jpg?resize=534%2C800&amp;ssl=1 534w\" sizes=\"(max-width: 867px) 100vw, 867px\" \/><\/figure><\/li><\/ul><a class=\"wp-block-jetpack-slideshow_button-prev swiper-button-prev swiper-button-white\" role=\"button\"><\/a><a class=\"wp-block-jetpack-slideshow_button-next swiper-button-next swiper-button-white\" role=\"button\"><\/a><a aria-label=\"Pause Slideshow\" class=\"wp-block-jetpack-slideshow_button-pause\" role=\"button\"><\/a><div class=\"wp-block-jetpack-slideshow_pagination swiper-pagination swiper-pagination-white\"><\/div><\/div><\/div>\n\n\n\n<h2 class=\"wp-block-heading\">Ce que vous devez savoir<\/h2>\n\n\n\n<p class=\"has-medium-font-size\">Ce n\u2019est peut-\u00eatre qu\u2019\u00e0 courte distance de la pointe de la Floride, mais Cuba s\u2019av\u00e8re un tout autre monde offrant une culture excitante, des attractions exotiques et une escapade imbattable pour quiconque cherche \u00e0 d\u00e9crocher du quotidien et \u00e0 profiter du soleil sur de belles plages immacul\u00e9es, chatouill\u00e9es par les eaux chaudes bleu azur des Cara\u00efbes.<\/p>\n\n\n\n<p class=\"has-medium-font-size\">Il n\u2019y a tout simplement rien comme Cuba. L\u2019espace d\u2019une minute, vous vous immergez dans la culture locale au c\u0153ur d\u2019une architecture coloniale exquise, avec des caf\u00e9s de type&nbsp;<em>beatnik<\/em>, des mus\u00e9es, des galeries d\u2019art et des airs de salsa. La minute suivante, vous \u00eates allong\u00e9 sur la plage, \u00e0 l\u2019ombre des palmiers, un&nbsp;<em>mojito<\/em>&nbsp;\u00e0 la main et les eaux turquoise qui ne demandent qu\u2019\u00e0 vous rafra\u00eechir. Ou encore, quittez les sentiers battus et explorez les for\u00eats luxuriantes, les plantations de caf\u00e9, les montagnes escarp\u00e9es et plus encore.<\/p>\n\n\n\n<figure class=\"wp-block-image size-large\"><img data-recalc-dims=\"1\" loading=\"lazy\" decoding=\"async\" width=\"940\" height=\"627\" data-attachment-id=\"79\" data-permalink=\"https:\/\/le.nomade.sylvainperrierfotografi.com\/fr\/cuba-les-portes-de-havane\/cuba-porte-4\/\" data-orig-file=\"https:\/\/i0.wp.com\/le.nomade.sylvainperrierfotografi.com\/wp-content\/uploads\/2024\/04\/Cuba-porte-4.jpg?fit=1200%2C800&amp;ssl=1\" data-orig-size=\"1200,800\" data-comments-opened=\"1\" data-image-meta=\"{&quot;aperture&quot;:&quot;0&quot;,&quot;credit&quot;:&quot;&quot;,&quot;camera&quot;:&quot;&quot;,&quot;caption&quot;:&quot;&quot;,&quot;created_timestamp&quot;:&quot;0&quot;,&quot;copyright&quot;:&quot;&quot;,&quot;focal_length&quot;:&quot;0&quot;,&quot;iso&quot;:&quot;0&quot;,&quot;shutter_speed&quot;:&quot;0&quot;,&quot;title&quot;:&quot;&quot;,&quot;orientation&quot;:&quot;0&quot;}\" data-image-title=\"Cuba &amp;#8211; Les portes de Havane\" data-image-description=\"&lt;p&gt;Cuba &amp;#8211; Les portes de Havane&lt;\/p&gt;\" data-image-caption=\"\" data-large-file=\"https:\/\/i0.wp.com\/le.nomade.sylvainperrierfotografi.com\/wp-content\/uploads\/2024\/04\/Cuba-porte-4.jpg?fit=940%2C627&amp;ssl=1\" src=\"https:\/\/i0.wp.com\/le.nomade.sylvainperrierfotografi.com\/wp-content\/uploads\/2024\/04\/Cuba-porte-4.jpg?resize=940%2C627&#038;ssl=1\" alt=\"Cuba - Les portes de Havane\" class=\"wp-image-79\" srcset=\"https:\/\/i0.wp.com\/le.nomade.sylvainperrierfotografi.com\/wp-content\/uploads\/2024\/04\/Cuba-porte-4.jpg?resize=1024%2C683&amp;ssl=1 1024w, https:\/\/i0.wp.com\/le.nomade.sylvainperrierfotografi.com\/wp-content\/uploads\/2024\/04\/Cuba-porte-4.jpg?resize=300%2C200&amp;ssl=1 300w, https:\/\/i0.wp.com\/le.nomade.sylvainperrierfotografi.com\/wp-content\/uploads\/2024\/04\/Cuba-porte-4.jpg?resize=768%2C512&amp;ssl=1 768w, https:\/\/i0.wp.com\/le.nomade.sylvainperrierfotografi.com\/wp-content\/uploads\/2024\/04\/Cuba-porte-4.jpg?resize=450%2C300&amp;ssl=1 450w, https:\/\/i0.wp.com\/le.nomade.sylvainperrierfotografi.com\/wp-content\/uploads\/2024\/04\/Cuba-porte-4.jpg?w=1200&amp;ssl=1 1200w\" sizes=\"auto, (max-width: 940px) 100vw, 940px\" \/><\/figure>\n\n\n\n<p class=\"\"><\/p>\n\n\n\n<h2 class=\"wp-block-heading\">Saveurs et culture locales<\/h2>\n\n\n\n<p class=\"has-medium-font-size\">La Havane, capitale de Cuba, d\u00e9borde de maisons aux couleurs vives et pastel, de vitrines de boutiques, de caf\u00e9s et de voitures anciennes. Datant du XVI<sup>e<\/sup>&nbsp;si\u00e8cle, la Vieille Havane, au centre-ville, pr\u00e9sente une architecture coloniale espagnole \u00e9poustouflante, des espaces bien conserv\u00e9s et de grands palais.<\/p>\n\n\n\n<p class=\"has-medium-font-size\">Ne manquez pas le spectaculaire <a href=\"https:\/\/fr.wikipedia.org\/wiki\/Malec%C3%B3n_(La_Havane)\" target=\"_blank\" rel=\"noopener\">Malec\u00f3n de La Havane<\/a> \u2013 par la mer ou \u00e0 pied, le long de ce front de mer de 7&nbsp;km. Ce lieu est c\u00e9l\u00e8bre pour avoir attir\u00e9 les amoureux, les philosophes et les po\u00e8tes.<\/p>\n\n\n\n<p class=\"has-medium-font-size\">La ville de Santiago de Cuba est consid\u00e9r\u00e9e comme la capitale culturelle, riche en patrimoine afro-cubain. Vous pouvez aussi visiter le pittoresque village colonial de Trinidad, \u00e0 l\u2019int\u00e9rieur des terres, et parcourir ses rues pav\u00e9es.<\/p>\n\n\n\n<figure class=\"wp-embed-aspect-16-9 wp-has-aspect-ratio wp-block-embed is-type-video is-provider-youtube wp-block-embed-youtube\"><div class=\"wp-block-embed__wrapper\">\n<div class=\"jetpack-video-wrapper\"><iframe loading=\"lazy\" title=\"Les Portes - Cuba Havana\" width=\"940\" height=\"529\" src=\"https:\/\/www.youtube.com\/embed\/hkr2K2XOCVY?feature=oembed\" frameborder=\"0\" allow=\"accelerometer; autoplay; clipboard-write; encrypted-media; gyroscope; picture-in-picture; web-share\" referrerpolicy=\"strict-origin-when-cross-origin\" allowfullscreen><\/iframe><\/div>\n<\/div><\/figure>\n\n\n\n<h2 class=\"wp-block-heading\">Le paradis des adorateurs du soleil<\/h2>\n\n\n\n<p class=\"\">Pour de vraies vacances en bord de mer, vous voudrez mettre le cap sur Varadero et les Cayos, tous deux offrant des plages fantastiques garnies de stations baln\u00e9aires, des vues imprenables sur l\u2019oc\u00e9an \u2013 rien de mieux pour la d\u00e9tente \u2013 et m\u00eame de la plong\u00e9e en apn\u00e9e ou sous-marine.<\/p>\n\n\n\n<hr class=\"wp-block-separator has-alpha-channel-opacity\"\/>","protected":false},"excerpt":{"rendered":"<p>Cuba- Les Portes de la Havane s&#8217;ouvre \u00e0 vous. La capitale cubaine de La Havane est une ville [&hellip;]<\/p>\n","protected":false},"author":1,"featured_media":74,"comment_status":"closed","ping_status":"closed","sticky":false,"template":"","format":"standard","meta":{"nf_dc_page":"","_jetpack_memberships_contains_paid_content":false,"footnotes":"","jetpack_publicize_message":"","jetpack_publicize_feature_enabled":true,"jetpack_social_post_already_shared":false,"jetpack_social_options":{"image_generator_settings":{"template":"highway","default_image_id":0,"font":"","enabled":false},"version":2}},"categories":[56,59,61],"tags":[],"class_list":["post-51","post","type-post","status-publish","format-standard","has-post-thumbnail","hentry","category-aventures-urbaines","category-monuments-et-edifices","category-voyages-et-decouvertes"],"yoast_head":"<!-- This site is optimized with the Yoast SEO plugin v27.4 - https:\/\/yoast.com\/product\/yoast-seo-wordpress\/ -->\n<title>Cuba - Les portes de Havane - Le Nomade<\/title>\n<meta name=\"description\" content=\"Cuba - Les portes de Havane s&#039;ouvre \u00e0 vous. La capitale cubaine de La Havane est une ville vibrante et riche en culture avec une histoire...\" \/>\n<meta name=\"robots\" content=\"index, follow, max-snippet:-1, max-image-preview:large, max-video-preview:-1\" \/>\n<link rel=\"canonical\" href=\"https:\/\/le.nomade.sylvainperrierfotografi.com\/fr\/cuba-les-portes-de-havane\/\" \/>\n<meta property=\"og:locale\" content=\"fr_FR\" \/>\n<meta property=\"og:type\" content=\"article\" \/>\n<meta property=\"og:title\" content=\"Cuba - Les portes de Havane\" \/>\n<meta property=\"og:description\" content=\"Cuba - Les portes de Havane s&#039;ouvre \u00e0 vous. La capitale cubaine de La Havane est une ville vibrante et riche en culture avec une histoire...\" \/>\n<meta property=\"og:url\" content=\"https:\/\/le.nomade.sylvainperrierfotografi.com\/fr\/cuba-les-portes-de-havane\/\" \/>\n<meta property=\"og:site_name\" content=\"Le Nomade\" \/>\n<meta property=\"article:publisher\" content=\"https:\/\/www.facebook.com\/SylvainPerrierFotografie\" \/>\n<meta property=\"article:author\" content=\"https:\/\/www.facebook.com\/SylvainPerrierFotografie\" \/>\n<meta property=\"article:published_time\" content=\"2024-04-30T21:17:37+00:00\" \/>\n<meta property=\"article:modified_time\" content=\"2024-06-07T02:22:53+00:00\" \/>\n<meta property=\"og:image\" content=\"https:\/\/le.nomade.sylvainperrierfotografi.com\/wp-content\/uploads\/2024\/04\/Cuba-porte-1.jpg\" \/>\n\t<meta property=\"og:image:width\" content=\"800\" \/>\n\t<meta property=\"og:image:height\" content=\"1200\" \/>\n\t<meta property=\"og:image:type\" content=\"image\/jpeg\" \/>\n<meta name=\"author\" content=\"nomade\" \/>\n<meta name=\"twitter:card\" content=\"summary_large_image\" \/>\n<meta name=\"twitter:title\" content=\"Cuba - Les portes de Havane\" \/>\n<meta name=\"twitter:description\" content=\"Cuba - Les portes de Havane s&#039;ouvre \u00e0 vous. La capitale cubaine de La Havane est une ville vibrante et riche en culture avec une histoire...\" \/>\n<meta name=\"twitter:image\" content=\"https:\/\/i0.wp.com\/le.nomade.sylvainperrierfotografi.com\/wp-content\/uploads\/2024\/04\/Cuba-porte-1.jpg?fit=800%2C1200&ssl=1\" \/>\n<meta name=\"twitter:creator\" content=\"@sylvainxperrier\" \/>\n<meta name=\"twitter:site\" content=\"@sylvainxperrier\" \/>\n<meta name=\"twitter:label1\" content=\"\u00c9crit par\" \/>\n\t<meta name=\"twitter:data1\" content=\"nomade\" \/>\n\t<meta name=\"twitter:label2\" content=\"Dur\u00e9e de lecture estim\u00e9e\" \/>\n\t<meta name=\"twitter:data2\" content=\"5 minutes\" \/>\n<script type=\"application\/ld+json\" class=\"yoast-schema-graph\">{\"@context\":\"https:\\\/\\\/schema.org\",\"@graph\":[{\"@type\":\"Article\",\"@id\":\"https:\\\/\\\/le.nomade.sylvainperrierfotografi.com\\\/cuba-les-portes-de-havane\\\/#article\",\"isPartOf\":{\"@id\":\"https:\\\/\\\/le.nomade.sylvainperrierfotografi.com\\\/cuba-les-portes-de-havane\\\/\"},\"author\":{\"name\":\"nomade\",\"@id\":\"https:\\\/\\\/le.nomade.sylvainperrierfotografi.com\\\/#\\\/schema\\\/person\\\/422f9f9af75b66cb9416a7ef7bc22a92\"},\"headline\":\"Cuba &#8211; Les portes de Havane\",\"datePublished\":\"2024-04-30T21:17:37+00:00\",\"dateModified\":\"2024-06-07T02:22:53+00:00\",\"mainEntityOfPage\":{\"@id\":\"https:\\\/\\\/le.nomade.sylvainperrierfotografi.com\\\/cuba-les-portes-de-havane\\\/\"},\"wordCount\":529,\"publisher\":{\"@id\":\"https:\\\/\\\/le.nomade.sylvainperrierfotografi.com\\\/#\\\/schema\\\/person\\\/422f9f9af75b66cb9416a7ef7bc22a92\"},\"image\":{\"@id\":\"https:\\\/\\\/le.nomade.sylvainperrierfotografi.com\\\/cuba-les-portes-de-havane\\\/#primaryimage\"},\"thumbnailUrl\":\"https:\\\/\\\/i0.wp.com\\\/le.nomade.sylvainperrierfotografi.com\\\/wp-content\\\/uploads\\\/2024\\\/04\\\/Cuba-porte-1.jpg?fit=800%2C1200&ssl=1\",\"articleSection\":[\"Aventures Urbaines\",\"Monuments et \u00c9difices\",\"Voyages et D\u00e9couvertes\"],\"inLanguage\":\"fr-FR\"},{\"@type\":\"WebPage\",\"@id\":\"https:\\\/\\\/le.nomade.sylvainperrierfotografi.com\\\/cuba-les-portes-de-havane\\\/\",\"url\":\"https:\\\/\\\/le.nomade.sylvainperrierfotografi.com\\\/cuba-les-portes-de-havane\\\/\",\"name\":\"Cuba - Les portes de Havane - Le Nomade\",\"isPartOf\":{\"@id\":\"https:\\\/\\\/le.nomade.sylvainperrierfotografi.com\\\/#website\"},\"primaryImageOfPage\":{\"@id\":\"https:\\\/\\\/le.nomade.sylvainperrierfotografi.com\\\/cuba-les-portes-de-havane\\\/#primaryimage\"},\"image\":{\"@id\":\"https:\\\/\\\/le.nomade.sylvainperrierfotografi.com\\\/cuba-les-portes-de-havane\\\/#primaryimage\"},\"thumbnailUrl\":\"https:\\\/\\\/i0.wp.com\\\/le.nomade.sylvainperrierfotografi.com\\\/wp-content\\\/uploads\\\/2024\\\/04\\\/Cuba-porte-1.jpg?fit=800%2C1200&ssl=1\",\"datePublished\":\"2024-04-30T21:17:37+00:00\",\"dateModified\":\"2024-06-07T02:22:53+00:00\",\"description\":\"Cuba - Les portes de Havane s'ouvre \u00e0 vous. La capitale cubaine de La Havane est une ville vibrante et riche en culture avec une histoire...\",\"breadcrumb\":{\"@id\":\"https:\\\/\\\/le.nomade.sylvainperrierfotografi.com\\\/cuba-les-portes-de-havane\\\/#breadcrumb\"},\"inLanguage\":\"fr-FR\",\"potentialAction\":[{\"@type\":\"ReadAction\",\"target\":[\"https:\\\/\\\/le.nomade.sylvainperrierfotografi.com\\\/cuba-les-portes-de-havane\\\/\"]}]},{\"@type\":\"ImageObject\",\"inLanguage\":\"fr-FR\",\"@id\":\"https:\\\/\\\/le.nomade.sylvainperrierfotografi.com\\\/cuba-les-portes-de-havane\\\/#primaryimage\",\"url\":\"https:\\\/\\\/i0.wp.com\\\/le.nomade.sylvainperrierfotografi.com\\\/wp-content\\\/uploads\\\/2024\\\/04\\\/Cuba-porte-1.jpg?fit=800%2C1200&ssl=1\",\"contentUrl\":\"https:\\\/\\\/i0.wp.com\\\/le.nomade.sylvainperrierfotografi.com\\\/wp-content\\\/uploads\\\/2024\\\/04\\\/Cuba-porte-1.jpg?fit=800%2C1200&ssl=1\",\"width\":800,\"height\":1200,\"caption\":\"Cuba - Les portes de Havane\"},{\"@type\":\"BreadcrumbList\",\"@id\":\"https:\\\/\\\/le.nomade.sylvainperrierfotografi.com\\\/cuba-les-portes-de-havane\\\/#breadcrumb\",\"itemListElement\":[{\"@type\":\"ListItem\",\"position\":1,\"name\":\"Accueil\",\"item\":\"https:\\\/\\\/le.nomade.sylvainperrierfotografi.com\\\/\"},{\"@type\":\"ListItem\",\"position\":2,\"name\":\"Cuba &#8211; Les portes de Havane\"}]},{\"@type\":\"WebSite\",\"@id\":\"https:\\\/\\\/le.nomade.sylvainperrierfotografi.com\\\/#website\",\"url\":\"https:\\\/\\\/le.nomade.sylvainperrierfotografi.com\\\/\",\"name\":\"Le Nomade Sylvain Perrier\",\"description\":\"L\u00e0 o\u00f9 les images rencontrent les mots\",\"publisher\":{\"@id\":\"https:\\\/\\\/le.nomade.sylvainperrierfotografi.com\\\/#\\\/schema\\\/person\\\/422f9f9af75b66cb9416a7ef7bc22a92\"},\"alternateName\":\"Sylvain Perrier\",\"potentialAction\":[{\"@type\":\"SearchAction\",\"target\":{\"@type\":\"EntryPoint\",\"urlTemplate\":\"https:\\\/\\\/le.nomade.sylvainperrierfotografi.com\\\/?s={search_term_string}\"},\"query-input\":{\"@type\":\"PropertyValueSpecification\",\"valueRequired\":true,\"valueName\":\"search_term_string\"}}],\"inLanguage\":\"fr-FR\"},{\"@type\":[\"Person\",\"Organization\"],\"@id\":\"https:\\\/\\\/le.nomade.sylvainperrierfotografi.com\\\/#\\\/schema\\\/person\\\/422f9f9af75b66cb9416a7ef7bc22a92\",\"name\":\"nomade\",\"image\":{\"@type\":\"ImageObject\",\"inLanguage\":\"fr-FR\",\"@id\":\"https:\\\/\\\/i0.wp.com\\\/le.nomade.sylvainperrierfotografi.com\\\/wp-content\\\/uploads\\\/2024\\\/04\\\/cropped-Sylvain-Perrier-Photographie-roadtrip.jpg?fit=1056%2C348&ssl=1\",\"url\":\"https:\\\/\\\/i0.wp.com\\\/le.nomade.sylvainperrierfotografi.com\\\/wp-content\\\/uploads\\\/2024\\\/04\\\/cropped-Sylvain-Perrier-Photographie-roadtrip.jpg?fit=1056%2C348&ssl=1\",\"contentUrl\":\"https:\\\/\\\/i0.wp.com\\\/le.nomade.sylvainperrierfotografi.com\\\/wp-content\\\/uploads\\\/2024\\\/04\\\/cropped-Sylvain-Perrier-Photographie-roadtrip.jpg?fit=1056%2C348&ssl=1\",\"width\":1056,\"height\":348,\"caption\":\"nomade\"},\"logo\":{\"@id\":\"https:\\\/\\\/i0.wp.com\\\/le.nomade.sylvainperrierfotografi.com\\\/wp-content\\\/uploads\\\/2024\\\/04\\\/cropped-Sylvain-Perrier-Photographie-roadtrip.jpg?fit=1056%2C348&ssl=1\"},\"sameAs\":[\"https:\\\/\\\/le.nomade.sylvainperrierfotografi.com\",\"https:\\\/\\\/www.facebook.com\\\/SylvainPerrierFotografie\",\"https:\\\/\\\/www.instagram.com\\\/sylvainperrierfotografi\",\"https:\\\/\\\/www.pinterest.ca\\\/sylvain_perrier\",\"https:\\\/\\\/x.com\\\/sylvainxperrier\",\"https:\\\/\\\/www.youtube.com\\\/user\\\/lencadreursylvain\",\"https:\\\/\\\/www.tumblr.com\\\/blog\\\/sylvainperrierfotografi\"]}]}<\/script>\n<!-- \/ Yoast SEO plugin. -->","yoast_head_json":{"title":"Cuba - Les portes de Havane - Le Nomade","description":"Cuba - Les portes de Havane s'ouvre \u00e0 vous. La capitale cubaine de La Havane est une ville vibrante et riche en culture avec une histoire...","robots":{"index":"index","follow":"follow","max-snippet":"max-snippet:-1","max-image-preview":"max-image-preview:large","max-video-preview":"max-video-preview:-1"},"canonical":"https:\/\/le.nomade.sylvainperrierfotografi.com\/fr\/cuba-les-portes-de-havane\/","og_locale":"fr_FR","og_type":"article","og_title":"Cuba - Les portes de Havane","og_description":"Cuba - Les portes de Havane s'ouvre \u00e0 vous. La capitale cubaine de La Havane est une ville vibrante et riche en culture avec une histoire...","og_url":"https:\/\/le.nomade.sylvainperrierfotografi.com\/fr\/cuba-les-portes-de-havane\/","og_site_name":"Le Nomade","article_publisher":"https:\/\/www.facebook.com\/SylvainPerrierFotografie","article_author":"https:\/\/www.facebook.com\/SylvainPerrierFotografie","article_published_time":"2024-04-30T21:17:37+00:00","article_modified_time":"2024-06-07T02:22:53+00:00","og_image":[{"width":800,"height":1200,"url":"https:\/\/le.nomade.sylvainperrierfotografi.com\/wp-content\/uploads\/2024\/04\/Cuba-porte-1.jpg","type":"image\/jpeg"}],"author":"nomade","twitter_card":"summary_large_image","twitter_title":"Cuba - Les portes de Havane","twitter_description":"Cuba - Les portes de Havane s'ouvre \u00e0 vous. La capitale cubaine de La Havane est une ville vibrante et riche en culture avec une histoire...","twitter_image":"https:\/\/i0.wp.com\/le.nomade.sylvainperrierfotografi.com\/wp-content\/uploads\/2024\/04\/Cuba-porte-1.jpg?fit=800%2C1200&ssl=1","twitter_creator":"@sylvainxperrier","twitter_site":"@sylvainxperrier","twitter_misc":{"\u00c9crit par":"nomade","Dur\u00e9e de lecture estim\u00e9e":"5 minutes"},"schema":{"@context":"https:\/\/schema.org","@graph":[{"@type":"Article","@id":"https:\/\/le.nomade.sylvainperrierfotografi.com\/cuba-les-portes-de-havane\/#article","isPartOf":{"@id":"https:\/\/le.nomade.sylvainperrierfotografi.com\/cuba-les-portes-de-havane\/"},"author":{"name":"nomade","@id":"https:\/\/le.nomade.sylvainperrierfotografi.com\/#\/schema\/person\/422f9f9af75b66cb9416a7ef7bc22a92"},"headline":"Cuba &#8211; Les portes de Havane","datePublished":"2024-04-30T21:17:37+00:00","dateModified":"2024-06-07T02:22:53+00:00","mainEntityOfPage":{"@id":"https:\/\/le.nomade.sylvainperrierfotografi.com\/cuba-les-portes-de-havane\/"},"wordCount":529,"publisher":{"@id":"https:\/\/le.nomade.sylvainperrierfotografi.com\/#\/schema\/person\/422f9f9af75b66cb9416a7ef7bc22a92"},"image":{"@id":"https:\/\/le.nomade.sylvainperrierfotografi.com\/cuba-les-portes-de-havane\/#primaryimage"},"thumbnailUrl":"https:\/\/i0.wp.com\/le.nomade.sylvainperrierfotografi.com\/wp-content\/uploads\/2024\/04\/Cuba-porte-1.jpg?fit=800%2C1200&ssl=1","articleSection":["Aventures Urbaines","Monuments et \u00c9difices","Voyages et D\u00e9couvertes"],"inLanguage":"fr-FR"},{"@type":"WebPage","@id":"https:\/\/le.nomade.sylvainperrierfotografi.com\/cuba-les-portes-de-havane\/","url":"https:\/\/le.nomade.sylvainperrierfotografi.com\/cuba-les-portes-de-havane\/","name":"Cuba - Les portes de Havane - Le Nomade","isPartOf":{"@id":"https:\/\/le.nomade.sylvainperrierfotografi.com\/#website"},"primaryImageOfPage":{"@id":"https:\/\/le.nomade.sylvainperrierfotografi.com\/cuba-les-portes-de-havane\/#primaryimage"},"image":{"@id":"https:\/\/le.nomade.sylvainperrierfotografi.com\/cuba-les-portes-de-havane\/#primaryimage"},"thumbnailUrl":"https:\/\/i0.wp.com\/le.nomade.sylvainperrierfotografi.com\/wp-content\/uploads\/2024\/04\/Cuba-porte-1.jpg?fit=800%2C1200&ssl=1","datePublished":"2024-04-30T21:17:37+00:00","dateModified":"2024-06-07T02:22:53+00:00","description":"Cuba - Les portes de Havane s'ouvre \u00e0 vous. La capitale cubaine de La Havane est une ville vibrante et riche en culture avec une histoire...","breadcrumb":{"@id":"https:\/\/le.nomade.sylvainperrierfotografi.com\/cuba-les-portes-de-havane\/#breadcrumb"},"inLanguage":"fr-FR","potentialAction":[{"@type":"ReadAction","target":["https:\/\/le.nomade.sylvainperrierfotografi.com\/cuba-les-portes-de-havane\/"]}]},{"@type":"ImageObject","inLanguage":"fr-FR","@id":"https:\/\/le.nomade.sylvainperrierfotografi.com\/cuba-les-portes-de-havane\/#primaryimage","url":"https:\/\/i0.wp.com\/le.nomade.sylvainperrierfotografi.com\/wp-content\/uploads\/2024\/04\/Cuba-porte-1.jpg?fit=800%2C1200&ssl=1","contentUrl":"https:\/\/i0.wp.com\/le.nomade.sylvainperrierfotografi.com\/wp-content\/uploads\/2024\/04\/Cuba-porte-1.jpg?fit=800%2C1200&ssl=1","width":800,"height":1200,"caption":"Cuba - Les portes de Havane"},{"@type":"BreadcrumbList","@id":"https:\/\/le.nomade.sylvainperrierfotografi.com\/cuba-les-portes-de-havane\/#breadcrumb","itemListElement":[{"@type":"ListItem","position":1,"name":"Accueil","item":"https:\/\/le.nomade.sylvainperrierfotografi.com\/"},{"@type":"ListItem","position":2,"name":"Cuba &#8211; Les portes de Havane"}]},{"@type":"WebSite","@id":"https:\/\/le.nomade.sylvainperrierfotografi.com\/#website","url":"https:\/\/le.nomade.sylvainperrierfotografi.com\/","name":"Le Nomade Sylvain Perrier","description":"L\u00e0 o\u00f9 les images rencontrent les mots","publisher":{"@id":"https:\/\/le.nomade.sylvainperrierfotografi.com\/#\/schema\/person\/422f9f9af75b66cb9416a7ef7bc22a92"},"alternateName":"Sylvain Perrier","potentialAction":[{"@type":"SearchAction","target":{"@type":"EntryPoint","urlTemplate":"https:\/\/le.nomade.sylvainperrierfotografi.com\/?s={search_term_string}"},"query-input":{"@type":"PropertyValueSpecification","valueRequired":true,"valueName":"search_term_string"}}],"inLanguage":"fr-FR"},{"@type":["Person","Organization"],"@id":"https:\/\/le.nomade.sylvainperrierfotografi.com\/#\/schema\/person\/422f9f9af75b66cb9416a7ef7bc22a92","name":"nomade","image":{"@type":"ImageObject","inLanguage":"fr-FR","@id":"https:\/\/i0.wp.com\/le.nomade.sylvainperrierfotografi.com\/wp-content\/uploads\/2024\/04\/cropped-Sylvain-Perrier-Photographie-roadtrip.jpg?fit=1056%2C348&ssl=1","url":"https:\/\/i0.wp.com\/le.nomade.sylvainperrierfotografi.com\/wp-content\/uploads\/2024\/04\/cropped-Sylvain-Perrier-Photographie-roadtrip.jpg?fit=1056%2C348&ssl=1","contentUrl":"https:\/\/i0.wp.com\/le.nomade.sylvainperrierfotografi.com\/wp-content\/uploads\/2024\/04\/cropped-Sylvain-Perrier-Photographie-roadtrip.jpg?fit=1056%2C348&ssl=1","width":1056,"height":348,"caption":"nomade"},"logo":{"@id":"https:\/\/i0.wp.com\/le.nomade.sylvainperrierfotografi.com\/wp-content\/uploads\/2024\/04\/cropped-Sylvain-Perrier-Photographie-roadtrip.jpg?fit=1056%2C348&ssl=1"},"sameAs":["https:\/\/le.nomade.sylvainperrierfotografi.com","https:\/\/www.facebook.com\/SylvainPerrierFotografie","https:\/\/www.instagram.com\/sylvainperrierfotografi","https:\/\/www.pinterest.ca\/sylvain_perrier","https:\/\/x.com\/sylvainxperrier","https:\/\/www.youtube.com\/user\/lencadreursylvain","https:\/\/www.tumblr.com\/blog\/sylvainperrierfotografi"]}]}},"jetpack_publicize_connections":[],"jetpack_featured_media_url":"https:\/\/i0.wp.com\/le.nomade.sylvainperrierfotografi.com\/wp-content\/uploads\/2024\/04\/Cuba-porte-1.jpg?fit=800%2C1200&ssl=1","jetpack-related-posts":[{"id":344,"url":"https:\/\/le.nomade.sylvainperrierfotografi.com\/fr\/vie-quotidienne-a-la-havane\/","url_meta":{"origin":51,"position":0},"title":"Vie Quotidienne \u00e0 La Havane","author":"nomade","date":"17 mai 2024","format":false,"excerpt":"Lors de mon voyage en 2012, Cuba fut l\u2019un de mes plus beaux voyages en sac \u00e0 dos,\u00a0j'ai eu l'occasion d'explorer la ville vibrante et historique de La Havane. \u00c0 travers l'objectif de mon appareil photo, j'ai captur\u00e9 des moments de la vie quotidienne en noir et blanc, r\u00e9v\u00e9lant l'essence\u2026","rel":"","context":"Dans &quot;Aventures Urbaines&quot;","block_context":{"text":"Aventures Urbaines","link":"https:\/\/le.nomade.sylvainperrierfotografi.com\/fr\/category\/aventures-urbaines\/"},"img":{"alt_text":"Les Jeunes Cubains","src":"https:\/\/i0.wp.com\/le.nomade.sylvainperrierfotografi.com\/wp-content\/uploads\/2024\/05\/Les-Jeunes-Cubains-1.jpg?fit=1200%2C800&ssl=1&resize=350%2C200","width":350,"height":200,"srcset":"https:\/\/i0.wp.com\/le.nomade.sylvainperrierfotografi.com\/wp-content\/uploads\/2024\/05\/Les-Jeunes-Cubains-1.jpg?fit=1200%2C800&ssl=1&resize=350%2C200 1x, https:\/\/i0.wp.com\/le.nomade.sylvainperrierfotografi.com\/wp-content\/uploads\/2024\/05\/Les-Jeunes-Cubains-1.jpg?fit=1200%2C800&ssl=1&resize=525%2C300 1.5x, https:\/\/i0.wp.com\/le.nomade.sylvainperrierfotografi.com\/wp-content\/uploads\/2024\/05\/Les-Jeunes-Cubains-1.jpg?fit=1200%2C800&ssl=1&resize=700%2C400 2x, https:\/\/i0.wp.com\/le.nomade.sylvainperrierfotografi.com\/wp-content\/uploads\/2024\/05\/Les-Jeunes-Cubains-1.jpg?fit=1200%2C800&ssl=1&resize=1050%2C600 3x"},"classes":[]},{"id":370,"url":"https:\/\/le.nomade.sylvainperrierfotografi.com\/fr\/la-vie-dans-les-rues-de-la-havane\/","url_meta":{"origin":51,"position":1},"title":"La Vie dans les Rues de La Havane","author":"nomade","date":"17 mai 2024","format":false,"excerpt":"Les rues de La Havane, capitale mythique de Cuba, sont un m\u00e9lange fascinant d\u2019histoire, de culture et de vie quotidienne. En parcourant ses rues, on d\u00e9couvre un monde fig\u00e9 dans le temps, mais aussi vibrant de modernit\u00e9 et de contradictions. La Vie dans les Rues de La Havane Un Voyage\u2026","rel":"","context":"Dans &quot;Aventures Urbaines&quot;","block_context":{"text":"Aventures Urbaines","link":"https:\/\/le.nomade.sylvainperrierfotografi.com\/fr\/category\/aventures-urbaines\/"},"img":{"alt_text":"","src":"https:\/\/i0.wp.com\/le.nomade.sylvainperrierfotografi.com\/wp-content\/uploads\/2024\/05\/Rue-de-Cuba-5-e1717715625379.jpg?fit=1200%2C842&ssl=1&resize=350%2C200","width":350,"height":200,"srcset":"https:\/\/i0.wp.com\/le.nomade.sylvainperrierfotografi.com\/wp-content\/uploads\/2024\/05\/Rue-de-Cuba-5-e1717715625379.jpg?fit=1200%2C842&ssl=1&resize=350%2C200 1x, https:\/\/i0.wp.com\/le.nomade.sylvainperrierfotografi.com\/wp-content\/uploads\/2024\/05\/Rue-de-Cuba-5-e1717715625379.jpg?fit=1200%2C842&ssl=1&resize=525%2C300 1.5x, https:\/\/i0.wp.com\/le.nomade.sylvainperrierfotografi.com\/wp-content\/uploads\/2024\/05\/Rue-de-Cuba-5-e1717715625379.jpg?fit=1200%2C842&ssl=1&resize=700%2C400 2x, https:\/\/i0.wp.com\/le.nomade.sylvainperrierfotografi.com\/wp-content\/uploads\/2024\/05\/Rue-de-Cuba-5-e1717715625379.jpg?fit=1200%2C842&ssl=1&resize=1050%2C600 3x"},"classes":[]},{"id":429,"url":"https:\/\/le.nomade.sylvainperrierfotografi.com\/fr\/le-mythe-des-vieilles-voitures-americaines-a-cuba\/","url_meta":{"origin":51,"position":2},"title":"Le Mythe des Vieilles Voitures Am\u00e9ricaines \u00e0 Cuba","author":"nomade","date":"18 mai 2024","format":false,"excerpt":"Les rues de La Havane, la capitale de Cuba, sont comme un mus\u00e9e vivant, une capsule temporelle o\u00f9 les vieilles voitures am\u00e9ricaines des ann\u00e9es 50 r\u00e8gnent en ma\u00eetresses incontest\u00e9es. Ces automobiles classiques, qui roulent encore fi\u00e8rement sur les routes cubaines, racontent une histoire fascinante de r\u00e9sistance, d'ing\u00e9niosit\u00e9 et de charme\u2026","rel":"","context":"Dans &quot;Aventures Urbaines&quot;","block_context":{"text":"Aventures Urbaines","link":"https:\/\/le.nomade.sylvainperrierfotografi.com\/fr\/category\/aventures-urbaines\/"},"img":{"alt_text":"Le Mythe des Vieilles Voitures Am\u00e9ricaines \u00e0 Cuba","src":"https:\/\/i0.wp.com\/le.nomade.sylvainperrierfotografi.com\/wp-content\/uploads\/2024\/05\/Voiture-4-2.jpg?fit=1200%2C800&ssl=1&resize=350%2C200","width":350,"height":200,"srcset":"https:\/\/i0.wp.com\/le.nomade.sylvainperrierfotografi.com\/wp-content\/uploads\/2024\/05\/Voiture-4-2.jpg?fit=1200%2C800&ssl=1&resize=350%2C200 1x, https:\/\/i0.wp.com\/le.nomade.sylvainperrierfotografi.com\/wp-content\/uploads\/2024\/05\/Voiture-4-2.jpg?fit=1200%2C800&ssl=1&resize=525%2C300 1.5x, https:\/\/i0.wp.com\/le.nomade.sylvainperrierfotografi.com\/wp-content\/uploads\/2024\/05\/Voiture-4-2.jpg?fit=1200%2C800&ssl=1&resize=700%2C400 2x, https:\/\/i0.wp.com\/le.nomade.sylvainperrierfotografi.com\/wp-content\/uploads\/2024\/05\/Voiture-4-2.jpg?fit=1200%2C800&ssl=1&resize=1050%2C600 3x"},"classes":[]},{"id":107,"url":"https:\/\/le.nomade.sylvainperrierfotografi.com\/fr\/lac-mountains-hollow-glen\/","url_meta":{"origin":51,"position":3},"title":"Lac Mountains &#8211; Hollow Glen","author":"nomade","date":"30 avril 2024","format":false,"excerpt":"Le lac des Montagnes, surnomm\u00e9 \u00e9galement lac Mountains ou lac Beamish, se trouve au c\u0153ur du secteur Hollow Glen, au sein de la Municipalit\u00e9 de Chelsea. Ce lac, qui constitue l'\u00e9picentre d'une zone r\u00e9sidentielle pittoresque, est nourri par les eaux provenant de l'est via l'exutoire du barrage Kelly, une propri\u00e9t\u00e9\u2026","rel":"","context":"Dans &quot;Paysages \u00c9poustouflants&quot;","block_context":{"text":"Paysages \u00c9poustouflants","link":"https:\/\/le.nomade.sylvainperrierfotografi.com\/fr\/category\/paysages-epoustouflants\/"},"img":{"alt_text":"Lac Mountains - Hollow Glen","src":"https:\/\/i0.wp.com\/le.nomade.sylvainperrierfotografi.com\/wp-content\/uploads\/2024\/04\/Lac-Mountains-Hollow-Glen.jpg?fit=1200%2C1200&ssl=1&resize=350%2C200","width":350,"height":200,"srcset":"https:\/\/i0.wp.com\/le.nomade.sylvainperrierfotografi.com\/wp-content\/uploads\/2024\/04\/Lac-Mountains-Hollow-Glen.jpg?fit=1200%2C1200&ssl=1&resize=350%2C200 1x, https:\/\/i0.wp.com\/le.nomade.sylvainperrierfotografi.com\/wp-content\/uploads\/2024\/04\/Lac-Mountains-Hollow-Glen.jpg?fit=1200%2C1200&ssl=1&resize=525%2C300 1.5x, https:\/\/i0.wp.com\/le.nomade.sylvainperrierfotografi.com\/wp-content\/uploads\/2024\/04\/Lac-Mountains-Hollow-Glen.jpg?fit=1200%2C1200&ssl=1&resize=700%2C400 2x, https:\/\/i0.wp.com\/le.nomade.sylvainperrierfotografi.com\/wp-content\/uploads\/2024\/04\/Lac-Mountains-Hollow-Glen.jpg?fit=1200%2C1200&ssl=1&resize=1050%2C600 3x"},"classes":[]},{"id":685,"url":"https:\/\/le.nomade.sylvainperrierfotografi.com\/fr\/evasion-visuelle-a-la-marina-daylmer\/","url_meta":{"origin":51,"position":4},"title":"\u00c9vasion Visuelle \u00e0 la Marina d&#8217;Aylmer","author":"nomade","date":"11 juin 2024","format":false,"excerpt":"\u00c9vasion Visuelle \u00e0 la Marina d'Aylmer : Instantan\u00e9s de S\u00e9r\u00e9nit\u00e9 Lors d\u2019un cours de photographie \u00e0 la Marina d\u2019Aylmer, j\u2019ai eu l\u2019opportunit\u00e9 de capturer la beaut\u00e9 tranquille de ce lieu et de ses alentours. \u00c0 travers ces dix clich\u00e9s, je vous invite \u00e0 d\u00e9couvrir une s\u00e9rie de moments suspendus, o\u00f9\u2026","rel":"","context":"Dans &quot;Paysages \u00c9poustouflants&quot;","block_context":{"text":"Paysages \u00c9poustouflants","link":"https:\/\/le.nomade.sylvainperrierfotografi.com\/fr\/category\/paysages-epoustouflants\/"},"img":{"alt_text":"\u00c9vasion Visuelle \u00e0 la Marina d'Aylmer","src":"https:\/\/i0.wp.com\/le.nomade.sylvainperrierfotografi.com\/wp-content\/uploads\/2024\/06\/Evasion-Visuelle-a-la-Marina-dAylmer-12.jpg?fit=720%2C1080&ssl=1&resize=350%2C200","width":350,"height":200,"srcset":"https:\/\/i0.wp.com\/le.nomade.sylvainperrierfotografi.com\/wp-content\/uploads\/2024\/06\/Evasion-Visuelle-a-la-Marina-dAylmer-12.jpg?fit=720%2C1080&ssl=1&resize=350%2C200 1x, https:\/\/i0.wp.com\/le.nomade.sylvainperrierfotografi.com\/wp-content\/uploads\/2024\/06\/Evasion-Visuelle-a-la-Marina-dAylmer-12.jpg?fit=720%2C1080&ssl=1&resize=525%2C300 1.5x, https:\/\/i0.wp.com\/le.nomade.sylvainperrierfotografi.com\/wp-content\/uploads\/2024\/06\/Evasion-Visuelle-a-la-Marina-dAylmer-12.jpg?fit=720%2C1080&ssl=1&resize=700%2C400 2x"},"classes":[]},{"id":133,"url":"https:\/\/le.nomade.sylvainperrierfotografi.com\/fr\/le-pont-couvert-de-wakefield\/","url_meta":{"origin":51,"position":5},"title":"Le pont couvert de Wakefield","author":"nomade","date":"1 mai 2024","format":false,"excerpt":"Le Pont couvert de Wakefield, \u00e9galement connu sous le nom de Pont Gendron, a une riche histoire qui remonte \u00e0 son \u00e9tablissement initial en 1915. Il \u00e9tait l'un des premiers ponts couverts \u00e0 relier les deux rives de la rivi\u00e8re Gatineau, facilitant une connexion cruciale avec la communaut\u00e9 agricole en\u2026","rel":"","context":"Dans &quot;Paysages \u00c9poustouflants&quot;","block_context":{"text":"Paysages \u00c9poustouflants","link":"https:\/\/le.nomade.sylvainperrierfotografi.com\/fr\/category\/paysages-epoustouflants\/"},"img":{"alt_text":"Le pont couvert de Wakefield","src":"https:\/\/i0.wp.com\/le.nomade.sylvainperrierfotografi.com\/wp-content\/uploads\/2024\/05\/Le-pont-couvert-de-Wakefield.jpg?fit=1200%2C900&ssl=1&resize=350%2C200","width":350,"height":200,"srcset":"https:\/\/i0.wp.com\/le.nomade.sylvainperrierfotografi.com\/wp-content\/uploads\/2024\/05\/Le-pont-couvert-de-Wakefield.jpg?fit=1200%2C900&ssl=1&resize=350%2C200 1x, https:\/\/i0.wp.com\/le.nomade.sylvainperrierfotografi.com\/wp-content\/uploads\/2024\/05\/Le-pont-couvert-de-Wakefield.jpg?fit=1200%2C900&ssl=1&resize=525%2C300 1.5x, https:\/\/i0.wp.com\/le.nomade.sylvainperrierfotografi.com\/wp-content\/uploads\/2024\/05\/Le-pont-couvert-de-Wakefield.jpg?fit=1200%2C900&ssl=1&resize=700%2C400 2x, https:\/\/i0.wp.com\/le.nomade.sylvainperrierfotografi.com\/wp-content\/uploads\/2024\/05\/Le-pont-couvert-de-Wakefield.jpg?fit=1200%2C900&ssl=1&resize=1050%2C600 3x"},"classes":[]}],"jetpack_sharing_enabled":true,"_links":{"self":[{"href":"https:\/\/le.nomade.sylvainperrierfotografi.com\/fr\/wp-json\/wp\/v2\/posts\/51","targetHints":{"allow":["GET"]}}],"collection":[{"href":"https:\/\/le.nomade.sylvainperrierfotografi.com\/fr\/wp-json\/wp\/v2\/posts"}],"about":[{"href":"https:\/\/le.nomade.sylvainperrierfotografi.com\/fr\/wp-json\/wp\/v2\/types\/post"}],"author":[{"embeddable":true,"href":"https:\/\/le.nomade.sylvainperrierfotografi.com\/fr\/wp-json\/wp\/v2\/users\/1"}],"replies":[{"embeddable":true,"href":"https:\/\/le.nomade.sylvainperrierfotografi.com\/fr\/wp-json\/wp\/v2\/comments?post=51"}],"version-history":[{"count":5,"href":"https:\/\/le.nomade.sylvainperrierfotografi.com\/fr\/wp-json\/wp\/v2\/posts\/51\/revisions"}],"predecessor-version":[{"id":665,"href":"https:\/\/le.nomade.sylvainperrierfotografi.com\/fr\/wp-json\/wp\/v2\/posts\/51\/revisions\/665"}],"wp:featuredmedia":[{"embeddable":true,"href":"https:\/\/le.nomade.sylvainperrierfotografi.com\/fr\/wp-json\/wp\/v2\/media\/74"}],"wp:attachment":[{"href":"https:\/\/le.nomade.sylvainperrierfotografi.com\/fr\/wp-json\/wp\/v2\/media?parent=51"}],"wp:term":[{"taxonomy":"category","embeddable":true,"href":"https:\/\/le.nomade.sylvainperrierfotografi.com\/fr\/wp-json\/wp\/v2\/categories?post=51"},{"taxonomy":"post_tag","embeddable":true,"href":"https:\/\/le.nomade.sylvainperrierfotografi.com\/fr\/wp-json\/wp\/v2\/tags?post=51"}],"curies":[{"name":"wp","href":"https:\/\/api.w.org\/{rel}","templated":true}]}}