{"id":718,"date":"2024-06-22T17:26:09","date_gmt":"2024-06-22T21:26:09","guid":{"rendered":"https:\/\/le.nomade.sylvainperrierfotografi.com\/?p=718"},"modified":"2025-12-16T15:32:20","modified_gmt":"2025-12-16T20:32:20","slug":"la-beaute-nocturne-capturee-dans-le-vieux-hull","status":"publish","type":"post","link":"https:\/\/le.nomade.sylvainperrierfotografi.com\/fr\/la-beaute-nocturne-capturee-dans-le-vieux-hull\/","title":{"rendered":"La Beaut\u00e9 Nocturne Captur\u00e9e dans le Vieux Hull"},"content":{"rendered":"<p class=\"\"><strong>La Beaut\u00e9 Nocturne Captur\u00e9e dans le Vieux Hull<\/strong> ; Lors d&#8217;une balade en soir\u00e9e dans le <strong>Vieux Hull<\/strong>, en compagnie de mes amis et \u00e9l\u00e8ves en photographie, nous avons saisi des moments uniques de cette partie pittoresque de la ville. Le soleil se couchait, peignant le ciel de teintes dor\u00e9es, et une douce lumi\u00e8re enveloppait les b\u00e2timents, transformant l&#8217;ordinaire en extraordinaire.<\/p>\n\n\n\n<p class=\"\">Nous avons explor\u00e9 une petite partie du vieux Hull et j&#8217;ai photographi\u00e9 la <strong>fontaine du <a href=\"https:\/\/g.co\/kgs\/v2gM1dL\" target=\"_blank\" rel=\"noreferrer noopener\">parc Du Carr\u00e9-Vaudreuil&nbsp;<\/a><\/strong>. Avec une exposition longue, j&#8217;ai captur\u00e9 les jets d&#8217;eau en mouvement, cr\u00e9ant un effet soyeux qui contraste magnifiquement avec les couleurs chaudes du coucher de soleil. Cette technique a magnifi\u00e9 la tranquillit\u00e9 de l&#8217;endroit, tout en mettant en valeur le dynamisme de l&#8217;eau.<\/p>\n\n\n\n<p class=\"\">Nous avons ensuite d\u00e9ambul\u00e9 le long de la <strong>Rue Laval<\/strong>, o\u00f9 l&#8217;animation et la vie culturelle prennent leur essor. Les <strong>enseignes artistiques<\/strong> et les fa\u00e7ades \u00e9clair\u00e9es cr\u00e9ent une atmosph\u00e8re vibrante. J&#8217;ai immortalis\u00e9 le charme des lieux avec des photos du <strong><a href=\"https:\/\/www.pizzaza.ca\/fr\" target=\"_blank\" rel=\"noreferrer noopener\">restaurant Piz&#8217;za-za<\/a><\/strong> et de ses alentours, en capturant les d\u00e9tails architecturaux et l&#8217;ambiance conviviale des terrasses.<\/p>\n\n\n\n<p class=\"\">L&#8217;un des moments forts de notre promenade a \u00e9t\u00e9 la prise de vue d&#8217;une <strong>grue au-dessus d&#8217;un b\u00e2timent en construction<\/strong>. Le contraste entre la modernit\u00e9 de l&#8217;acier et la s\u00e9r\u00e9nit\u00e9 du ciel bleu symbolise le d\u00e9veloppement continu de notre ville.<\/p>\n\n\n\n<p class=\"\">Nous avons aussi admir\u00e9 des <strong>balcons rustiques<\/strong>, vestiges du patrimoine historique, qui offrent un contraste saisissant avec les structures contemporaines des \u00e9difices environnants.<\/p>\n\n\n\n<p class=\"\">La nuit tombante, nous avons \u00e9t\u00e9 enchant\u00e9s par l&#8217;<strong>illumination de la Rue Laval<\/strong>. Le calme r\u00e9gnait, cr\u00e9ant une atmosph\u00e8re presque cin\u00e9matographique. Les guirlandes lumineuses suspendues au-dessus de la rue ont offert une sc\u00e8ne captivante, propice \u00e0 des clich\u00e9s empreints de po\u00e9sie urbaine.<\/p>\n\n\n\n<p class=\"\">En terminant notre parcours, nous avons contempl\u00e9 la <strong>lune \u00e9mergeant des nuages<\/strong>, ajoutant une touche mystique \u00e0 notre aventure photographique. Ce moment de contemplation a \u00e9t\u00e9 le point d&#8217;orgue d&#8217;une soir\u00e9e enrichissante, o\u00f9 chaque photo a captur\u00e9 un fragment de l&#8217;essence du Vieux Hull.<\/p>\n\n\n\n<p class=\"has-text-align-center\"><strong>Voici quelques-unes des photos prises durant cette soir\u00e9e magique<\/strong><\/p>\n\n\n\n<div class=\"is-style-rectangular wp-block-jetpack-tiled-gallery aligncenter is-style-rectangular\"><div class=\"\"><div class=\"tiled-gallery__gallery\"><div class=\"tiled-gallery__row\"><div class=\"tiled-gallery__col\" style=\"flex-basis:72.65260%\"><figure class=\"tiled-gallery__item\"><img decoding=\"async\" data-attachment-id=\"729\" data-permalink=\"https:\/\/le.nomade.sylvainperrierfotografi.com\/fr\/la-beaute-nocturne-capturee-dans-le-vieux-hull\/photographe-77\/\" data-orig-file=\"https:\/\/i0.wp.com\/le.nomade.sylvainperrierfotografi.com\/wp-content\/uploads\/2024\/06\/La-Beaute-Nocturne-Capturee-dans-le-Vieux-Hull-10.jpg?fit=1920%2C1080&amp;ssl=1\" data-orig-size=\"1920,1080\" data-comments-opened=\"0\" data-image-meta=\"{&quot;aperture&quot;:&quot;22&quot;,&quot;credit&quot;:&quot;sylvain perrier&quot;,&quot;camera&quot;:&quot;Canon EOS R6&quot;,&quot;caption&quot;:&quot;&quot;,&quot;created_timestamp&quot;:&quot;1718845416&quot;,&quot;copyright&quot;:&quot;sylvain perrier&quot;,&quot;focal_length&quot;:&quot;28&quot;,&quot;iso&quot;:&quot;100&quot;,&quot;shutter_speed&quot;:&quot;1.3&quot;,&quot;title&quot;:&quot;Photographe&quot;,&quot;orientation&quot;:&quot;0&quot;}\" data-image-title=\"La Beaut\u00e9 Nocturne Captur\u00e9e dans le Vieux Hull\" data-image-description=\"&lt;p&gt;La Beaut\u00e9 Nocturne Captur\u00e9e dans le Vieux Hull&lt;\/p&gt;\" data-image-caption=\"\" data-large-file=\"https:\/\/i0.wp.com\/le.nomade.sylvainperrierfotografi.com\/wp-content\/uploads\/2024\/06\/La-Beaute-Nocturne-Capturee-dans-le-Vieux-Hull-10.jpg?fit=940%2C529&amp;ssl=1\" role=\"button\" tabindex=\"0\" aria-label=\"Ouvrir l\u2019image 1 sur 13 en plein \u00e9cran\" srcset=\"https:\/\/i0.wp.com\/le.nomade.sylvainperrierfotografi.com\/wp-content\/uploads\/2024\/06\/La-Beaute-Nocturne-Capturee-dans-le-Vieux-Hull-10-1080x608.jpg?strip=info&#038;w=600&#038;ssl=1 600w,https:\/\/i0.wp.com\/le.nomade.sylvainperrierfotografi.com\/wp-content\/uploads\/2024\/06\/La-Beaute-Nocturne-Capturee-dans-le-Vieux-Hull-10-1080x608.jpg?strip=info&#038;w=900&#038;ssl=1 900w,https:\/\/i0.wp.com\/le.nomade.sylvainperrierfotografi.com\/wp-content\/uploads\/2024\/06\/La-Beaute-Nocturne-Capturee-dans-le-Vieux-Hull-10-1080x608.jpg?strip=info&#038;w=1200&#038;ssl=1 1200w,https:\/\/i0.wp.com\/le.nomade.sylvainperrierfotografi.com\/wp-content\/uploads\/2024\/06\/La-Beaute-Nocturne-Capturee-dans-le-Vieux-Hull-10-1080x608.jpg?strip=info&#038;w=1500&#038;ssl=1 1500w,https:\/\/i0.wp.com\/le.nomade.sylvainperrierfotografi.com\/wp-content\/uploads\/2024\/06\/La-Beaute-Nocturne-Capturee-dans-le-Vieux-Hull-10-1080x608.jpg?strip=info&#038;w=1800&#038;ssl=1 1800w,https:\/\/i0.wp.com\/le.nomade.sylvainperrierfotografi.com\/wp-content\/uploads\/2024\/06\/La-Beaute-Nocturne-Capturee-dans-le-Vieux-Hull-10-1080x608.jpg?strip=info&#038;w=1920&#038;ssl=1 1920w\" alt=\"La Beaut\u00e9 Nocturne Captur\u00e9e dans le Vieux Hull\" data-height=\"1080\" data-id=\"729\" data-link=\"https:\/\/le.nomade.sylvainperrierfotografi.com\/la-beaute-nocturne-capturee-dans-le-vieux-hull\/photographe-77\/\" data-url=\"https:\/\/le.nomade.sylvainperrierfotografi.com\/wp-content\/uploads\/2024\/06\/La-Beaute-Nocturne-Capturee-dans-le-Vieux-Hull-10-1080x608.jpg\" data-width=\"1920\" src=\"https:\/\/i0.wp.com\/le.nomade.sylvainperrierfotografi.com\/wp-content\/uploads\/2024\/06\/La-Beaute-Nocturne-Capturee-dans-le-Vieux-Hull-10-1080x608.jpg?ssl=1\" data-amp-layout=\"responsive\"\/><\/figure><\/div><div class=\"tiled-gallery__col\" style=\"flex-basis:27.34740%\"><figure class=\"tiled-gallery__item\"><img decoding=\"async\" data-attachment-id=\"723\" data-permalink=\"https:\/\/le.nomade.sylvainperrierfotografi.com\/fr\/la-beaute-nocturne-capturee-dans-le-vieux-hull\/photographe-71\/\" data-orig-file=\"https:\/\/i0.wp.com\/le.nomade.sylvainperrierfotografi.com\/wp-content\/uploads\/2024\/06\/La-Beaute-Nocturne-Capturee-dans-le-Vieux-Hull-4.jpg?fit=720%2C1080&amp;ssl=1\" data-orig-size=\"720,1080\" data-comments-opened=\"0\" data-image-meta=\"{&quot;aperture&quot;:&quot;4&quot;,&quot;credit&quot;:&quot;sylvain perrier&quot;,&quot;camera&quot;:&quot;Canon EOS R6&quot;,&quot;caption&quot;:&quot;&quot;,&quot;created_timestamp&quot;:&quot;1718843237&quot;,&quot;copyright&quot;:&quot;sylvain perrier&quot;,&quot;focal_length&quot;:&quot;93&quot;,&quot;iso&quot;:&quot;200&quot;,&quot;shutter_speed&quot;:&quot;0.008&quot;,&quot;title&quot;:&quot;Photographe&quot;,&quot;orientation&quot;:&quot;0&quot;}\" data-image-title=\"La Beaut\u00e9 Nocturne Captur\u00e9e dans le Vieux Hull\" data-image-description=\"\" data-image-caption=\"\" data-large-file=\"https:\/\/i0.wp.com\/le.nomade.sylvainperrierfotografi.com\/wp-content\/uploads\/2024\/06\/La-Beaute-Nocturne-Capturee-dans-le-Vieux-Hull-4.jpg?fit=720%2C1080&amp;ssl=1\" role=\"button\" tabindex=\"0\" aria-label=\"Ouvrir l\u2019image 2 sur 13 en plein \u00e9cran\" srcset=\"https:\/\/i0.wp.com\/le.nomade.sylvainperrierfotografi.com\/wp-content\/uploads\/2024\/06\/La-Beaute-Nocturne-Capturee-dans-le-Vieux-Hull-4.jpg?strip=info&#038;w=600&#038;ssl=1 600w,https:\/\/i0.wp.com\/le.nomade.sylvainperrierfotografi.com\/wp-content\/uploads\/2024\/06\/La-Beaute-Nocturne-Capturee-dans-le-Vieux-Hull-4.jpg?strip=info&#038;w=720&#038;ssl=1 720w\" alt=\"\" data-height=\"1080\" data-id=\"723\" data-link=\"https:\/\/le.nomade.sylvainperrierfotografi.com\/la-beaute-nocturne-capturee-dans-le-vieux-hull\/photographe-71\/\" data-url=\"https:\/\/le.nomade.sylvainperrierfotografi.com\/wp-content\/uploads\/2024\/06\/La-Beaute-Nocturne-Capturee-dans-le-Vieux-Hull-4.jpg\" data-width=\"720\" src=\"https:\/\/i0.wp.com\/le.nomade.sylvainperrierfotografi.com\/wp-content\/uploads\/2024\/06\/La-Beaute-Nocturne-Capturee-dans-le-Vieux-Hull-4.jpg?ssl=1\" data-amp-layout=\"responsive\"\/><\/figure><\/div><\/div><div class=\"tiled-gallery__row\"><div class=\"tiled-gallery__col\" style=\"flex-basis:23.56715%\"><figure class=\"tiled-gallery__item\"><img decoding=\"async\" data-attachment-id=\"728\" data-permalink=\"https:\/\/le.nomade.sylvainperrierfotografi.com\/fr\/la-beaute-nocturne-capturee-dans-le-vieux-hull\/photographe-76\/\" data-orig-file=\"https:\/\/i0.wp.com\/le.nomade.sylvainperrierfotografi.com\/wp-content\/uploads\/2024\/06\/La-Beaute-Nocturne-Capturee-dans-le-Vieux-Hull-9.jpg?fit=720%2C1080&amp;ssl=1\" data-orig-size=\"720,1080\" data-comments-opened=\"0\" data-image-meta=\"{&quot;aperture&quot;:&quot;4&quot;,&quot;credit&quot;:&quot;sylvain perrier&quot;,&quot;camera&quot;:&quot;Canon EOS R6&quot;,&quot;caption&quot;:&quot;&quot;,&quot;created_timestamp&quot;:&quot;1718843523&quot;,&quot;copyright&quot;:&quot;sylvain perrier&quot;,&quot;focal_length&quot;:&quot;77&quot;,&quot;iso&quot;:&quot;125&quot;,&quot;shutter_speed&quot;:&quot;0.0125&quot;,&quot;title&quot;:&quot;Photographe&quot;,&quot;orientation&quot;:&quot;0&quot;}\" data-image-title=\"La Beaut\u00e9 Nocturne Captur\u00e9e dans le Vieux Hull\" data-image-description=\"\" data-image-caption=\"\" data-large-file=\"https:\/\/i0.wp.com\/le.nomade.sylvainperrierfotografi.com\/wp-content\/uploads\/2024\/06\/La-Beaute-Nocturne-Capturee-dans-le-Vieux-Hull-9.jpg?fit=720%2C1080&amp;ssl=1\" role=\"button\" tabindex=\"0\" aria-label=\"Ouvrir l\u2019image 3 sur 13 en plein \u00e9cran\" srcset=\"https:\/\/i0.wp.com\/le.nomade.sylvainperrierfotografi.com\/wp-content\/uploads\/2024\/06\/La-Beaute-Nocturne-Capturee-dans-le-Vieux-Hull-9.jpg?strip=info&#038;w=600&#038;ssl=1 600w,https:\/\/i0.wp.com\/le.nomade.sylvainperrierfotografi.com\/wp-content\/uploads\/2024\/06\/La-Beaute-Nocturne-Capturee-dans-le-Vieux-Hull-9.jpg?strip=info&#038;w=720&#038;ssl=1 720w\" alt=\"\" data-height=\"1080\" data-id=\"728\" data-link=\"https:\/\/le.nomade.sylvainperrierfotografi.com\/la-beaute-nocturne-capturee-dans-le-vieux-hull\/photographe-76\/\" data-url=\"https:\/\/le.nomade.sylvainperrierfotografi.com\/wp-content\/uploads\/2024\/06\/La-Beaute-Nocturne-Capturee-dans-le-Vieux-Hull-9.jpg\" data-width=\"720\" src=\"https:\/\/i0.wp.com\/le.nomade.sylvainperrierfotografi.com\/wp-content\/uploads\/2024\/06\/La-Beaute-Nocturne-Capturee-dans-le-Vieux-Hull-9.jpg?ssl=1\" data-amp-layout=\"responsive\"\/><\/figure><\/div><div class=\"tiled-gallery__col\" style=\"flex-basis:52.86569%\"><figure class=\"tiled-gallery__item\"><img decoding=\"async\" data-attachment-id=\"730\" data-permalink=\"https:\/\/le.nomade.sylvainperrierfotografi.com\/fr\/la-beaute-nocturne-capturee-dans-le-vieux-hull\/photographe-78\/\" data-orig-file=\"https:\/\/i0.wp.com\/le.nomade.sylvainperrierfotografi.com\/wp-content\/uploads\/2024\/06\/La-Beaute-Nocturne-Capturee-dans-le-Vieux-Hull-11.jpg?fit=1620%2C1080&amp;ssl=1\" data-orig-size=\"1620,1080\" data-comments-opened=\"0\" data-image-meta=\"{&quot;aperture&quot;:&quot;2.2&quot;,&quot;credit&quot;:&quot;sylvain perrier&quot;,&quot;camera&quot;:&quot;Canon EOS R6&quot;,&quot;caption&quot;:&quot;&quot;,&quot;created_timestamp&quot;:&quot;1718846191&quot;,&quot;copyright&quot;:&quot;sylvain perrier&quot;,&quot;focal_length&quot;:&quot;39&quot;,&quot;iso&quot;:&quot;2000&quot;,&quot;shutter_speed&quot;:&quot;0.00625&quot;,&quot;title&quot;:&quot;Photographe&quot;,&quot;orientation&quot;:&quot;0&quot;}\" data-image-title=\"La Beaut\u00e9 Nocturne Captur\u00e9e dans le Vieux Hull\" data-image-description=\"\" data-image-caption=\"\" data-large-file=\"https:\/\/i0.wp.com\/le.nomade.sylvainperrierfotografi.com\/wp-content\/uploads\/2024\/06\/La-Beaute-Nocturne-Capturee-dans-le-Vieux-Hull-11.jpg?fit=940%2C627&amp;ssl=1\" role=\"button\" tabindex=\"0\" aria-label=\"Ouvrir l\u2019image 4 sur 13 en plein \u00e9cran\" srcset=\"https:\/\/i0.wp.com\/le.nomade.sylvainperrierfotografi.com\/wp-content\/uploads\/2024\/06\/La-Beaute-Nocturne-Capturee-dans-le-Vieux-Hull-11-1080x720.jpg?strip=info&#038;w=600&#038;ssl=1 600w,https:\/\/i0.wp.com\/le.nomade.sylvainperrierfotografi.com\/wp-content\/uploads\/2024\/06\/La-Beaute-Nocturne-Capturee-dans-le-Vieux-Hull-11-1080x720.jpg?strip=info&#038;w=900&#038;ssl=1 900w,https:\/\/i0.wp.com\/le.nomade.sylvainperrierfotografi.com\/wp-content\/uploads\/2024\/06\/La-Beaute-Nocturne-Capturee-dans-le-Vieux-Hull-11-1080x720.jpg?strip=info&#038;w=1200&#038;ssl=1 1200w,https:\/\/i0.wp.com\/le.nomade.sylvainperrierfotografi.com\/wp-content\/uploads\/2024\/06\/La-Beaute-Nocturne-Capturee-dans-le-Vieux-Hull-11-1080x720.jpg?strip=info&#038;w=1500&#038;ssl=1 1500w,https:\/\/i0.wp.com\/le.nomade.sylvainperrierfotografi.com\/wp-content\/uploads\/2024\/06\/La-Beaute-Nocturne-Capturee-dans-le-Vieux-Hull-11-1080x720.jpg?strip=info&#038;w=1620&#038;ssl=1 1620w\" alt=\"\" data-height=\"1080\" data-id=\"730\" data-link=\"https:\/\/le.nomade.sylvainperrierfotografi.com\/la-beaute-nocturne-capturee-dans-le-vieux-hull\/photographe-78\/\" data-url=\"https:\/\/le.nomade.sylvainperrierfotografi.com\/wp-content\/uploads\/2024\/06\/La-Beaute-Nocturne-Capturee-dans-le-Vieux-Hull-11-1080x720.jpg\" data-width=\"1620\" src=\"https:\/\/i0.wp.com\/le.nomade.sylvainperrierfotografi.com\/wp-content\/uploads\/2024\/06\/La-Beaute-Nocturne-Capturee-dans-le-Vieux-Hull-11-1080x720.jpg?ssl=1\" data-amp-layout=\"responsive\"\/><\/figure><\/div><div class=\"tiled-gallery__col\" style=\"flex-basis:23.56715%\"><figure class=\"tiled-gallery__item\"><img decoding=\"async\" data-attachment-id=\"727\" data-permalink=\"https:\/\/le.nomade.sylvainperrierfotografi.com\/fr\/la-beaute-nocturne-capturee-dans-le-vieux-hull\/photographe-75\/\" data-orig-file=\"https:\/\/i0.wp.com\/le.nomade.sylvainperrierfotografi.com\/wp-content\/uploads\/2024\/06\/La-Beaute-Nocturne-Capturee-dans-le-Vieux-Hull-8.jpg?fit=720%2C1080&amp;ssl=1\" data-orig-size=\"720,1080\" data-comments-opened=\"0\" data-image-meta=\"{&quot;aperture&quot;:&quot;4&quot;,&quot;credit&quot;:&quot;sylvain perrier&quot;,&quot;camera&quot;:&quot;Canon EOS R6&quot;,&quot;caption&quot;:&quot;&quot;,&quot;created_timestamp&quot;:&quot;1718843306&quot;,&quot;copyright&quot;:&quot;sylvain perrier&quot;,&quot;focal_length&quot;:&quot;98&quot;,&quot;iso&quot;:&quot;100&quot;,&quot;shutter_speed&quot;:&quot;0.004&quot;,&quot;title&quot;:&quot;Photographe&quot;,&quot;orientation&quot;:&quot;0&quot;}\" data-image-title=\"La Beaut\u00e9 Nocturne Captur\u00e9e dans le Vieux Hull\" data-image-description=\"&lt;p&gt;La Beaut\u00e9 Nocturne Captur\u00e9e dans le Vieux Hull&lt;\/p&gt;\" data-image-caption=\"\" data-large-file=\"https:\/\/i0.wp.com\/le.nomade.sylvainperrierfotografi.com\/wp-content\/uploads\/2024\/06\/La-Beaute-Nocturne-Capturee-dans-le-Vieux-Hull-8.jpg?fit=720%2C1080&amp;ssl=1\" role=\"button\" tabindex=\"0\" aria-label=\"Ouvrir l\u2019image 5 sur 13 en plein \u00e9cran\" srcset=\"https:\/\/i0.wp.com\/le.nomade.sylvainperrierfotografi.com\/wp-content\/uploads\/2024\/06\/La-Beaute-Nocturne-Capturee-dans-le-Vieux-Hull-8.jpg?strip=info&#038;w=600&#038;ssl=1 600w,https:\/\/i0.wp.com\/le.nomade.sylvainperrierfotografi.com\/wp-content\/uploads\/2024\/06\/La-Beaute-Nocturne-Capturee-dans-le-Vieux-Hull-8.jpg?strip=info&#038;w=720&#038;ssl=1 720w\" alt=\"La Beaut\u00e9 Nocturne Captur\u00e9e dans le Vieux Hull\" data-height=\"1080\" data-id=\"727\" data-link=\"https:\/\/le.nomade.sylvainperrierfotografi.com\/la-beaute-nocturne-capturee-dans-le-vieux-hull\/photographe-75\/\" data-url=\"https:\/\/le.nomade.sylvainperrierfotografi.com\/wp-content\/uploads\/2024\/06\/La-Beaute-Nocturne-Capturee-dans-le-Vieux-Hull-8.jpg\" data-width=\"720\" src=\"https:\/\/i0.wp.com\/le.nomade.sylvainperrierfotografi.com\/wp-content\/uploads\/2024\/06\/La-Beaute-Nocturne-Capturee-dans-le-Vieux-Hull-8.jpg?ssl=1\" data-amp-layout=\"responsive\"\/><\/figure><\/div><\/div><div class=\"tiled-gallery__row\"><div class=\"tiled-gallery__col\" style=\"flex-basis:66.61626%\"><figure class=\"tiled-gallery__item\"><img decoding=\"async\" data-attachment-id=\"722\" data-permalink=\"https:\/\/le.nomade.sylvainperrierfotografi.com\/fr\/la-beaute-nocturne-capturee-dans-le-vieux-hull\/photographe-70\/\" data-orig-file=\"https:\/\/i0.wp.com\/le.nomade.sylvainperrierfotografi.com\/wp-content\/uploads\/2024\/06\/La-Beaute-Nocturne-Capturee-dans-le-Vieux-Hull-3.jpg?fit=1620%2C1080&amp;ssl=1\" data-orig-size=\"1620,1080\" data-comments-opened=\"0\" data-image-meta=\"{&quot;aperture&quot;:&quot;6.3&quot;,&quot;credit&quot;:&quot;sylvain perrier&quot;,&quot;camera&quot;:&quot;Canon EOS R6&quot;,&quot;caption&quot;:&quot;&quot;,&quot;created_timestamp&quot;:&quot;1718840634&quot;,&quot;copyright&quot;:&quot;sylvain perrier&quot;,&quot;focal_length&quot;:&quot;30&quot;,&quot;iso&quot;:&quot;100&quot;,&quot;shutter_speed&quot;:&quot;0.004&quot;,&quot;title&quot;:&quot;Photographe&quot;,&quot;orientation&quot;:&quot;0&quot;}\" data-image-title=\"La Beaut\u00e9 Nocturne Captur\u00e9e dans le Vieux Hull\" data-image-description=\"\" data-image-caption=\"\" data-large-file=\"https:\/\/i0.wp.com\/le.nomade.sylvainperrierfotografi.com\/wp-content\/uploads\/2024\/06\/La-Beaute-Nocturne-Capturee-dans-le-Vieux-Hull-3.jpg?fit=940%2C627&amp;ssl=1\" role=\"button\" tabindex=\"0\" aria-label=\"Ouvrir l\u2019image 6 sur 13 en plein \u00e9cran\" srcset=\"https:\/\/i0.wp.com\/le.nomade.sylvainperrierfotografi.com\/wp-content\/uploads\/2024\/06\/La-Beaute-Nocturne-Capturee-dans-le-Vieux-Hull-3-1080x720.jpg?strip=info&#038;w=600&#038;ssl=1 600w,https:\/\/i0.wp.com\/le.nomade.sylvainperrierfotografi.com\/wp-content\/uploads\/2024\/06\/La-Beaute-Nocturne-Capturee-dans-le-Vieux-Hull-3-1080x720.jpg?strip=info&#038;w=900&#038;ssl=1 900w,https:\/\/i0.wp.com\/le.nomade.sylvainperrierfotografi.com\/wp-content\/uploads\/2024\/06\/La-Beaute-Nocturne-Capturee-dans-le-Vieux-Hull-3-1080x720.jpg?strip=info&#038;w=1200&#038;ssl=1 1200w,https:\/\/i0.wp.com\/le.nomade.sylvainperrierfotografi.com\/wp-content\/uploads\/2024\/06\/La-Beaute-Nocturne-Capturee-dans-le-Vieux-Hull-3-1080x720.jpg?strip=info&#038;w=1500&#038;ssl=1 1500w,https:\/\/i0.wp.com\/le.nomade.sylvainperrierfotografi.com\/wp-content\/uploads\/2024\/06\/La-Beaute-Nocturne-Capturee-dans-le-Vieux-Hull-3-1080x720.jpg?strip=info&#038;w=1620&#038;ssl=1 1620w\" alt=\"\" data-height=\"1080\" data-id=\"722\" data-link=\"https:\/\/le.nomade.sylvainperrierfotografi.com\/la-beaute-nocturne-capturee-dans-le-vieux-hull\/photographe-70\/\" data-url=\"https:\/\/le.nomade.sylvainperrierfotografi.com\/wp-content\/uploads\/2024\/06\/La-Beaute-Nocturne-Capturee-dans-le-Vieux-Hull-3-1080x720.jpg\" data-width=\"1620\" src=\"https:\/\/i0.wp.com\/le.nomade.sylvainperrierfotografi.com\/wp-content\/uploads\/2024\/06\/La-Beaute-Nocturne-Capturee-dans-le-Vieux-Hull-3-1080x720.jpg?ssl=1\" data-amp-layout=\"responsive\"\/><\/figure><\/div><div class=\"tiled-gallery__col\" style=\"flex-basis:33.38374%\"><figure class=\"tiled-gallery__item\"><img decoding=\"async\" data-attachment-id=\"721\" data-permalink=\"https:\/\/le.nomade.sylvainperrierfotografi.com\/fr\/la-beaute-nocturne-capturee-dans-le-vieux-hull\/photographe-69\/\" data-orig-file=\"https:\/\/i0.wp.com\/le.nomade.sylvainperrierfotografi.com\/wp-content\/uploads\/2024\/06\/La-Beaute-Nocturne-Capturee-dans-le-Vieux-Hull-2.jpg?fit=810%2C1080&amp;ssl=1\" data-orig-size=\"810,1080\" data-comments-opened=\"0\" data-image-meta=\"{&quot;aperture&quot;:&quot;4&quot;,&quot;credit&quot;:&quot;sylvain perrier&quot;,&quot;camera&quot;:&quot;Canon EOS R6&quot;,&quot;caption&quot;:&quot;&quot;,&quot;created_timestamp&quot;:&quot;1718840307&quot;,&quot;copyright&quot;:&quot;sylvain perrier&quot;,&quot;focal_length&quot;:&quot;70&quot;,&quot;iso&quot;:&quot;125&quot;,&quot;shutter_speed&quot;:&quot;0.004&quot;,&quot;title&quot;:&quot;Photographe&quot;,&quot;orientation&quot;:&quot;0&quot;}\" data-image-title=\"La Beaut\u00e9 Nocturne Captur\u00e9e dans le Vieux Hull\" data-image-description=\"&lt;p&gt;La Beaut\u00e9 Nocturne Captur\u00e9e dans le Vieux Hull&lt;\/p&gt;\" data-image-caption=\"\" data-large-file=\"https:\/\/i0.wp.com\/le.nomade.sylvainperrierfotografi.com\/wp-content\/uploads\/2024\/06\/La-Beaute-Nocturne-Capturee-dans-le-Vieux-Hull-2.jpg?fit=810%2C1080&amp;ssl=1\" role=\"button\" tabindex=\"0\" aria-label=\"Ouvrir l\u2019image 7 sur 13 en plein \u00e9cran\" srcset=\"https:\/\/i0.wp.com\/le.nomade.sylvainperrierfotografi.com\/wp-content\/uploads\/2024\/06\/La-Beaute-Nocturne-Capturee-dans-le-Vieux-Hull-2.jpg?strip=info&#038;w=600&#038;ssl=1 600w,https:\/\/i0.wp.com\/le.nomade.sylvainperrierfotografi.com\/wp-content\/uploads\/2024\/06\/La-Beaute-Nocturne-Capturee-dans-le-Vieux-Hull-2.jpg?strip=info&#038;w=810&#038;ssl=1 810w\" alt=\"La Beaut\u00e9 Nocturne Captur\u00e9e dans le Vieux Hull\" data-height=\"1080\" data-id=\"721\" data-link=\"https:\/\/le.nomade.sylvainperrierfotografi.com\/la-beaute-nocturne-capturee-dans-le-vieux-hull\/photographe-69\/\" data-url=\"https:\/\/le.nomade.sylvainperrierfotografi.com\/wp-content\/uploads\/2024\/06\/La-Beaute-Nocturne-Capturee-dans-le-Vieux-Hull-2.jpg\" data-width=\"810\" src=\"https:\/\/i0.wp.com\/le.nomade.sylvainperrierfotografi.com\/wp-content\/uploads\/2024\/06\/La-Beaute-Nocturne-Capturee-dans-le-Vieux-Hull-2.jpg?ssl=1\" data-amp-layout=\"responsive\"\/><\/figure><\/div><\/div><div class=\"tiled-gallery__row\"><div class=\"tiled-gallery__col\" style=\"flex-basis:69.17477%\"><figure class=\"tiled-gallery__item\"><img decoding=\"async\" data-attachment-id=\"725\" data-permalink=\"https:\/\/le.nomade.sylvainperrierfotografi.com\/fr\/la-beaute-nocturne-capturee-dans-le-vieux-hull\/photographe-73\/\" data-orig-file=\"https:\/\/i0.wp.com\/le.nomade.sylvainperrierfotografi.com\/wp-content\/uploads\/2024\/06\/La-Beaute-Nocturne-Capturee-dans-le-Vieux-Hull-6.jpg?fit=1620%2C1080&amp;ssl=1\" data-orig-size=\"1620,1080\" data-comments-opened=\"0\" data-image-meta=\"{&quot;aperture&quot;:&quot;4&quot;,&quot;credit&quot;:&quot;sylvain perrier&quot;,&quot;camera&quot;:&quot;Canon EOS R6&quot;,&quot;caption&quot;:&quot;&quot;,&quot;created_timestamp&quot;:&quot;1718843252&quot;,&quot;copyright&quot;:&quot;sylvain perrier&quot;,&quot;focal_length&quot;:&quot;85&quot;,&quot;iso&quot;:&quot;200&quot;,&quot;shutter_speed&quot;:&quot;0.01&quot;,&quot;title&quot;:&quot;Photographe&quot;,&quot;orientation&quot;:&quot;0&quot;}\" data-image-title=\"La Beaut\u00e9 Nocturne Captur\u00e9e dans le Vieux Hull\" data-image-description=\"\" data-image-caption=\"\" data-large-file=\"https:\/\/i0.wp.com\/le.nomade.sylvainperrierfotografi.com\/wp-content\/uploads\/2024\/06\/La-Beaute-Nocturne-Capturee-dans-le-Vieux-Hull-6.jpg?fit=940%2C627&amp;ssl=1\" role=\"button\" tabindex=\"0\" aria-label=\"Ouvrir l\u2019image 8 sur 13 en plein \u00e9cran\" srcset=\"https:\/\/i0.wp.com\/le.nomade.sylvainperrierfotografi.com\/wp-content\/uploads\/2024\/06\/La-Beaute-Nocturne-Capturee-dans-le-Vieux-Hull-6-1080x720.jpg?strip=info&#038;w=600&#038;ssl=1 600w,https:\/\/i0.wp.com\/le.nomade.sylvainperrierfotografi.com\/wp-content\/uploads\/2024\/06\/La-Beaute-Nocturne-Capturee-dans-le-Vieux-Hull-6-1080x720.jpg?strip=info&#038;w=900&#038;ssl=1 900w,https:\/\/i0.wp.com\/le.nomade.sylvainperrierfotografi.com\/wp-content\/uploads\/2024\/06\/La-Beaute-Nocturne-Capturee-dans-le-Vieux-Hull-6-1080x720.jpg?strip=info&#038;w=1200&#038;ssl=1 1200w,https:\/\/i0.wp.com\/le.nomade.sylvainperrierfotografi.com\/wp-content\/uploads\/2024\/06\/La-Beaute-Nocturne-Capturee-dans-le-Vieux-Hull-6-1080x720.jpg?strip=info&#038;w=1500&#038;ssl=1 1500w,https:\/\/i0.wp.com\/le.nomade.sylvainperrierfotografi.com\/wp-content\/uploads\/2024\/06\/La-Beaute-Nocturne-Capturee-dans-le-Vieux-Hull-6-1080x720.jpg?strip=info&#038;w=1620&#038;ssl=1 1620w\" alt=\"\" data-height=\"1080\" data-id=\"725\" data-link=\"https:\/\/le.nomade.sylvainperrierfotografi.com\/la-beaute-nocturne-capturee-dans-le-vieux-hull\/photographe-73\/\" data-url=\"https:\/\/le.nomade.sylvainperrierfotografi.com\/wp-content\/uploads\/2024\/06\/La-Beaute-Nocturne-Capturee-dans-le-Vieux-Hull-6-1080x720.jpg\" data-width=\"1620\" src=\"https:\/\/i0.wp.com\/le.nomade.sylvainperrierfotografi.com\/wp-content\/uploads\/2024\/06\/La-Beaute-Nocturne-Capturee-dans-le-Vieux-Hull-6-1080x720.jpg?ssl=1\" data-amp-layout=\"responsive\"\/><\/figure><\/div><div class=\"tiled-gallery__col\" style=\"flex-basis:30.82523%\"><figure class=\"tiled-gallery__item\"><img decoding=\"async\" data-attachment-id=\"724\" data-permalink=\"https:\/\/le.nomade.sylvainperrierfotografi.com\/fr\/la-beaute-nocturne-capturee-dans-le-vieux-hull\/photographe-72\/\" data-orig-file=\"https:\/\/i0.wp.com\/le.nomade.sylvainperrierfotografi.com\/wp-content\/uploads\/2024\/06\/La-Beaute-Nocturne-Capturee-dans-le-Vieux-Hull-5.jpg?fit=720%2C1080&amp;ssl=1\" data-orig-size=\"720,1080\" data-comments-opened=\"0\" data-image-meta=\"{&quot;aperture&quot;:&quot;4&quot;,&quot;credit&quot;:&quot;sylvain perrier&quot;,&quot;camera&quot;:&quot;Canon EOS R6&quot;,&quot;caption&quot;:&quot;&quot;,&quot;created_timestamp&quot;:&quot;1718843242&quot;,&quot;copyright&quot;:&quot;sylvain perrier&quot;,&quot;focal_length&quot;:&quot;93&quot;,&quot;iso&quot;:&quot;320&quot;,&quot;shutter_speed&quot;:&quot;0.01&quot;,&quot;title&quot;:&quot;Photographe&quot;,&quot;orientation&quot;:&quot;0&quot;}\" data-image-title=\"La Beaut\u00e9 Nocturne Captur\u00e9e dans le Vieux Hull\" data-image-description=\"&lt;p&gt;La Beaut\u00e9 Nocturne Captur\u00e9e dans le Vieux Hull&lt;\/p&gt;\" data-image-caption=\"\" data-large-file=\"https:\/\/i0.wp.com\/le.nomade.sylvainperrierfotografi.com\/wp-content\/uploads\/2024\/06\/La-Beaute-Nocturne-Capturee-dans-le-Vieux-Hull-5.jpg?fit=720%2C1080&amp;ssl=1\" role=\"button\" tabindex=\"0\" aria-label=\"Ouvrir l\u2019image 9 sur 13 en plein \u00e9cran\" srcset=\"https:\/\/i0.wp.com\/le.nomade.sylvainperrierfotografi.com\/wp-content\/uploads\/2024\/06\/La-Beaute-Nocturne-Capturee-dans-le-Vieux-Hull-5.jpg?strip=info&#038;w=600&#038;ssl=1 600w,https:\/\/i0.wp.com\/le.nomade.sylvainperrierfotografi.com\/wp-content\/uploads\/2024\/06\/La-Beaute-Nocturne-Capturee-dans-le-Vieux-Hull-5.jpg?strip=info&#038;w=720&#038;ssl=1 720w\" alt=\"La Beaut\u00e9 Nocturne Captur\u00e9e dans le Vieux Hull\" data-height=\"1080\" data-id=\"724\" data-link=\"https:\/\/le.nomade.sylvainperrierfotografi.com\/la-beaute-nocturne-capturee-dans-le-vieux-hull\/photographe-72\/\" data-url=\"https:\/\/le.nomade.sylvainperrierfotografi.com\/wp-content\/uploads\/2024\/06\/La-Beaute-Nocturne-Capturee-dans-le-Vieux-Hull-5.jpg\" data-width=\"720\" src=\"https:\/\/i0.wp.com\/le.nomade.sylvainperrierfotografi.com\/wp-content\/uploads\/2024\/06\/La-Beaute-Nocturne-Capturee-dans-le-Vieux-Hull-5.jpg?ssl=1\" data-amp-layout=\"responsive\"\/><\/figure><\/div><\/div><div class=\"tiled-gallery__row\"><div class=\"tiled-gallery__col\" style=\"flex-basis:31.02027%\"><figure class=\"tiled-gallery__item\"><img decoding=\"async\" data-attachment-id=\"720\" data-permalink=\"https:\/\/le.nomade.sylvainperrierfotografi.com\/fr\/la-beaute-nocturne-capturee-dans-le-vieux-hull\/photographe-68\/\" data-orig-file=\"https:\/\/i0.wp.com\/le.nomade.sylvainperrierfotografi.com\/wp-content\/uploads\/2024\/06\/La-Beaute-Nocturne-Capturee-dans-le-Vieux-Hull-0.jpg?fit=1920%2C1080&amp;ssl=1\" data-orig-size=\"1920,1080\" data-comments-opened=\"0\" data-image-meta=\"{&quot;aperture&quot;:&quot;4&quot;,&quot;credit&quot;:&quot;sylvain perrier&quot;,&quot;camera&quot;:&quot;Canon EOS R6&quot;,&quot;caption&quot;:&quot;&quot;,&quot;created_timestamp&quot;:&quot;1718844253&quot;,&quot;copyright&quot;:&quot;sylvain perrier&quot;,&quot;focal_length&quot;:&quot;200&quot;,&quot;iso&quot;:&quot;100&quot;,&quot;shutter_speed&quot;:&quot;0.004&quot;,&quot;title&quot;:&quot;Photographe&quot;,&quot;orientation&quot;:&quot;0&quot;}\" data-image-title=\"La Beaut\u00e9 Nocturne Captur\u00e9e dans le Vieux Hull\" data-image-description=\"\" data-image-caption=\"\" data-large-file=\"https:\/\/i0.wp.com\/le.nomade.sylvainperrierfotografi.com\/wp-content\/uploads\/2024\/06\/La-Beaute-Nocturne-Capturee-dans-le-Vieux-Hull-0.jpg?fit=940%2C529&amp;ssl=1\" role=\"button\" tabindex=\"0\" aria-label=\"Ouvrir l\u2019image 10 sur 13 en plein \u00e9cran\" srcset=\"https:\/\/i0.wp.com\/le.nomade.sylvainperrierfotografi.com\/wp-content\/uploads\/2024\/06\/La-Beaute-Nocturne-Capturee-dans-le-Vieux-Hull-0-1080x608.jpg?strip=info&#038;w=600&#038;ssl=1 600w,https:\/\/i0.wp.com\/le.nomade.sylvainperrierfotografi.com\/wp-content\/uploads\/2024\/06\/La-Beaute-Nocturne-Capturee-dans-le-Vieux-Hull-0-1080x608.jpg?strip=info&#038;w=900&#038;ssl=1 900w,https:\/\/i0.wp.com\/le.nomade.sylvainperrierfotografi.com\/wp-content\/uploads\/2024\/06\/La-Beaute-Nocturne-Capturee-dans-le-Vieux-Hull-0-1080x608.jpg?strip=info&#038;w=1200&#038;ssl=1 1200w,https:\/\/i0.wp.com\/le.nomade.sylvainperrierfotografi.com\/wp-content\/uploads\/2024\/06\/La-Beaute-Nocturne-Capturee-dans-le-Vieux-Hull-0-1080x608.jpg?strip=info&#038;w=1500&#038;ssl=1 1500w,https:\/\/i0.wp.com\/le.nomade.sylvainperrierfotografi.com\/wp-content\/uploads\/2024\/06\/La-Beaute-Nocturne-Capturee-dans-le-Vieux-Hull-0-1080x608.jpg?strip=info&#038;w=1800&#038;ssl=1 1800w,https:\/\/i0.wp.com\/le.nomade.sylvainperrierfotografi.com\/wp-content\/uploads\/2024\/06\/La-Beaute-Nocturne-Capturee-dans-le-Vieux-Hull-0-1080x608.jpg?strip=info&#038;w=1920&#038;ssl=1 1920w\" alt=\"\" data-height=\"1080\" data-id=\"720\" data-link=\"https:\/\/le.nomade.sylvainperrierfotografi.com\/la-beaute-nocturne-capturee-dans-le-vieux-hull\/photographe-68\/\" data-url=\"https:\/\/le.nomade.sylvainperrierfotografi.com\/wp-content\/uploads\/2024\/06\/La-Beaute-Nocturne-Capturee-dans-le-Vieux-Hull-0-1080x608.jpg\" data-width=\"1920\" src=\"https:\/\/i0.wp.com\/le.nomade.sylvainperrierfotografi.com\/wp-content\/uploads\/2024\/06\/La-Beaute-Nocturne-Capturee-dans-le-Vieux-Hull-0-1080x608.jpg?ssl=1\" data-amp-layout=\"responsive\"\/><\/figure><\/div><div class=\"tiled-gallery__col\" style=\"flex-basis:31.02027%\"><figure class=\"tiled-gallery__item\"><img decoding=\"async\" data-attachment-id=\"719\" data-permalink=\"https:\/\/le.nomade.sylvainperrierfotografi.com\/fr\/la-beaute-nocturne-capturee-dans-le-vieux-hull\/photographe-67\/\" data-orig-file=\"https:\/\/i0.wp.com\/le.nomade.sylvainperrierfotografi.com\/wp-content\/uploads\/2024\/06\/La-Beaute-Nocturne-Capturee-dans-le-Vieux-Hull-13.jpg?fit=1920%2C1080&amp;ssl=1\" data-orig-size=\"1920,1080\" data-comments-opened=\"0\" data-image-meta=\"{&quot;aperture&quot;:&quot;2&quot;,&quot;credit&quot;:&quot;sylvain perrier&quot;,&quot;camera&quot;:&quot;Canon EOS R6&quot;,&quot;caption&quot;:&quot;&quot;,&quot;created_timestamp&quot;:&quot;1718855726&quot;,&quot;copyright&quot;:&quot;sylvain perrier&quot;,&quot;focal_length&quot;:&quot;70&quot;,&quot;iso&quot;:&quot;6400&quot;,&quot;shutter_speed&quot;:&quot;0.02&quot;,&quot;title&quot;:&quot;Photographe&quot;,&quot;orientation&quot;:&quot;0&quot;}\" data-image-title=\"La Beaut\u00e9 Nocturne Captur\u00e9e dans le Vieux Hull\" data-image-description=\"\" data-image-caption=\"\" data-large-file=\"https:\/\/i0.wp.com\/le.nomade.sylvainperrierfotografi.com\/wp-content\/uploads\/2024\/06\/La-Beaute-Nocturne-Capturee-dans-le-Vieux-Hull-13.jpg?fit=940%2C529&amp;ssl=1\" role=\"button\" tabindex=\"0\" aria-label=\"Ouvrir l\u2019image 11 sur 13 en plein \u00e9cran\" srcset=\"https:\/\/i0.wp.com\/le.nomade.sylvainperrierfotografi.com\/wp-content\/uploads\/2024\/06\/La-Beaute-Nocturne-Capturee-dans-le-Vieux-Hull-13-1080x608.jpg?strip=info&#038;w=600&#038;ssl=1 600w,https:\/\/i0.wp.com\/le.nomade.sylvainperrierfotografi.com\/wp-content\/uploads\/2024\/06\/La-Beaute-Nocturne-Capturee-dans-le-Vieux-Hull-13-1080x608.jpg?strip=info&#038;w=900&#038;ssl=1 900w,https:\/\/i0.wp.com\/le.nomade.sylvainperrierfotografi.com\/wp-content\/uploads\/2024\/06\/La-Beaute-Nocturne-Capturee-dans-le-Vieux-Hull-13-1080x608.jpg?strip=info&#038;w=1200&#038;ssl=1 1200w,https:\/\/i0.wp.com\/le.nomade.sylvainperrierfotografi.com\/wp-content\/uploads\/2024\/06\/La-Beaute-Nocturne-Capturee-dans-le-Vieux-Hull-13-1080x608.jpg?strip=info&#038;w=1500&#038;ssl=1 1500w,https:\/\/i0.wp.com\/le.nomade.sylvainperrierfotografi.com\/wp-content\/uploads\/2024\/06\/La-Beaute-Nocturne-Capturee-dans-le-Vieux-Hull-13-1080x608.jpg?strip=info&#038;w=1800&#038;ssl=1 1800w,https:\/\/i0.wp.com\/le.nomade.sylvainperrierfotografi.com\/wp-content\/uploads\/2024\/06\/La-Beaute-Nocturne-Capturee-dans-le-Vieux-Hull-13-1080x608.jpg?strip=info&#038;w=1920&#038;ssl=1 1920w\" alt=\"\" data-height=\"1080\" data-id=\"719\" data-link=\"https:\/\/le.nomade.sylvainperrierfotografi.com\/la-beaute-nocturne-capturee-dans-le-vieux-hull\/photographe-67\/\" data-url=\"https:\/\/le.nomade.sylvainperrierfotografi.com\/wp-content\/uploads\/2024\/06\/La-Beaute-Nocturne-Capturee-dans-le-Vieux-Hull-13-1080x608.jpg\" data-width=\"1920\" src=\"https:\/\/i0.wp.com\/le.nomade.sylvainperrierfotografi.com\/wp-content\/uploads\/2024\/06\/La-Beaute-Nocturne-Capturee-dans-le-Vieux-Hull-13-1080x608.jpg?ssl=1\" data-amp-layout=\"responsive\"\/><\/figure><\/div><div class=\"tiled-gallery__col\" style=\"flex-basis:11.75542%\"><figure class=\"tiled-gallery__item\"><img decoding=\"async\" data-attachment-id=\"726\" data-permalink=\"https:\/\/le.nomade.sylvainperrierfotografi.com\/fr\/la-beaute-nocturne-capturee-dans-le-vieux-hull\/photographe-74\/\" data-orig-file=\"https:\/\/i0.wp.com\/le.nomade.sylvainperrierfotografi.com\/wp-content\/uploads\/2024\/06\/La-Beaute-Nocturne-Capturee-dans-le-Vieux-Hull-7.jpg?fit=720%2C1080&amp;ssl=1\" data-orig-size=\"720,1080\" data-comments-opened=\"0\" data-image-meta=\"{&quot;aperture&quot;:&quot;4&quot;,&quot;credit&quot;:&quot;sylvain perrier&quot;,&quot;camera&quot;:&quot;Canon EOS R6&quot;,&quot;caption&quot;:&quot;&quot;,&quot;created_timestamp&quot;:&quot;1718843274&quot;,&quot;copyright&quot;:&quot;sylvain perrier&quot;,&quot;focal_length&quot;:&quot;70&quot;,&quot;iso&quot;:&quot;100&quot;,&quot;shutter_speed&quot;:&quot;0.005&quot;,&quot;title&quot;:&quot;Photographe&quot;,&quot;orientation&quot;:&quot;0&quot;}\" data-image-title=\"La Beaut\u00e9 Nocturne Captur\u00e9e dans le Vieux Hull\" data-image-description=\"\" data-image-caption=\"\" data-large-file=\"https:\/\/i0.wp.com\/le.nomade.sylvainperrierfotografi.com\/wp-content\/uploads\/2024\/06\/La-Beaute-Nocturne-Capturee-dans-le-Vieux-Hull-7.jpg?fit=720%2C1080&amp;ssl=1\" role=\"button\" tabindex=\"0\" aria-label=\"Ouvrir l\u2019image 12 sur 13 en plein \u00e9cran\" srcset=\"https:\/\/i0.wp.com\/le.nomade.sylvainperrierfotografi.com\/wp-content\/uploads\/2024\/06\/La-Beaute-Nocturne-Capturee-dans-le-Vieux-Hull-7.jpg?strip=info&#038;w=600&#038;ssl=1 600w,https:\/\/i0.wp.com\/le.nomade.sylvainperrierfotografi.com\/wp-content\/uploads\/2024\/06\/La-Beaute-Nocturne-Capturee-dans-le-Vieux-Hull-7.jpg?strip=info&#038;w=720&#038;ssl=1 720w\" alt=\"\" data-height=\"1080\" data-id=\"726\" data-link=\"https:\/\/le.nomade.sylvainperrierfotografi.com\/la-beaute-nocturne-capturee-dans-le-vieux-hull\/photographe-74\/\" data-url=\"https:\/\/le.nomade.sylvainperrierfotografi.com\/wp-content\/uploads\/2024\/06\/La-Beaute-Nocturne-Capturee-dans-le-Vieux-Hull-7.jpg\" data-width=\"720\" src=\"https:\/\/i0.wp.com\/le.nomade.sylvainperrierfotografi.com\/wp-content\/uploads\/2024\/06\/La-Beaute-Nocturne-Capturee-dans-le-Vieux-Hull-7.jpg?ssl=1\" data-amp-layout=\"responsive\"\/><\/figure><\/div><div class=\"tiled-gallery__col\" style=\"flex-basis:26.20405%\"><figure class=\"tiled-gallery__item\"><img decoding=\"async\" data-attachment-id=\"731\" data-permalink=\"https:\/\/le.nomade.sylvainperrierfotografi.com\/fr\/la-beaute-nocturne-capturee-dans-le-vieux-hull\/photographe-79\/\" data-orig-file=\"https:\/\/i0.wp.com\/le.nomade.sylvainperrierfotografi.com\/wp-content\/uploads\/2024\/06\/La-Beaute-Nocturne-Capturee-dans-le-Vieux-Hull-12.jpg?fit=1620%2C1080&amp;ssl=1\" data-orig-size=\"1620,1080\" data-comments-opened=\"0\" data-image-meta=\"{&quot;aperture&quot;:&quot;2.2&quot;,&quot;credit&quot;:&quot;sylvain perrier&quot;,&quot;camera&quot;:&quot;Canon EOS R6&quot;,&quot;caption&quot;:&quot;&quot;,&quot;created_timestamp&quot;:&quot;1718853304&quot;,&quot;copyright&quot;:&quot;sylvain perrier&quot;,&quot;focal_length&quot;:&quot;30&quot;,&quot;iso&quot;:&quot;8000&quot;,&quot;shutter_speed&quot;:&quot;0.00625&quot;,&quot;title&quot;:&quot;Photographe&quot;,&quot;orientation&quot;:&quot;0&quot;}\" data-image-title=\"La Beaut\u00e9 Nocturne Captur\u00e9e dans le Vieux Hull\" data-image-description=\"&lt;p&gt;La Beaut\u00e9 Nocturne Captur\u00e9e dans le Vieux Hull&lt;\/p&gt;\" data-image-caption=\"\" data-large-file=\"https:\/\/i0.wp.com\/le.nomade.sylvainperrierfotografi.com\/wp-content\/uploads\/2024\/06\/La-Beaute-Nocturne-Capturee-dans-le-Vieux-Hull-12.jpg?fit=940%2C627&amp;ssl=1\" role=\"button\" tabindex=\"0\" aria-label=\"Ouvrir l\u2019image 13 sur 13 en plein \u00e9cran\" srcset=\"https:\/\/i0.wp.com\/le.nomade.sylvainperrierfotografi.com\/wp-content\/uploads\/2024\/06\/La-Beaute-Nocturne-Capturee-dans-le-Vieux-Hull-12-1080x720.jpg?strip=info&#038;w=600&#038;ssl=1 600w,https:\/\/i0.wp.com\/le.nomade.sylvainperrierfotografi.com\/wp-content\/uploads\/2024\/06\/La-Beaute-Nocturne-Capturee-dans-le-Vieux-Hull-12-1080x720.jpg?strip=info&#038;w=900&#038;ssl=1 900w,https:\/\/i0.wp.com\/le.nomade.sylvainperrierfotografi.com\/wp-content\/uploads\/2024\/06\/La-Beaute-Nocturne-Capturee-dans-le-Vieux-Hull-12-1080x720.jpg?strip=info&#038;w=1200&#038;ssl=1 1200w,https:\/\/i0.wp.com\/le.nomade.sylvainperrierfotografi.com\/wp-content\/uploads\/2024\/06\/La-Beaute-Nocturne-Capturee-dans-le-Vieux-Hull-12-1080x720.jpg?strip=info&#038;w=1500&#038;ssl=1 1500w,https:\/\/i0.wp.com\/le.nomade.sylvainperrierfotografi.com\/wp-content\/uploads\/2024\/06\/La-Beaute-Nocturne-Capturee-dans-le-Vieux-Hull-12-1080x720.jpg?strip=info&#038;w=1620&#038;ssl=1 1620w\" alt=\"La Beaut\u00e9 Nocturne Captur\u00e9e dans le Vieux Hull\" data-height=\"1080\" data-id=\"731\" data-link=\"https:\/\/le.nomade.sylvainperrierfotografi.com\/la-beaute-nocturne-capturee-dans-le-vieux-hull\/photographe-79\/\" data-url=\"https:\/\/le.nomade.sylvainperrierfotografi.com\/wp-content\/uploads\/2024\/06\/La-Beaute-Nocturne-Capturee-dans-le-Vieux-Hull-12-1080x720.jpg\" data-width=\"1620\" src=\"https:\/\/i0.wp.com\/le.nomade.sylvainperrierfotografi.com\/wp-content\/uploads\/2024\/06\/La-Beaute-Nocturne-Capturee-dans-le-Vieux-Hull-12-1080x720.jpg?ssl=1\" data-amp-layout=\"responsive\"\/><\/figure><\/div><\/div><\/div><\/div><\/div>\n\n\n\n<p class=\"has-text-align-center\"><strong>La Beaut\u00e9 Nocturne Captur\u00e9e dans le Vieux Hull<\/strong><\/p>\n\n\n\n<h3 class=\"wp-block-heading\"><strong>Cr\u00e9dits :<\/strong><\/h3>\n\n\n\n<ul class=\"wp-block-list\">\n<li class=\"\"><strong>Photographe<\/strong> : Sylvain Perrier<\/li>\n\n\n\n<li class=\"\"><strong>Lieu<\/strong> : Vieux Hull, Gatineau<\/li>\n<\/ul>\n\n\n\n<p class=\"\"><strong>Sylvain Perrier Photographe<\/strong> :  D\u00e9couvrez plus de mes travaux sur <a href=\"https:\/\/sylvainperrierphotographe.com\/\" target=\"_blank\" rel=\"noreferrer noopener\">Sylvain Perrier Photographe &#8220;Portfolio Signature&#8221;<\/a>, o\u00f9 chaque mod\u00e8le \u00e0 son portfolio.<\/p>","protected":false},"excerpt":{"rendered":"<p>La Beaut\u00e9 Nocturne Captur\u00e9e dans le Vieux Hull ; Lors d&#8217;une balade en soir\u00e9e dans le Vieux Hull, [&hellip;]<\/p>\n","protected":false},"author":1,"featured_media":731,"comment_status":"closed","ping_status":"closed","sticky":false,"template":"","format":"standard","meta":{"nf_dc_page":"","_jetpack_memberships_contains_paid_content":false,"footnotes":"","jetpack_publicize_message":"","jetpack_publicize_feature_enabled":true,"jetpack_social_post_already_shared":true,"jetpack_social_options":{"image_generator_settings":{"template":"highway","default_image_id":0,"font":"","enabled":false},"version":2}},"categories":[56,59],"tags":[],"class_list":["post-718","post","type-post","status-publish","format-standard","has-post-thumbnail","hentry","category-aventures-urbaines","category-monuments-et-edifices"],"yoast_head":"<!-- This site is optimized with the Yoast SEO plugin v27.4 - https:\/\/yoast.com\/product\/yoast-seo-wordpress\/ -->\n<title>La Beaut\u00e9 Nocturne Captur\u00e9e dans le Vieux Hull - Le Nomade<\/title>\n<meta name=\"description\" content=\"La Beaut\u00e9 Nocturne Captur\u00e9e dans le Vieux Hull\" \/>\n<meta name=\"robots\" content=\"index, follow, max-snippet:-1, max-image-preview:large, max-video-preview:-1\" \/>\n<link rel=\"canonical\" href=\"https:\/\/le.nomade.sylvainperrierfotografi.com\/fr\/la-beaute-nocturne-capturee-dans-le-vieux-hull\/\" \/>\n<meta property=\"og:locale\" content=\"fr_FR\" \/>\n<meta property=\"og:type\" content=\"article\" \/>\n<meta property=\"og:title\" content=\"La Beaut\u00e9 Nocturne Captur\u00e9e dans le Vieux Hull - Le Nomade\" \/>\n<meta property=\"og:description\" content=\"La Beaut\u00e9 Nocturne Captur\u00e9e dans le Vieux Hull\" \/>\n<meta property=\"og:url\" content=\"https:\/\/le.nomade.sylvainperrierfotografi.com\/fr\/la-beaute-nocturne-capturee-dans-le-vieux-hull\/\" \/>\n<meta property=\"og:site_name\" content=\"Le Nomade\" \/>\n<meta property=\"article:publisher\" content=\"https:\/\/www.facebook.com\/SylvainPerrierFotografie\" \/>\n<meta property=\"article:author\" content=\"https:\/\/www.facebook.com\/SylvainPerrierFotografie\" \/>\n<meta property=\"article:published_time\" content=\"2024-06-22T21:26:09+00:00\" \/>\n<meta property=\"article:modified_time\" content=\"2025-12-16T20:32:20+00:00\" \/>\n<meta property=\"og:image\" content=\"https:\/\/le.nomade.sylvainperrierfotografi.com\/wp-content\/uploads\/2024\/06\/La-Beaute-Nocturne-Capturee-dans-le-Vieux-Hull-12.jpg\" \/>\n\t<meta property=\"og:image:width\" content=\"1620\" \/>\n\t<meta property=\"og:image:height\" content=\"1080\" \/>\n\t<meta property=\"og:image:type\" content=\"image\/jpeg\" \/>\n<meta name=\"author\" content=\"nomade\" \/>\n<meta name=\"twitter:card\" content=\"summary_large_image\" \/>\n<meta name=\"twitter:creator\" content=\"@sylvainxperrier\" \/>\n<meta name=\"twitter:site\" content=\"@sylvainxperrier\" \/>\n<meta name=\"twitter:label1\" content=\"\u00c9crit par\" \/>\n\t<meta name=\"twitter:data1\" content=\"nomade\" \/>\n\t<meta name=\"twitter:label2\" content=\"Dur\u00e9e de lecture estim\u00e9e\" \/>\n\t<meta name=\"twitter:data2\" content=\"5 minutes\" \/>\n<script type=\"application\/ld+json\" class=\"yoast-schema-graph\">{\"@context\":\"https:\\\/\\\/schema.org\",\"@graph\":[{\"@type\":\"Article\",\"@id\":\"https:\\\/\\\/le.nomade.sylvainperrierfotografi.com\\\/la-beaute-nocturne-capturee-dans-le-vieux-hull\\\/#article\",\"isPartOf\":{\"@id\":\"https:\\\/\\\/le.nomade.sylvainperrierfotografi.com\\\/la-beaute-nocturne-capturee-dans-le-vieux-hull\\\/\"},\"author\":{\"name\":\"nomade\",\"@id\":\"https:\\\/\\\/le.nomade.sylvainperrierfotografi.com\\\/#\\\/schema\\\/person\\\/422f9f9af75b66cb9416a7ef7bc22a92\"},\"headline\":\"La Beaut\u00e9 Nocturne Captur\u00e9e dans le Vieux Hull\",\"datePublished\":\"2024-06-22T21:26:09+00:00\",\"dateModified\":\"2025-12-16T20:32:20+00:00\",\"mainEntityOfPage\":{\"@id\":\"https:\\\/\\\/le.nomade.sylvainperrierfotografi.com\\\/la-beaute-nocturne-capturee-dans-le-vieux-hull\\\/\"},\"wordCount\":429,\"publisher\":{\"@id\":\"https:\\\/\\\/le.nomade.sylvainperrierfotografi.com\\\/#\\\/schema\\\/person\\\/422f9f9af75b66cb9416a7ef7bc22a92\"},\"image\":{\"@id\":\"https:\\\/\\\/le.nomade.sylvainperrierfotografi.com\\\/la-beaute-nocturne-capturee-dans-le-vieux-hull\\\/#primaryimage\"},\"thumbnailUrl\":\"https:\\\/\\\/i0.wp.com\\\/le.nomade.sylvainperrierfotografi.com\\\/wp-content\\\/uploads\\\/2024\\\/06\\\/La-Beaute-Nocturne-Capturee-dans-le-Vieux-Hull-12.jpg?fit=1620%2C1080&ssl=1\",\"articleSection\":[\"Aventures Urbaines\",\"Monuments et \u00c9difices\"],\"inLanguage\":\"fr-FR\"},{\"@type\":\"WebPage\",\"@id\":\"https:\\\/\\\/le.nomade.sylvainperrierfotografi.com\\\/la-beaute-nocturne-capturee-dans-le-vieux-hull\\\/\",\"url\":\"https:\\\/\\\/le.nomade.sylvainperrierfotografi.com\\\/la-beaute-nocturne-capturee-dans-le-vieux-hull\\\/\",\"name\":\"La Beaut\u00e9 Nocturne Captur\u00e9e dans le Vieux Hull - Le Nomade\",\"isPartOf\":{\"@id\":\"https:\\\/\\\/le.nomade.sylvainperrierfotografi.com\\\/#website\"},\"primaryImageOfPage\":{\"@id\":\"https:\\\/\\\/le.nomade.sylvainperrierfotografi.com\\\/la-beaute-nocturne-capturee-dans-le-vieux-hull\\\/#primaryimage\"},\"image\":{\"@id\":\"https:\\\/\\\/le.nomade.sylvainperrierfotografi.com\\\/la-beaute-nocturne-capturee-dans-le-vieux-hull\\\/#primaryimage\"},\"thumbnailUrl\":\"https:\\\/\\\/i0.wp.com\\\/le.nomade.sylvainperrierfotografi.com\\\/wp-content\\\/uploads\\\/2024\\\/06\\\/La-Beaute-Nocturne-Capturee-dans-le-Vieux-Hull-12.jpg?fit=1620%2C1080&ssl=1\",\"datePublished\":\"2024-06-22T21:26:09+00:00\",\"dateModified\":\"2025-12-16T20:32:20+00:00\",\"description\":\"La Beaut\u00e9 Nocturne Captur\u00e9e dans le Vieux Hull\",\"breadcrumb\":{\"@id\":\"https:\\\/\\\/le.nomade.sylvainperrierfotografi.com\\\/la-beaute-nocturne-capturee-dans-le-vieux-hull\\\/#breadcrumb\"},\"inLanguage\":\"fr-FR\",\"potentialAction\":[{\"@type\":\"ReadAction\",\"target\":[\"https:\\\/\\\/le.nomade.sylvainperrierfotografi.com\\\/la-beaute-nocturne-capturee-dans-le-vieux-hull\\\/\"]}]},{\"@type\":\"ImageObject\",\"inLanguage\":\"fr-FR\",\"@id\":\"https:\\\/\\\/le.nomade.sylvainperrierfotografi.com\\\/la-beaute-nocturne-capturee-dans-le-vieux-hull\\\/#primaryimage\",\"url\":\"https:\\\/\\\/i0.wp.com\\\/le.nomade.sylvainperrierfotografi.com\\\/wp-content\\\/uploads\\\/2024\\\/06\\\/La-Beaute-Nocturne-Capturee-dans-le-Vieux-Hull-12.jpg?fit=1620%2C1080&ssl=1\",\"contentUrl\":\"https:\\\/\\\/i0.wp.com\\\/le.nomade.sylvainperrierfotografi.com\\\/wp-content\\\/uploads\\\/2024\\\/06\\\/La-Beaute-Nocturne-Capturee-dans-le-Vieux-Hull-12.jpg?fit=1620%2C1080&ssl=1\",\"width\":1620,\"height\":1080,\"caption\":\"La Beaut\u00e9 Nocturne Captur\u00e9e dans le Vieux Hull\"},{\"@type\":\"BreadcrumbList\",\"@id\":\"https:\\\/\\\/le.nomade.sylvainperrierfotografi.com\\\/la-beaute-nocturne-capturee-dans-le-vieux-hull\\\/#breadcrumb\",\"itemListElement\":[{\"@type\":\"ListItem\",\"position\":1,\"name\":\"Accueil\",\"item\":\"https:\\\/\\\/le.nomade.sylvainperrierfotografi.com\\\/\"},{\"@type\":\"ListItem\",\"position\":2,\"name\":\"La Beaut\u00e9 Nocturne Captur\u00e9e dans le Vieux Hull\"}]},{\"@type\":\"WebSite\",\"@id\":\"https:\\\/\\\/le.nomade.sylvainperrierfotografi.com\\\/#website\",\"url\":\"https:\\\/\\\/le.nomade.sylvainperrierfotografi.com\\\/\",\"name\":\"Le Nomade Sylvain Perrier\",\"description\":\"L\u00e0 o\u00f9 les images rencontrent les mots\",\"publisher\":{\"@id\":\"https:\\\/\\\/le.nomade.sylvainperrierfotografi.com\\\/#\\\/schema\\\/person\\\/422f9f9af75b66cb9416a7ef7bc22a92\"},\"alternateName\":\"Sylvain Perrier\",\"potentialAction\":[{\"@type\":\"SearchAction\",\"target\":{\"@type\":\"EntryPoint\",\"urlTemplate\":\"https:\\\/\\\/le.nomade.sylvainperrierfotografi.com\\\/?s={search_term_string}\"},\"query-input\":{\"@type\":\"PropertyValueSpecification\",\"valueRequired\":true,\"valueName\":\"search_term_string\"}}],\"inLanguage\":\"fr-FR\"},{\"@type\":[\"Person\",\"Organization\"],\"@id\":\"https:\\\/\\\/le.nomade.sylvainperrierfotografi.com\\\/#\\\/schema\\\/person\\\/422f9f9af75b66cb9416a7ef7bc22a92\",\"name\":\"nomade\",\"image\":{\"@type\":\"ImageObject\",\"inLanguage\":\"fr-FR\",\"@id\":\"https:\\\/\\\/i0.wp.com\\\/le.nomade.sylvainperrierfotografi.com\\\/wp-content\\\/uploads\\\/2024\\\/04\\\/cropped-Sylvain-Perrier-Photographie-roadtrip.jpg?fit=1056%2C348&ssl=1\",\"url\":\"https:\\\/\\\/i0.wp.com\\\/le.nomade.sylvainperrierfotografi.com\\\/wp-content\\\/uploads\\\/2024\\\/04\\\/cropped-Sylvain-Perrier-Photographie-roadtrip.jpg?fit=1056%2C348&ssl=1\",\"contentUrl\":\"https:\\\/\\\/i0.wp.com\\\/le.nomade.sylvainperrierfotografi.com\\\/wp-content\\\/uploads\\\/2024\\\/04\\\/cropped-Sylvain-Perrier-Photographie-roadtrip.jpg?fit=1056%2C348&ssl=1\",\"width\":1056,\"height\":348,\"caption\":\"nomade\"},\"logo\":{\"@id\":\"https:\\\/\\\/i0.wp.com\\\/le.nomade.sylvainperrierfotografi.com\\\/wp-content\\\/uploads\\\/2024\\\/04\\\/cropped-Sylvain-Perrier-Photographie-roadtrip.jpg?fit=1056%2C348&ssl=1\"},\"sameAs\":[\"https:\\\/\\\/le.nomade.sylvainperrierfotografi.com\",\"https:\\\/\\\/www.facebook.com\\\/SylvainPerrierFotografie\",\"https:\\\/\\\/www.instagram.com\\\/sylvainperrierfotografi\",\"https:\\\/\\\/www.pinterest.ca\\\/sylvain_perrier\",\"https:\\\/\\\/x.com\\\/sylvainxperrier\",\"https:\\\/\\\/www.youtube.com\\\/user\\\/lencadreursylvain\",\"https:\\\/\\\/www.tumblr.com\\\/blog\\\/sylvainperrierfotografi\"]}]}<\/script>\n<!-- \/ Yoast SEO plugin. -->","yoast_head_json":{"title":"La Beaut\u00e9 Nocturne Captur\u00e9e dans le Vieux Hull - Le Nomade","description":"La Beaut\u00e9 Nocturne Captur\u00e9e dans le Vieux Hull","robots":{"index":"index","follow":"follow","max-snippet":"max-snippet:-1","max-image-preview":"max-image-preview:large","max-video-preview":"max-video-preview:-1"},"canonical":"https:\/\/le.nomade.sylvainperrierfotografi.com\/fr\/la-beaute-nocturne-capturee-dans-le-vieux-hull\/","og_locale":"fr_FR","og_type":"article","og_title":"La Beaut\u00e9 Nocturne Captur\u00e9e dans le Vieux Hull - Le Nomade","og_description":"La Beaut\u00e9 Nocturne Captur\u00e9e dans le Vieux Hull","og_url":"https:\/\/le.nomade.sylvainperrierfotografi.com\/fr\/la-beaute-nocturne-capturee-dans-le-vieux-hull\/","og_site_name":"Le Nomade","article_publisher":"https:\/\/www.facebook.com\/SylvainPerrierFotografie","article_author":"https:\/\/www.facebook.com\/SylvainPerrierFotografie","article_published_time":"2024-06-22T21:26:09+00:00","article_modified_time":"2025-12-16T20:32:20+00:00","og_image":[{"width":1620,"height":1080,"url":"https:\/\/le.nomade.sylvainperrierfotografi.com\/wp-content\/uploads\/2024\/06\/La-Beaute-Nocturne-Capturee-dans-le-Vieux-Hull-12.jpg","type":"image\/jpeg"}],"author":"nomade","twitter_card":"summary_large_image","twitter_creator":"@sylvainxperrier","twitter_site":"@sylvainxperrier","twitter_misc":{"\u00c9crit par":"nomade","Dur\u00e9e de lecture estim\u00e9e":"5 minutes"},"schema":{"@context":"https:\/\/schema.org","@graph":[{"@type":"Article","@id":"https:\/\/le.nomade.sylvainperrierfotografi.com\/la-beaute-nocturne-capturee-dans-le-vieux-hull\/#article","isPartOf":{"@id":"https:\/\/le.nomade.sylvainperrierfotografi.com\/la-beaute-nocturne-capturee-dans-le-vieux-hull\/"},"author":{"name":"nomade","@id":"https:\/\/le.nomade.sylvainperrierfotografi.com\/#\/schema\/person\/422f9f9af75b66cb9416a7ef7bc22a92"},"headline":"La Beaut\u00e9 Nocturne Captur\u00e9e dans le Vieux Hull","datePublished":"2024-06-22T21:26:09+00:00","dateModified":"2025-12-16T20:32:20+00:00","mainEntityOfPage":{"@id":"https:\/\/le.nomade.sylvainperrierfotografi.com\/la-beaute-nocturne-capturee-dans-le-vieux-hull\/"},"wordCount":429,"publisher":{"@id":"https:\/\/le.nomade.sylvainperrierfotografi.com\/#\/schema\/person\/422f9f9af75b66cb9416a7ef7bc22a92"},"image":{"@id":"https:\/\/le.nomade.sylvainperrierfotografi.com\/la-beaute-nocturne-capturee-dans-le-vieux-hull\/#primaryimage"},"thumbnailUrl":"https:\/\/i0.wp.com\/le.nomade.sylvainperrierfotografi.com\/wp-content\/uploads\/2024\/06\/La-Beaute-Nocturne-Capturee-dans-le-Vieux-Hull-12.jpg?fit=1620%2C1080&ssl=1","articleSection":["Aventures Urbaines","Monuments et \u00c9difices"],"inLanguage":"fr-FR"},{"@type":"WebPage","@id":"https:\/\/le.nomade.sylvainperrierfotografi.com\/la-beaute-nocturne-capturee-dans-le-vieux-hull\/","url":"https:\/\/le.nomade.sylvainperrierfotografi.com\/la-beaute-nocturne-capturee-dans-le-vieux-hull\/","name":"La Beaut\u00e9 Nocturne Captur\u00e9e dans le Vieux Hull - Le Nomade","isPartOf":{"@id":"https:\/\/le.nomade.sylvainperrierfotografi.com\/#website"},"primaryImageOfPage":{"@id":"https:\/\/le.nomade.sylvainperrierfotografi.com\/la-beaute-nocturne-capturee-dans-le-vieux-hull\/#primaryimage"},"image":{"@id":"https:\/\/le.nomade.sylvainperrierfotografi.com\/la-beaute-nocturne-capturee-dans-le-vieux-hull\/#primaryimage"},"thumbnailUrl":"https:\/\/i0.wp.com\/le.nomade.sylvainperrierfotografi.com\/wp-content\/uploads\/2024\/06\/La-Beaute-Nocturne-Capturee-dans-le-Vieux-Hull-12.jpg?fit=1620%2C1080&ssl=1","datePublished":"2024-06-22T21:26:09+00:00","dateModified":"2025-12-16T20:32:20+00:00","description":"La Beaut\u00e9 Nocturne Captur\u00e9e dans le Vieux Hull","breadcrumb":{"@id":"https:\/\/le.nomade.sylvainperrierfotografi.com\/la-beaute-nocturne-capturee-dans-le-vieux-hull\/#breadcrumb"},"inLanguage":"fr-FR","potentialAction":[{"@type":"ReadAction","target":["https:\/\/le.nomade.sylvainperrierfotografi.com\/la-beaute-nocturne-capturee-dans-le-vieux-hull\/"]}]},{"@type":"ImageObject","inLanguage":"fr-FR","@id":"https:\/\/le.nomade.sylvainperrierfotografi.com\/la-beaute-nocturne-capturee-dans-le-vieux-hull\/#primaryimage","url":"https:\/\/i0.wp.com\/le.nomade.sylvainperrierfotografi.com\/wp-content\/uploads\/2024\/06\/La-Beaute-Nocturne-Capturee-dans-le-Vieux-Hull-12.jpg?fit=1620%2C1080&ssl=1","contentUrl":"https:\/\/i0.wp.com\/le.nomade.sylvainperrierfotografi.com\/wp-content\/uploads\/2024\/06\/La-Beaute-Nocturne-Capturee-dans-le-Vieux-Hull-12.jpg?fit=1620%2C1080&ssl=1","width":1620,"height":1080,"caption":"La Beaut\u00e9 Nocturne Captur\u00e9e dans le Vieux Hull"},{"@type":"BreadcrumbList","@id":"https:\/\/le.nomade.sylvainperrierfotografi.com\/la-beaute-nocturne-capturee-dans-le-vieux-hull\/#breadcrumb","itemListElement":[{"@type":"ListItem","position":1,"name":"Accueil","item":"https:\/\/le.nomade.sylvainperrierfotografi.com\/"},{"@type":"ListItem","position":2,"name":"La Beaut\u00e9 Nocturne Captur\u00e9e dans le Vieux Hull"}]},{"@type":"WebSite","@id":"https:\/\/le.nomade.sylvainperrierfotografi.com\/#website","url":"https:\/\/le.nomade.sylvainperrierfotografi.com\/","name":"Le Nomade Sylvain Perrier","description":"L\u00e0 o\u00f9 les images rencontrent les mots","publisher":{"@id":"https:\/\/le.nomade.sylvainperrierfotografi.com\/#\/schema\/person\/422f9f9af75b66cb9416a7ef7bc22a92"},"alternateName":"Sylvain Perrier","potentialAction":[{"@type":"SearchAction","target":{"@type":"EntryPoint","urlTemplate":"https:\/\/le.nomade.sylvainperrierfotografi.com\/?s={search_term_string}"},"query-input":{"@type":"PropertyValueSpecification","valueRequired":true,"valueName":"search_term_string"}}],"inLanguage":"fr-FR"},{"@type":["Person","Organization"],"@id":"https:\/\/le.nomade.sylvainperrierfotografi.com\/#\/schema\/person\/422f9f9af75b66cb9416a7ef7bc22a92","name":"nomade","image":{"@type":"ImageObject","inLanguage":"fr-FR","@id":"https:\/\/i0.wp.com\/le.nomade.sylvainperrierfotografi.com\/wp-content\/uploads\/2024\/04\/cropped-Sylvain-Perrier-Photographie-roadtrip.jpg?fit=1056%2C348&ssl=1","url":"https:\/\/i0.wp.com\/le.nomade.sylvainperrierfotografi.com\/wp-content\/uploads\/2024\/04\/cropped-Sylvain-Perrier-Photographie-roadtrip.jpg?fit=1056%2C348&ssl=1","contentUrl":"https:\/\/i0.wp.com\/le.nomade.sylvainperrierfotografi.com\/wp-content\/uploads\/2024\/04\/cropped-Sylvain-Perrier-Photographie-roadtrip.jpg?fit=1056%2C348&ssl=1","width":1056,"height":348,"caption":"nomade"},"logo":{"@id":"https:\/\/i0.wp.com\/le.nomade.sylvainperrierfotografi.com\/wp-content\/uploads\/2024\/04\/cropped-Sylvain-Perrier-Photographie-roadtrip.jpg?fit=1056%2C348&ssl=1"},"sameAs":["https:\/\/le.nomade.sylvainperrierfotografi.com","https:\/\/www.facebook.com\/SylvainPerrierFotografie","https:\/\/www.instagram.com\/sylvainperrierfotografi","https:\/\/www.pinterest.ca\/sylvain_perrier","https:\/\/x.com\/sylvainxperrier","https:\/\/www.youtube.com\/user\/lencadreursylvain","https:\/\/www.tumblr.com\/blog\/sylvainperrierfotografi"]}]}},"jetpack_publicize_connections":[],"jetpack_featured_media_url":"https:\/\/i0.wp.com\/le.nomade.sylvainperrierfotografi.com\/wp-content\/uploads\/2024\/06\/La-Beaute-Nocturne-Capturee-dans-le-Vieux-Hull-12.jpg?fit=1620%2C1080&ssl=1","jetpack-related-posts":[{"id":90,"url":"https:\/\/le.nomade.sylvainperrierfotografi.com\/fr\/les-ruines-des-rapides-deschenes\/","url_meta":{"origin":718,"position":0},"title":"Les ruines des rapides Desch\u00eanes","author":"nomade","date":"30 avril 2024","format":false,"excerpt":"Les ruines des rapides Desch\u00eanes, \u00e9mergeant des eaux tumultueuses de l\u2019Outaouais, t\u00e9moignent des origines de l'\u00e8re industrielle \u00e0 Desch\u00eanes. Ces vestiges, situ\u00e9s entre le secteur d\u2019Aylmer \u00e0 Gatineau et l\u2019ouest d\u2019Ottawa, marquent un site historique d'importance le long de la rivi\u00e8re des Outaouais. R\u00e9put\u00e9 pour \u00eatre le troisi\u00e8me portage, ou\u2026","rel":"","context":"Dans &quot;Paysages \u00c9poustouflants&quot;","block_context":{"text":"Paysages \u00c9poustouflants","link":"https:\/\/le.nomade.sylvainperrierfotografi.com\/fr\/category\/paysages-epoustouflants\/"},"img":{"alt_text":"Les ruines des rapides Desch\u00eanes","src":"https:\/\/i0.wp.com\/le.nomade.sylvainperrierfotografi.com\/wp-content\/uploads\/2024\/04\/Rapides-Deschenes.jpg?fit=1200%2C675&ssl=1&resize=350%2C200","width":350,"height":200,"srcset":"https:\/\/i0.wp.com\/le.nomade.sylvainperrierfotografi.com\/wp-content\/uploads\/2024\/04\/Rapides-Deschenes.jpg?fit=1200%2C675&ssl=1&resize=350%2C200 1x, https:\/\/i0.wp.com\/le.nomade.sylvainperrierfotografi.com\/wp-content\/uploads\/2024\/04\/Rapides-Deschenes.jpg?fit=1200%2C675&ssl=1&resize=525%2C300 1.5x, https:\/\/i0.wp.com\/le.nomade.sylvainperrierfotografi.com\/wp-content\/uploads\/2024\/04\/Rapides-Deschenes.jpg?fit=1200%2C675&ssl=1&resize=700%2C400 2x, https:\/\/i0.wp.com\/le.nomade.sylvainperrierfotografi.com\/wp-content\/uploads\/2024\/04\/Rapides-Deschenes.jpg?fit=1200%2C675&ssl=1&resize=1050%2C600 3x"},"classes":[]},{"id":169,"url":"https:\/\/le.nomade.sylvainperrierfotografi.com\/fr\/coucher-de-soleil-au-rapides-deschenes\/","url_meta":{"origin":718,"position":1},"title":"Coucher de soleil au Rapides-Desch\u00eanes","author":"nomade","date":"1 mai 2024","format":false,"excerpt":"Le coucher du soleil existe pour nous rappeler la beaut\u00e9 de la vie et la remercier pour un autre jour de v\u00e9cu. Coucher de soleil au Rapides-Desch\u00eanes \u00a0; il incarne un moment de contemplation profonde, o\u00f9 la nature d\u00e9voile toute sa splendeur dans une symphonie de couleurs \u00e9blouissantes. Nich\u00e9 dans\u2026","rel":"","context":"Dans &quot;Paysages \u00c9poustouflants&quot;","block_context":{"text":"Paysages \u00c9poustouflants","link":"https:\/\/le.nomade.sylvainperrierfotografi.com\/fr\/category\/paysages-epoustouflants\/"},"img":{"alt_text":"Coucher de soleil au Rapides-Desch\u00eanes","src":"https:\/\/i0.wp.com\/le.nomade.sylvainperrierfotografi.com\/wp-content\/uploads\/2024\/05\/Coucher-de-soleil-au-Rapides-Deschenes-5259-scaled-1.jpg?fit=1200%2C675&ssl=1&resize=350%2C200","width":350,"height":200,"srcset":"https:\/\/i0.wp.com\/le.nomade.sylvainperrierfotografi.com\/wp-content\/uploads\/2024\/05\/Coucher-de-soleil-au-Rapides-Deschenes-5259-scaled-1.jpg?fit=1200%2C675&ssl=1&resize=350%2C200 1x, https:\/\/i0.wp.com\/le.nomade.sylvainperrierfotografi.com\/wp-content\/uploads\/2024\/05\/Coucher-de-soleil-au-Rapides-Deschenes-5259-scaled-1.jpg?fit=1200%2C675&ssl=1&resize=525%2C300 1.5x, https:\/\/i0.wp.com\/le.nomade.sylvainperrierfotografi.com\/wp-content\/uploads\/2024\/05\/Coucher-de-soleil-au-Rapides-Deschenes-5259-scaled-1.jpg?fit=1200%2C675&ssl=1&resize=700%2C400 2x, https:\/\/i0.wp.com\/le.nomade.sylvainperrierfotografi.com\/wp-content\/uploads\/2024\/05\/Coucher-de-soleil-au-Rapides-Deschenes-5259-scaled-1.jpg?fit=1200%2C675&ssl=1&resize=1050%2C600 3x"},"classes":[]},{"id":99,"url":"https:\/\/le.nomade.sylvainperrierfotografi.com\/fr\/pont-couvert-du-ruisseau-meech\/","url_meta":{"origin":718,"position":2},"title":"Pont Couvert du Ruisseau Meech","author":"nomade","date":"30 avril 2024","format":false,"excerpt":"Outaouais\u00a0Chelsea (Farm-Point) : Pont Couvert du Ruisseau Meech Chelsea, situ\u00e9e dans le secteur de Farm-Point, est une communaut\u00e9 qui s'est d\u00e9velopp\u00e9e autour de la Vall\u00e9e du ruisseau Meech d\u00e8s la fin des ann\u00e9es 1820. Elle faisait partie int\u00e9grante de l'ancien canton de Hull. Son pont couvert embl\u00e9matique, d\u00e9sormais le symbole\u2026","rel":"","context":"Dans &quot;Monuments et \u00c9difices&quot;","block_context":{"text":"Monuments et \u00c9difices","link":"https:\/\/le.nomade.sylvainperrierfotografi.com\/fr\/category\/monuments-et-edifices\/"},"img":{"alt_text":"Pont Couvert du Ruisseau Meech","src":"https:\/\/i0.wp.com\/le.nomade.sylvainperrierfotografi.com\/wp-content\/uploads\/2024\/04\/Pont-Couvert-du-Ruisseau-Meech.jpg?fit=1200%2C800&ssl=1&resize=350%2C200","width":350,"height":200,"srcset":"https:\/\/i0.wp.com\/le.nomade.sylvainperrierfotografi.com\/wp-content\/uploads\/2024\/04\/Pont-Couvert-du-Ruisseau-Meech.jpg?fit=1200%2C800&ssl=1&resize=350%2C200 1x, https:\/\/i0.wp.com\/le.nomade.sylvainperrierfotografi.com\/wp-content\/uploads\/2024\/04\/Pont-Couvert-du-Ruisseau-Meech.jpg?fit=1200%2C800&ssl=1&resize=525%2C300 1.5x, https:\/\/i0.wp.com\/le.nomade.sylvainperrierfotografi.com\/wp-content\/uploads\/2024\/04\/Pont-Couvert-du-Ruisseau-Meech.jpg?fit=1200%2C800&ssl=1&resize=700%2C400 2x, https:\/\/i0.wp.com\/le.nomade.sylvainperrierfotografi.com\/wp-content\/uploads\/2024\/04\/Pont-Couvert-du-Ruisseau-Meech.jpg?fit=1200%2C800&ssl=1&resize=1050%2C600 3x"},"classes":[]},{"id":234,"url":"https:\/\/le.nomade.sylvainperrierfotografi.com\/fr\/couchers-de-soleil-en-outaouais\/","url_meta":{"origin":718,"position":3},"title":"Couchers de Soleil en Outaouais","author":"nomade","date":"1 mai 2024","format":false,"excerpt":"Chaque soir, la nature s'appr\u00eate \u00e0 jouer son acte le plus captivant. Que ce soit \u00e0 la Marina d'Aylmer ou dans les r\u00e9gions recul\u00e9es du Pontiac, le ciel se pare de teintes \u00e9carlates, dor\u00e9es et pourpres, transformant l'horizon en un tableau vivant. Les derniers rayons du soleil se refl\u00e8tent sur\u2026","rel":"","context":"Dans &quot;Paysages \u00c9poustouflants&quot;","block_context":{"text":"Paysages \u00c9poustouflants","link":"https:\/\/le.nomade.sylvainperrierfotografi.com\/fr\/category\/paysages-epoustouflants\/"},"img":{"alt_text":"Couchers de Soleil en Outaouais","src":"https:\/\/i0.wp.com\/le.nomade.sylvainperrierfotografi.com\/wp-content\/uploads\/2024\/05\/Les-Couchers-de-Soleil-de-lOutaouais-2-3.jpg?fit=1200%2C800&ssl=1&resize=350%2C200","width":350,"height":200,"srcset":"https:\/\/i0.wp.com\/le.nomade.sylvainperrierfotografi.com\/wp-content\/uploads\/2024\/05\/Les-Couchers-de-Soleil-de-lOutaouais-2-3.jpg?fit=1200%2C800&ssl=1&resize=350%2C200 1x, https:\/\/i0.wp.com\/le.nomade.sylvainperrierfotografi.com\/wp-content\/uploads\/2024\/05\/Les-Couchers-de-Soleil-de-lOutaouais-2-3.jpg?fit=1200%2C800&ssl=1&resize=525%2C300 1.5x, https:\/\/i0.wp.com\/le.nomade.sylvainperrierfotografi.com\/wp-content\/uploads\/2024\/05\/Les-Couchers-de-Soleil-de-lOutaouais-2-3.jpg?fit=1200%2C800&ssl=1&resize=700%2C400 2x, https:\/\/i0.wp.com\/le.nomade.sylvainperrierfotografi.com\/wp-content\/uploads\/2024\/05\/Les-Couchers-de-Soleil-de-lOutaouais-2-3.jpg?fit=1200%2C800&ssl=1&resize=1050%2C600 3x"},"classes":[]},{"id":51,"url":"https:\/\/le.nomade.sylvainperrierfotografi.com\/fr\/cuba-les-portes-de-havane\/","url_meta":{"origin":718,"position":4},"title":"Cuba &#8211; Les portes de Havane","author":"nomade","date":"30 avril 2024","format":false,"excerpt":"Cuba- Les Portes de la Havane s'ouvre \u00e0 vous. La capitale cubaine de La Havane est une ville vibrante et riche en culture avec une histoire fascinante datant du 16e si\u00e8cle. Bord\u00e9 de rues pav\u00e9es, d\u2019une architecture pittoresque et de voitures am\u00e9ricaines classiques, vous vous sentirez transport\u00e9 dans le pass\u00e9\u2026","rel":"","context":"Dans &quot;Aventures Urbaines&quot;","block_context":{"text":"Aventures Urbaines","link":"https:\/\/le.nomade.sylvainperrierfotografi.com\/fr\/category\/aventures-urbaines\/"},"img":{"alt_text":"Cuba - Les portes de Havane","src":"https:\/\/i0.wp.com\/le.nomade.sylvainperrierfotografi.com\/wp-content\/uploads\/2024\/04\/Cuba-porte-1.jpg?fit=800%2C1200&ssl=1&resize=350%2C200","width":350,"height":200,"srcset":"https:\/\/i0.wp.com\/le.nomade.sylvainperrierfotografi.com\/wp-content\/uploads\/2024\/04\/Cuba-porte-1.jpg?fit=800%2C1200&ssl=1&resize=350%2C200 1x, https:\/\/i0.wp.com\/le.nomade.sylvainperrierfotografi.com\/wp-content\/uploads\/2024\/04\/Cuba-porte-1.jpg?fit=800%2C1200&ssl=1&resize=525%2C300 1.5x, https:\/\/i0.wp.com\/le.nomade.sylvainperrierfotografi.com\/wp-content\/uploads\/2024\/04\/Cuba-porte-1.jpg?fit=800%2C1200&ssl=1&resize=700%2C400 2x"},"classes":[]},{"id":216,"url":"https:\/\/le.nomade.sylvainperrierfotografi.com\/fr\/journee-sereine-a-la-marina-daylmer\/","url_meta":{"origin":718,"position":5},"title":"Journ\u00e9e Sereine \u00e0 la Marina d\u2019Aylmer","author":"nomade","date":"1 mai 2024","format":false,"excerpt":"La photographie, c'est capturer l'\u00e2me d'un instant \u00e9ph\u00e9m\u00e8re. Chaque image est une histoire silencieuse, racont\u00e9e par la lumi\u00e8re. Une Journ\u00e9e Sereine \u00e0 la Marina d\u2019Aylmer : Une \u00e9chapp\u00e9e pittoresque dans la qui\u00e9tude du matin Par une matin\u00e9e ensoleill\u00e9e, sous un ciel azur\u00e9 orn\u00e9 de quelques nuages \u00e9pars, je me suis\u2026","rel":"","context":"Dans &quot;Paysages \u00c9poustouflants&quot;","block_context":{"text":"Paysages \u00c9poustouflants","link":"https:\/\/le.nomade.sylvainperrierfotografi.com\/fr\/category\/paysages-epoustouflants\/"},"img":{"alt_text":"","src":"https:\/\/i0.wp.com\/le.nomade.sylvainperrierfotografi.com\/wp-content\/uploads\/2024\/05\/P__4634.jpg?fit=1200%2C675&ssl=1&resize=350%2C200","width":350,"height":200,"srcset":"https:\/\/i0.wp.com\/le.nomade.sylvainperrierfotografi.com\/wp-content\/uploads\/2024\/05\/P__4634.jpg?fit=1200%2C675&ssl=1&resize=350%2C200 1x, https:\/\/i0.wp.com\/le.nomade.sylvainperrierfotografi.com\/wp-content\/uploads\/2024\/05\/P__4634.jpg?fit=1200%2C675&ssl=1&resize=525%2C300 1.5x, https:\/\/i0.wp.com\/le.nomade.sylvainperrierfotografi.com\/wp-content\/uploads\/2024\/05\/P__4634.jpg?fit=1200%2C675&ssl=1&resize=700%2C400 2x, https:\/\/i0.wp.com\/le.nomade.sylvainperrierfotografi.com\/wp-content\/uploads\/2024\/05\/P__4634.jpg?fit=1200%2C675&ssl=1&resize=1050%2C600 3x"},"classes":[]}],"jetpack_sharing_enabled":true,"_links":{"self":[{"href":"https:\/\/le.nomade.sylvainperrierfotografi.com\/fr\/wp-json\/wp\/v2\/posts\/718","targetHints":{"allow":["GET"]}}],"collection":[{"href":"https:\/\/le.nomade.sylvainperrierfotografi.com\/fr\/wp-json\/wp\/v2\/posts"}],"about":[{"href":"https:\/\/le.nomade.sylvainperrierfotografi.com\/fr\/wp-json\/wp\/v2\/types\/post"}],"author":[{"embeddable":true,"href":"https:\/\/le.nomade.sylvainperrierfotografi.com\/fr\/wp-json\/wp\/v2\/users\/1"}],"replies":[{"embeddable":true,"href":"https:\/\/le.nomade.sylvainperrierfotografi.com\/fr\/wp-json\/wp\/v2\/comments?post=718"}],"version-history":[{"count":5,"href":"https:\/\/le.nomade.sylvainperrierfotografi.com\/fr\/wp-json\/wp\/v2\/posts\/718\/revisions"}],"predecessor-version":[{"id":772,"href":"https:\/\/le.nomade.sylvainperrierfotografi.com\/fr\/wp-json\/wp\/v2\/posts\/718\/revisions\/772"}],"wp:featuredmedia":[{"embeddable":true,"href":"https:\/\/le.nomade.sylvainperrierfotografi.com\/fr\/wp-json\/wp\/v2\/media\/731"}],"wp:attachment":[{"href":"https:\/\/le.nomade.sylvainperrierfotografi.com\/fr\/wp-json\/wp\/v2\/media?parent=718"}],"wp:term":[{"taxonomy":"category","embeddable":true,"href":"https:\/\/le.nomade.sylvainperrierfotografi.com\/fr\/wp-json\/wp\/v2\/categories?post=718"},{"taxonomy":"post_tag","embeddable":true,"href":"https:\/\/le.nomade.sylvainperrierfotografi.com\/fr\/wp-json\/wp\/v2\/tags?post=718"}],"curies":[{"name":"wp","href":"https:\/\/api.w.org\/{rel}","templated":true}]}}